{"id":103168,"date":"2025-11-29T13:02:12","date_gmt":"2025-11-29T13:02:12","guid":{"rendered":"https:\/\/www.europesays.com\/fi\/103168\/"},"modified":"2025-11-29T13:02:12","modified_gmt":"2025-11-29T13:02:12","slug":"hah-suomalaisjulkkis-sai-oman-ruotsin-risteilyn-como-fi","status":"publish","type":"post","link":"https:\/\/www.europesays.com\/fi\/103168\/","title":{"rendered":"H\u00e4h? Suomalaisjulkkis sai oman Ruotsin-risteilyn! &#8211; Como.fi"},"content":{"rendered":"<ol>\n<li><a href=\"https:\/\/news.google.com\/rss\/articles\/CBMiggFBVV95cUxPYk8zTy11RUdSV00yRGJJaXliUGFoZm4yYTE2bzNwbEs0eDlhSjJ6YkQxem5zODBnWkNwVmxpQ1BXamJ0eUI0MlVDeENjUjN5N2I2UkRiaVNvRFJ1RkR2dFVOOGs2UWR5MjJQZFJLb2dhZXMwQkk4Y25OUU9uOTBsanF3?oc=5\" target=\"_blank\" rel=\"nofollow noopener\">H\u00e4h? Suomalaisjulkkis sai oman Ruotsin-risteilyn!<\/a>&nbsp;&nbsp;Como.fi<\/li>\n<li><a href=\"https:\/\/news.google.com\/rss\/articles\/CBMigwFBVV95cUxPTk9JMC0xamZNMkx2ZjQzMXFiRzJPd1d1QzZBVzNtMHlxOC1tdm45alY3cFJ0VXpLREltbGJha2ZyS1ExYzVKRnhHd0dubHdtcUxmX0xSdVJ2am42Mi1zLXF5Z0wzQ183elg4TG5ta3ZJMWZMb0s5djZLd2JPWjdTNVZ2RQ?oc=5\" target=\"_blank\" rel=\"nofollow noopener\">Kansa raivostui Niko Saarisen risteilyhinnoista \u2013 N\u00e4in h\u00e4n kommentoi<\/a>&nbsp;&nbsp;Iltalehti<\/li>\n<li><a href=\"https:\/\/news.google.com\/rss\/articles\/CBMiW0FVX3lxTE1ELXFNa0RnNDVUYTNkSm02TERQY0o3b3JyV0x3bS1DeTBHcUU4LVhFRTZhYzYyZm8zUFUtUjZzbC1fcmMxWmQ3Y2pPdE5VOFQ2cGlqWkg3SGVrZEU?oc=5\" target=\"_blank\" rel=\"nofollow noopener\">Niko Saarisen luotsaaman risteilyn hinnoista nousi metakka \u2013 \u201dAivan j\u00e4rjet\u00f6nt\u00e4\u201d<\/a>&nbsp;&nbsp;Ilta-Sanomat<\/li>\n<li><a href=\"https:\/\/news.google.com\/rss\/articles\/CBMidEFVX3lxTE1NRWttWTh3V2Y2OWNXVmpmRE1VZlRGY2l0NXlaR2xZZTA2WlJ6LTBZRVFzVEpWaTFGQXZuTUNnYXhRZDU0VjdVcmFYVjhKSTVMTUZQRVliVnNVa21hZkh3dVl5YjR3SXRraGZXc1ZYZDFzWFBZ?oc=5\" target=\"_blank\" rel=\"nofollow noopener\">Niko Saariselta j\u00e4ttiuutinen!<\/a>&nbsp;&nbsp;Seiska.fi<\/li>\n<li><a href=\"https:\/\/news.google.com\/rss\/articles\/CBMiT0FVX3lxTE9SeHZCQVFUTUN1U3ByZU1vVkQ1NkFnSzlUbmJBUkljMVhGVGl4S3pZb0p3dldTaGstblFwQ3Z4S0lTcEVWUGUtODA1WTdLVEU?oc=5\" target=\"_blank\" rel=\"nofollow noopener\">Niko Saariselta iso uutinen!<\/a>&nbsp;&nbsp;Hymy<\/li>\n<\/ol>\n","protected":false},"excerpt":{"rendered":"H\u00e4h? Suomalaisjulkkis sai oman Ruotsin-risteilyn!&nbsp;&nbsp;Como.fi Kansa raivostui Niko Saarisen risteilyhinnoista \u2013 N\u00e4in h\u00e4n kommentoi&nbsp;&nbsp;Iltalehti Niko Saarisen luotsaaman risteilyn&hellip;\n","protected":false},"author":2,"featured_media":103169,"comment_status":"","ping_status":"","sticky":false,"template":"","format":"standard","meta":{"footnotes":""},"categories":[130],"tags":[137,33,31,30,32,109],"class_list":{"0":"post-103168","1":"post","2":"type-post","3":"status-publish","4":"format-standard","5":"has-post-thumbnail","7":"category-viihde","8":"tag-entertainment","9":"tag-fi","10":"tag-finland","11":"tag-finnish","12":"tag-suomi","13":"tag-viihde"},"share_on_mastodon":{"url":"https:\/\/pubeurope.com\/@fi\/115633123659326285","error":""},"_links":{"self":[{"href":"https:\/\/www.europesays.com\/fi\/wp-json\/wp\/v2\/posts\/103168","targetHints":{"allow":["GET"]}}],"collection":[{"href":"https:\/\/www.europesays.com\/fi\/wp-json\/wp\/v2\/posts"}],"about":[{"href":"https:\/\/www.europesays.com\/fi\/wp-json\/wp\/v2\/types\/post"}],"author":[{"embeddable":true,"href":"https:\/\/www.europesays.com\/fi\/wp-json\/wp\/v2\/users\/2"}],"replies":[{"embeddable":true,"href":"https:\/\/www.europesays.com\/fi\/wp-json\/wp\/v2\/comments?post=103168"}],"version-history":[{"count":0,"href":"https:\/\/www.europesays.com\/fi\/wp-json\/wp\/v2\/posts\/103168\/revisions"}],"wp:featuredmedia":[{"embeddable":true,"href":"https:\/\/www.europesays.com\/fi\/wp-json\/wp\/v2\/media\/103169"}],"wp:attachment":[{"href":"https:\/\/www.europesays.com\/fi\/wp-json\/wp\/v2\/media?parent=103168"}],"wp:term":[{"taxonomy":"category","embeddable":true,"href":"https:\/\/www.europesays.com\/fi\/wp-json\/wp\/v2\/categories?post=103168"},{"taxonomy":"post_tag","embeddable":true,"href":"https:\/\/www.europesays.com\/fi\/wp-json\/wp\/v2\/tags?post=103168"}],"curies":[{"name":"wp","href":"https:\/\/api.w.org\/{rel}","templated":true}]}}