{"id":103203,"date":"2025-11-29T13:58:08","date_gmt":"2025-11-29T13:58:08","guid":{"rendered":"https:\/\/www.europesays.com\/fi\/103203\/"},"modified":"2025-11-29T13:58:08","modified_gmt":"2025-11-29T13:58:08","slug":"ukrainan-delegaatio-matkalla-yhdysvaltoihin-keskustelemaan-sodan-paattamisesta-uutissuomalainen","status":"publish","type":"post","link":"https:\/\/www.europesays.com\/fi\/103203\/","title":{"rendered":"Ukrainan delegaatio matkalla Yhdysvaltoihin keskustelemaan sodan p\u00e4\u00e4tt\u00e4misest\u00e4 | Uutissuomalainen"},"content":{"rendered":"<p>Ukrainan neuvottelijoita on matkalla Yhdysvaltoihin keskustelemaan mahdollisesta rauhansopimuksesta. Ukrainan presidentti Volodymyr Zelenskyi kertoo viestipalvelu <a href=\"https:\/\/x.com\/ZelenskyyUa\/status\/1994722242039615826\" rel=\"nofollow\">X:ss\u00e4<\/a>, ett\u00e4 neuvottelujen tavoitteena on sopia askelmerkeist\u00e4 sodan p\u00e4\u00e4tt\u00e4miseksi.<\/p>\n<p>\u2013\u2009Ukraina jatkaa yhteisty\u00f6t\u00e4 Yhdysvaltojen kanssa mahdollisimman rakentavalla tavalla. Oletamme, ett\u00e4 Geneven tapaamisessa sovitut asiat ratkaistaan nyt, sanoi Zelenskyi.<\/p>\n<p>Ukrainalaisten on m\u00e4\u00e4r\u00e4 tavata Yhdysvaltojen erityisl\u00e4hettil\u00e4s Steve Witkoff ja presidentti Donald Trumpin v\u00e4vy Jared Kushner <a href=\"https:\/\/www.politico.eu\/article\/ukraine-volodymyr-zelenskyy-rustem-umerov-officials-fly-to-us-for-peace-talks\/?utm_source=email&amp;utm_medium=alert&amp;utm_campaign=Top%20Ukraine%20officials%20head%20to%20US%20for%20more%20peace%20talks\" rel=\"nofollow noopener\" target=\"_blank\">Floridassa<\/a>.<\/p>\n<p>Witkoff on ensi viikolla matkustamassa Moskovaan. Lehtitietojen mukaan Yhdysvallat on aikeissa tunnustaa Ven\u00e4j\u00e4n hallitsevan Krimin niemimaata ja muita miehitt\u00e4mi\u00e4\u00e4n alueita Ukrainassa saadakseen rauhansopimuksen aikaan.<\/p>\n<p>\t\t\t\tY\u00f6ll\u00e4 iskuja Kiovaan<\/p>\n<p>Ven\u00e4j\u00e4n y\u00f6ll\u00e4 Ukrainaan tekemiss\u00e4 iskuissa kuoli ainakin yksi ihminen. Lis\u00e4ksi ainakin seitsem\u00e4n ihmist\u00e4 loukkaantui, kertovat paikallisviranomaiset. Loukkaantuneiden joukossa on yksi lapsi.<\/p>\n<p>Ven\u00e4j\u00e4 iski Ukrainan p\u00e4\u00e4kaupunkiin Kiovaan lauantain vastaisena y\u00f6n\u00e4.<\/p>\n<p>Ukrainan energiaministeri\u00f6n mukaan iskut ovat katkaisseet s\u00e4hk\u00f6n yli 600\u2009000 ihmiselt\u00e4. Ministeri\u00f6n mukaan Kiovassa s\u00e4hk\u00f6t ovat poikki yli puolelta miljoonalta ihmiselt\u00e4.<\/p>\n<p>Uutistoimisto AFP:n toimittajien mukaan Kiovassa kuului puoleny\u00f6n aikoihin voimakkaita r\u00e4j\u00e4hdyksi\u00e4.<\/p>\n<p>Kiovan sotilasviranomaiset kertoivat kaupungin yll\u00e4 olleen Ven\u00e4j\u00e4n lennokkeja ja ilmatorjunnan vastaavan uhkaan.<\/p>\n<p>\t\t\t\tViikon aikana useita kuollut<\/p>\n<p>Kaupungin pormestari Vitali Klitshko kehotti ihmisi\u00e4 pysym\u00e4\u00e4n suojissa hy\u00f6kk\u00e4yksen aikana. H\u00e4nen mukaansa asuinrakennuksia ja autoja vaurioitui useissa osissa kaupunkia.<\/p>\n<p>Kiovan alueen kuvern\u00f6\u00f6rin mukaan Ven\u00e4j\u00e4 on tehnyt iskuja my\u00f6s ainakin Brovaryn kaupungissa.<\/p>\n<p>Aiemmin t\u00e4ll\u00e4 viikolla Ven\u00e4j\u00e4 iski Kiovaan lennokein ja ohjuksin. Viranomaiset kertoivat tuolloin, ett\u00e4 seitsem\u00e4n ihmist\u00e4 sai surmansa iskuissa.<\/p>\n<p>Ven\u00e4j\u00e4 aloitti laajamittaisen hy\u00f6kk\u00e4yssotansa Ukrainassa vuoden 2022 helmikuussa.<\/p>\n","protected":false},"excerpt":{"rendered":"Ukrainan neuvottelijoita on matkalla Yhdysvaltoihin keskustelemaan mahdollisesta rauhansopimuksesta. Ukrainan presidentti Volodymyr Zelenskyi kertoo viestipalvelu X:ss\u00e4, ett\u00e4 neuvottelujen tavoitteena&hellip;\n","protected":false},"author":2,"featured_media":103204,"comment_status":"","ping_status":"","sticky":false,"template":"","format":"standard","meta":{"footnotes":""},"categories":[14],"tags":[22,23,26,27,33,31,30,17,3488,2593,683,24,25,28,29,2325,15,18,21,637,144,32,19,20,549,56,16,59,60,61],"class_list":{"0":"post-103203","1":"post","2":"type-post","3":"status-publish","4":"format-standard","5":"has-post-thumbnail","7":"category-ulkomaat","8":"tag-breaking-news","9":"tag-breakingnews","10":"tag-featured-news","11":"tag-featurednews","12":"tag-fi","13":"tag-finland","14":"tag-finnish","15":"tag-headlines","16":"tag-kiova","17":"tag-krim","18":"tag-kuolema","19":"tag-latest-news","20":"tag-latestnews","21":"tag-main-news","22":"tag-mainnews","23":"tag-moskova-venaja","24":"tag-news","25":"tag-otsikot","26":"tag-paauutiset","27":"tag-politiikka","28":"tag-presidentti","29":"tag-suomi","30":"tag-top-stories","31":"tag-topstories","32":"tag-ukrainan-sota","33":"tag-ulkomaat","34":"tag-uutiset","35":"tag-world","36":"tag-world-news","37":"tag-worldnews"},"share_on_mastodon":{"url":"https:\/\/pubeurope.com\/@fi\/115633344140630663","error":""},"_links":{"self":[{"href":"https:\/\/www.europesays.com\/fi\/wp-json\/wp\/v2\/posts\/103203","targetHints":{"allow":["GET"]}}],"collection":[{"href":"https:\/\/www.europesays.com\/fi\/wp-json\/wp\/v2\/posts"}],"about":[{"href":"https:\/\/www.europesays.com\/fi\/wp-json\/wp\/v2\/types\/post"}],"author":[{"embeddable":true,"href":"https:\/\/www.europesays.com\/fi\/wp-json\/wp\/v2\/users\/2"}],"replies":[{"embeddable":true,"href":"https:\/\/www.europesays.com\/fi\/wp-json\/wp\/v2\/comments?post=103203"}],"version-history":[{"count":0,"href":"https:\/\/www.europesays.com\/fi\/wp-json\/wp\/v2\/posts\/103203\/revisions"}],"wp:featuredmedia":[{"embeddable":true,"href":"https:\/\/www.europesays.com\/fi\/wp-json\/wp\/v2\/media\/103204"}],"wp:attachment":[{"href":"https:\/\/www.europesays.com\/fi\/wp-json\/wp\/v2\/media?parent=103203"}],"wp:term":[{"taxonomy":"category","embeddable":true,"href":"https:\/\/www.europesays.com\/fi\/wp-json\/wp\/v2\/categories?post=103203"},{"taxonomy":"post_tag","embeddable":true,"href":"https:\/\/www.europesays.com\/fi\/wp-json\/wp\/v2\/tags?post=103203"}],"curies":[{"name":"wp","href":"https:\/\/api.w.org\/{rel}","templated":true}]}}