{"id":103211,"date":"2025-11-29T14:12:13","date_gmt":"2025-11-29T14:12:13","guid":{"rendered":"https:\/\/www.europesays.com\/fi\/103211\/"},"modified":"2025-11-29T14:12:13","modified_gmt":"2025-11-29T14:12:13","slug":"emil-liekari-soitti-suutaan-distanssimiehille","status":"publish","type":"post","link":"https:\/\/www.europesays.com\/fi\/103211\/","title":{"rendered":"Emil Liekari soitti suutaan distanssimiehille"},"content":{"rendered":"<p>Emil Liekari ja Ristomatti Hakola ovat kamppailu-urheilun yst\u00e4vi\u00e4 ja harrastajia. Liekari on my\u00f6s kova pieks\u00e4m\u00e4\u00e4n suutaan.<\/p>\n<p class=\"article-body mb-nof-24 px-nof-16\">Kuusamo<\/p>\n<p class=\"article-body mb-nof-24 px-nof-16\">Sprinttihiiht\u00e4j\u00e4 <a class=\"article-personlink\" href=\"https:\/\/www.is.fi\/haku\/?query=Emil%20Liekari\" rel=\"nofollow noopener\" target=\"_blank\">Emil Liekari<\/a>, 24, kaipaa lis\u00e4\u00e4 vastakkainasettelua Suomen maajoukkuemiesten v\u00e4lille.<\/p>\n<p class=\"article-body mb-nof-24 px-nof-16\">Liekari otti h\u00e4rk\u00e4\u00e4 sarvista ja aloitti suunsoiton lauantaina Rukalla, kun puheeksi tuli, miten kimurantteja Milano-Cortinan olympiavalinnoista on tulossa.<\/p>\n<p class=\"article-body mb-nof-24 px-nof-16\">\u2013 Olen yritt\u00e4nyt vaalia vastakkainasettelua sprinttereiden ja distanssimiesten kesken, jotta saataisiin nokankoputtelua treeneihin. Olisi ihan hauska katsoa, kuka on kukakin.<\/p>\n<p class=\"article-body mb-nof-24 px-nof-16\">Suomen mieshiiht\u00e4jill\u00e4 on olympialaisiin seitsem\u00e4n edustuspaikkaa.<a class=\"article-personlink\" href=\"https:\/\/www.is.fi\/haku\/?query=%20Iivo%20Niskanen\" rel=\"nofollow noopener\" target=\"_blank\"> Iivo Niskanen <\/a>ja <a class=\"article-personlink\" href=\"https:\/\/www.is.fi\/haku\/?query=Lauri%20Vuorinen\" rel=\"nofollow noopener\" target=\"_blank\">Lauri Vuorinen <\/a>on jo valittu, mutta lopuista paikoista k\u00e4yd\u00e4\u00e4n julmaa tuolileikki\u00e4.<\/p>\n<p class=\"article-body mb-nof-24 px-nof-16\">On selv\u00e4\u00e4, ett\u00e4 joku pettyy.<\/p>\n<p class=\"article-body mb-nof-24 px-nof-16\">\u2013 Yleishiiht\u00e4j\u00e4t ja distanssimiehet valitaan varmaan ensimm\u00e4isen\u00e4. Sprinttereiden voi olla vaikeampaa p\u00e4\u00e4st\u00e4, Liekari arvioi.<\/p>\n<p class=\"article-body mb-nof-24 px-nof-16\">T\u00e4ksi kaudeksi A-maajoukkueeseen noussut Liekari kertoi \u201daukoneensa p\u00e4\u00e4t\u00e4\u00e4n\u201d normaalimatkan suomalaishiiht\u00e4jille pitkin kes\u00e4\u00e4 ja syksy\u00e4. Sanaseppo ep\u00e4ili, ett\u00e4 he ovat ottaneet itseens\u00e4.<\/p>\n<p class=\"article-body mb-nof-24 px-nof-16\">\u2013 Nytkin tekisi mieli jatkaa.<\/p>\n<p class=\"article-body mb-nof-24 px-nof-16\">Liekaria kannustettiin jatkamaan.<\/p>\n<p class=\"article-body mb-nof-24 px-nof-16\">\u2013 He voisivat katsoa peiliin, ett\u00e4 miss\u00e4 oikein heiluvat, Liekari kihautti k\u00e4skyst\u00e4.<\/p>\n<p><img decoding=\"async\" src=\"https:\/\/www.europesays.com\/fi\/wp-content\/uploads\/2025\/11\/1764425532_273_468.jpg\" alt=\"Emil Liekari on ilopilleri.\" class=\"_Img_1rerz_1\" style=\"aspect-ratio:1.4988290398126465\" loading=\"eager\"\/><\/p>\n<p class=\"article-picture-caption\">Emil Liekari on ilopilleri. Kuva:\u00a0Vesa Moilanen \/ Lehtikuva<\/p>\n<p class=\"article-body mb-nof-24 px-nof-16\">Liekari kertoo viihtyneens\u00e4 maajoukkueessa erinomaisesti ja kehuu miesten yhteishenke\u00e4. Kuittailu onkin hyv\u00e4henkist\u00e4.<\/p>\n<p class=\"article-body mb-nof-24 px-nof-16\">\u2013 En tykk\u00e4\u00e4 tuppisuista yht\u00e4\u00e4n. Jotain v\u00e4ri\u00e4 pit\u00e4\u00e4 olla. Suomi on t\u00e4ynn\u00e4 harmautta, niin pit\u00e4\u00e4 t\u00e4\u00e4ll\u00e4 yksi v\u00e4h\u00e4n v\u00e4rikk\u00e4\u00e4mpikin persoona olla.<\/p>\n<p class=\"article-body mb-nof-24 px-nof-16\">Liekarin verbaalisen raipan kohteeksi valikoitui lauantaina <a class=\"article-personlink\" href=\"https:\/\/www.is.fi\/haku\/?query=Ristomatti%20Hakola\" rel=\"nofollow noopener\" target=\"_blank\">Ristomatti Hakola<\/a>, joka on h\u00e4nen mukaansa sprinttimiesten ja distanssihiiht\u00e4jien \u201dv\u00e4liss\u00e4\u201d.<\/p>\n<p class=\"article-body mb-nof-24 px-nof-16\">\u2013 Ei se tied\u00e4, mihin se haluaisi menn\u00e4. V\u00e4lill\u00e4 se on meid\u00e4n kaveri ja v\u00e4lill\u00e4 se aukoo p\u00e4\u00e4t\u00e4\u00e4n. Sitten se taas tulee halailemaan.<\/p>\n<p class=\"article-body mb-nof-24 px-nof-16\">Liekarin mukaan alkukes\u00e4st\u00e4 vaikutti silt\u00e4, ett\u00e4 Hakola olisi kallistumassa sprinttereiden porukkaan.<\/p>\n<p class=\"article-body mb-nof-24 px-nof-16\">\u2013 Mutta syksyll\u00e4 se vain hiihteli kahdestaan \u201dPeran\u201d (<a class=\"article-personlink\" href=\"https:\/\/www.is.fi\/haku\/?query=Perttu%20Hyv%C3%A4rinen\" rel=\"nofollow noopener\" target=\"_blank\">Perttu Hyv\u00e4rinen<\/a>) kanssa.<\/p>\n<p class=\"article-body mb-nof-24 px-nof-16\">Tilanne on \u00e4itynyt jopa painiksi, Liekari tunnustaa.<\/p>\n<p class=\"article-body mb-nof-24 px-nof-16\">\u2013 Ramsaussa otettiin yhteen. Seurataan Risen kanssa tiukasti kamppailu-urheilua, niin sitten on v\u00e4h\u00e4n varjonyrkkeilty, painittu sun muuta.<\/p>\n<p class=\"article-body mb-nof-24 px-nof-16\">Liekari ei paljastanut, kumpi oli niskan p\u00e4\u00e4ll\u00e4 ilmeisen leikkimielisess\u00e4 nahistelussa. H\u00e4n kertoo olevansa Hakolaa parempi pystyottelussa.<\/p>\n<p class=\"article-body mb-nof-24 px-nof-16\">\u2013 Rise ilmoitti syksyll\u00e4, ett\u00e4 se vaihtaa ensi vuodeksi seuraa Espoon Keh\u00e4haihin. Pit\u00e4\u00e4 menn\u00e4 katsomaan, jos se ottelisi.<\/p>\n<p><img decoding=\"async\" src=\"https:\/\/www.europesays.com\/fi\/wp-content\/uploads\/2025\/11\/1764425532_964_468.jpg\" alt=\"Ristomatti Hakola (oik.) karsiutui niukasti Rukan sprintin v\u00e4lierist\u00e4.\" class=\"_Img_1rerz_1\" style=\"aspect-ratio:1.5\" loading=\"eager\"\/><\/p>\n<p class=\"article-picture-caption\">Ristomatti Hakola (oik.) karsiutui niukasti Rukan sprintin v\u00e4lierist\u00e4. Kuva:\u00a0Juhani Niiranen \/ HS<\/p>\n<p class=\"article-body mb-nof-24 px-nof-16\">Liekari koki antaneensa hyv\u00e4n olympian\u00e4yt\u00f6n lauantain perinteisen sprintiss\u00e4. H\u00e4n oli aika-ajon toinen ja voitti alkuer\u00e4ns\u00e4 miltei dominantin esityksen j\u00e4lkeen.<\/p>\n<p class=\"article-body mb-nof-24 px-nof-16\">V\u00e4sy iski semifinaalissa, jossa h\u00e4n j\u00e4i viimeiseksi. Loppusija oli 11:s.<\/p>\n<p class=\"article-body mb-nof-24 px-nof-16\">\u2013 Alkuer\u00e4 oli hyv\u00e4, ja siin\u00e4 hiihdettiin aika kovaa. Tuntui, ett\u00e4 sain itsest\u00e4ni hyvin irti. En vain ehtinyt palautua tarpeeksi v\u00e4lier\u00e4\u00e4n. Fyysiset rajat tulivat vastaan m\u00e4en p\u00e4\u00e4lle.<\/p>\n<p class=\"article-body mb-nof-24 px-nof-16\">\u2013 Olen silti tyytyv\u00e4inen, koska alkukausi on ollut vaikea.<\/p>\n<p><img decoding=\"async\" src=\"https:\/\/www.europesays.com\/fi\/wp-content\/uploads\/2025\/11\/1764425533_968_468.jpg\" alt=\"\" class=\"_Img_1rerz_1\" style=\"aspect-ratio:1.5\" loading=\"eager\"\/><\/p>\n<p class=\"article-picture-caption\">Kuva:\u00a0Antti H\u00e4m\u00e4l\u00e4inen\/IS<\/p>\n<p class=\"article-body mb-nof-24 px-nof-16\">Liekari p\u00e4\u00e4ssee antamaan lis\u00e4n\u00e4ytt\u00f6j\u00e4 ensi viikonloppuna Trondheimissa, jossa hiihdet\u00e4\u00e4n kauden toinen perinteisen sprintti. Sama matka on luvassa my\u00f6s olympialaduilla Val di Fiemmess\u00e4.<\/p>\n<p class=\"article-body mb-nof-24 px-nof-16\">\u2013 Min\u00e4 hiihd\u00e4n, ja isot pamput p\u00e4\u00e4tt\u00e4v\u00e4t, ketk\u00e4 p\u00e4\u00e4sev\u00e4t kisoihin. Ei pid\u00e4 alkaa mietti\u00e4 sit\u00e4 liikaa.<\/p>\n<p class=\"article-body mb-nof-24 px-nof-16\">Miesten sprintin voitti <a class=\"article-personlink\" href=\"https:\/\/www.is.fi\/haku\/?query=Johannes%20Kl%C3%A4bo.\" rel=\"nofollow noopener\" target=\"_blank\">Johannes Kl\u00e4bo.<\/a> <a class=\"article-personlink\" href=\"https:\/\/www.is.fi\/haku\/?query=Erik%20Valnes\" rel=\"nofollow noopener\" target=\"_blank\">Erik Valnes <\/a>puristi toiseksi, ja <a class=\"article-personlink\" href=\"https:\/\/www.is.fi\/haku\/?query=Ansgar%20Evensen\" rel=\"nofollow noopener\" target=\"_blank\">Ansgar Evensen<\/a> t\u00e4ydensi Norjan kolmoisvoiton. <a class=\"article-personlink\" href=\"https:\/\/www.is.fi\/haku\/?query=Lauri%20Vuorinen\" rel=\"nofollow noopener\" target=\"_blank\">Lauri Vuorinen<\/a> oli parhaana suomalaismiehen\u00e4 kuudes.<\/p>\n<p>Sprintit (p)<\/p>\n<p>Naiset<\/p>\n<ol class=\"mb-nof-16 px-nof-16 article-ordered-list ordered-list\">\n<li class=\"ordered-list-item\">\n<p class=\"article-body\">Kristine Skistad, Norja<\/p>\n<\/li>\n<li class=\"ordered-list-item\">\n<p class=\"article-body\">Jonna Sundling, Ruotsi +0,20<\/p>\n<\/li>\n<li class=\"ordered-list-item\">\n<p class=\"article-body\">Maja Dahlqvist, Ruotsi +0,20<\/p>\n<\/li>\n<li class=\"ordered-list-item\">\n<p class=\"article-body\">Johanna H\u00e4gstr\u00f6m, Ruotsi +1,29<\/p>\n<\/li>\n<li class=\"ordered-list-item\">\n<p class=\"article-body\">Nadine F\u00e4hndrich, Sveitsi +2,07<\/p>\n<\/li>\n<li class=\"ordered-list-item\">\n<p class=\"article-body\">Johanna Matintalo, Suomi +8,74<\/p>\n<\/li>\n<\/ol>\n<p>Miehet<\/p>\n<ol class=\"mb-nof-16 px-nof-16 article-ordered-list ordered-list\">\n<li class=\"ordered-list-item\">\n<p class=\"article-body\">Johannes H\u00f6sflot Kl\u00e4bo, Norja<\/p>\n<\/li>\n<li class=\"ordered-list-item\">\n<p class=\"article-body\">Erik Valnes, Norja +1,21<\/p>\n<\/li>\n<li class=\"ordered-list-item\">\n<p class=\"article-body\">Ansgar Evensen, Norja +2,28<\/p>\n<\/li>\n<li class=\"ordered-list-item\">\n<p class=\"article-body\">Jules Chappaz, Ranska +2,30<\/p>\n<\/li>\n<li class=\"ordered-list-item\">\n<p class=\"article-body\">Harald \u00d6stberg Amundsen, Norja +2,93<\/p>\n<\/li>\n<li class=\"ordered-list-item\">\n<p class=\"article-body\">Lauri Vuorinen, Suomi +5,55<\/p>\n<\/li>\n<\/ol>\n","protected":false},"excerpt":{"rendered":"Emil Liekari ja Ristomatti Hakola ovat kamppailu-urheilun yst\u00e4vi\u00e4 ja harrastajia. Liekari on my\u00f6s kova pieks\u00e4m\u00e4\u00e4n suutaan. Kuusamo Sprinttihiiht\u00e4j\u00e4&hellip;\n","protected":false},"author":2,"featured_media":103212,"comment_status":"","ping_status":"","sticky":false,"template":"","format":"standard","meta":{"footnotes":""},"categories":[136],"tags":[407,137,33,31,30,34,408,32,109],"class_list":{"0":"post-103211","1":"post","2":"type-post","3":"status-publish","4":"format-standard","5":"has-post-thumbnail","7":"category-julkkikset","8":"tag-celebrities","9":"tag-entertainment","10":"tag-fi","11":"tag-finland","12":"tag-finnish","13":"tag-ilta-sanomat","14":"tag-julkkikset","15":"tag-suomi","16":"tag-viihde"},"share_on_mastodon":{"url":"https:\/\/pubeurope.com\/@fi\/115633399144613707","error":""},"_links":{"self":[{"href":"https:\/\/www.europesays.com\/fi\/wp-json\/wp\/v2\/posts\/103211","targetHints":{"allow":["GET"]}}],"collection":[{"href":"https:\/\/www.europesays.com\/fi\/wp-json\/wp\/v2\/posts"}],"about":[{"href":"https:\/\/www.europesays.com\/fi\/wp-json\/wp\/v2\/types\/post"}],"author":[{"embeddable":true,"href":"https:\/\/www.europesays.com\/fi\/wp-json\/wp\/v2\/users\/2"}],"replies":[{"embeddable":true,"href":"https:\/\/www.europesays.com\/fi\/wp-json\/wp\/v2\/comments?post=103211"}],"version-history":[{"count":0,"href":"https:\/\/www.europesays.com\/fi\/wp-json\/wp\/v2\/posts\/103211\/revisions"}],"wp:featuredmedia":[{"embeddable":true,"href":"https:\/\/www.europesays.com\/fi\/wp-json\/wp\/v2\/media\/103212"}],"wp:attachment":[{"href":"https:\/\/www.europesays.com\/fi\/wp-json\/wp\/v2\/media?parent=103211"}],"wp:term":[{"taxonomy":"category","embeddable":true,"href":"https:\/\/www.europesays.com\/fi\/wp-json\/wp\/v2\/categories?post=103211"},{"taxonomy":"post_tag","embeddable":true,"href":"https:\/\/www.europesays.com\/fi\/wp-json\/wp\/v2\/tags?post=103211"}],"curies":[{"name":"wp","href":"https:\/\/api.w.org\/{rel}","templated":true}]}}