{"id":103217,"date":"2025-11-29T14:20:17","date_gmt":"2025-11-29T14:20:17","guid":{"rendered":"https:\/\/www.europesays.com\/fi\/103217\/"},"modified":"2025-11-29T14:20:17","modified_gmt":"2025-11-29T14:20:17","slug":"il-tallainen-oli-lasse-norreksen-siunaustilaisuus","status":"publish","type":"post","link":"https:\/\/www.europesays.com\/fi\/103217\/","title":{"rendered":"IL: T\u00e4llainen oli Lasse Norreksen siunaustilaisuus"},"content":{"rendered":"<p>Lasse Norres saateltiin keskiviikkona viimeiselle matkalleen.<\/p>\n<p>27.11. 20:29<\/p>\n<p class=\"article-body mb-nof-24 px-nof-16\">Viihdealan vaikuttaja <a class=\"article-personlink\" href=\"https:\/\/www.is.fi\/haku\/?query=Lasse%20Norres\" rel=\"nofollow noopener\" target=\"_blank\">Lasse Norres<\/a> siunattiin keskiviikkona viimeiselle matkalleen.<\/p>\n<p class=\"article-body mb-nof-24 px-nof-16\"><a class=\"article-genericlink\" href=\"https:\/\/www.iltalehti.fi\/viihdeuutiset\/a\/feaa8167-600c-45ea-9b88-1b8db827b944\" rel=\"nofollow noopener\" target=\"_blank\">IL:n mukaan<\/a> paikalle saapuivat esimerkiksi tapahtumapromoottori <a class=\"article-personlink\" href=\"https:\/\/www.is.fi\/haku\/?query=Kalle%20Keskinen\" rel=\"nofollow noopener\" target=\"_blank\">Kalle Keskinen<\/a>, joka kutsui siunaustilaisuutta Norreksen n\u00e4k\u00f6iseksi. Tilaisuudessa soivat muun muassa <a class=\"article-personlink\" href=\"https:\/\/www.is.fi\/haku\/?query=Pave%20Maijasen\" rel=\"nofollow noopener\" target=\"_blank\">Pave Maijasen<\/a> pojan <a class=\"article-personlink\" href=\"https:\/\/www.is.fi\/haku\/?query=Vihtori%20Maijasen\" rel=\"nofollow noopener\" target=\"_blank\">Vihtori Maijasen<\/a> tulkitsema Ik\u00e4v\u00e4-kappale ja <a class=\"article-personlink\" href=\"https:\/\/www.is.fi\/haku\/?query=Juho%20Pitk%C3%A4sen\" rel=\"nofollow noopener\" target=\"_blank\">Juho Pitk\u00e4sen<\/a> tulkinta kappaleesta Yesterday.<\/p>\n<p class=\"article-body mb-nof-24 px-nof-16\">\u2013 Lasse oli musiikit itse valinnut, Keskinen kertoi IL:lle.<\/p>\n<p class=\"article-body mb-nof-24 px-nof-16\">Paikalla oli monia muita tunnettuja suomalaisia, kuten <a class=\"article-personlink\" href=\"https:\/\/www.is.fi\/haku\/?query=Pirkko%20Mannola\" rel=\"nofollow noopener\" target=\"_blank\">Pirkko Mannola<\/a>, <a class=\"article-personlink\" href=\"https:\/\/www.is.fi\/haku\/?query=Saimi%20Hoye\" rel=\"nofollow noopener\" target=\"_blank\">Saimi Hoye<\/a>r ja <a class=\"article-personlink\" href=\"https:\/\/www.is.fi\/haku\/?query=Nipa%20Neumann\" rel=\"nofollow noopener\" target=\"_blank\">Nipa Neumann<\/a>.<\/p>\n<p class=\"article-body mb-nof-24 px-nof-16\">Siunaustilaisuuden j\u00e4lkeen Norresin muistoa ker\u00e4\u00e4nnyttiin kunnioittamaan Helsingin Storyvilleen. Storyvillen <a class=\"article-genericlink\" href=\"https:\/\/www.instagram.com\/p\/DRU9rhGCF2X\/?utm_source=ig_web_copy_link&amp;igsh=NTc4MTIwNjQ2YQ==\" rel=\"nofollow noopener\" target=\"_blank\">Instagramissa <\/a>tiedotettiin etuk\u00e4teen, ett\u00e4 muistotilaisuuden j\u00e4lkeisi\u00e4 muistojameja is\u00e4nn\u00f6i kitaristi-laulaja Juho Pitk\u00e4nen.<\/p>\n<p class=\"article-body mb-nof-24 px-nof-16\">\u2013 Illan aikana muistellaan edesmennytt\u00e4 musiikki- ja viihdealan vaikuttajaa Lasse Norresta, kirjoitettiin Instagram-julkaisussa.<\/p>\n<p><img decoding=\"async\" src=\"https:\/\/www.europesays.com\/fi\/wp-content\/uploads\/2025\/11\/1764426017_107_468.jpg\" alt=\"Juho Pitk\u00e4nen is\u00e4nn\u00f6i Lasse Norreksen muistojameja.\" class=\"_Img_1rerz_1\" style=\"aspect-ratio:1.5\" loading=\"eager\"\/><\/p>\n<p class=\"article-picture-caption\">Juho Pitk\u00e4nen is\u00e4nn\u00f6i Lasse Norreksen muistojameja. Kuva:\u00a0Janne Aaltonen<\/p>\n<p class=\"article-body mb-nof-24 px-nof-16\">Lasse Norres oli suomalaisella viihdealalla pitk\u00e4\u00e4n vaikuttanut ammattilainen. Norres menehtyi sy\u00f6p\u00e4\u00e4n 73-vuotiaana 14. marraskuuta. H\u00e4n sai sy\u00f6p\u00e4diagnoosin alkuvuodesta 2025. Lokakuussa julkaistussa <a class=\"article-genericlink\" href=\"https:\/\/www.hs.fi\/kulttuuri\/art-2000011486936.html\" rel=\"nofollow noopener\" target=\"_blank\">Helsingin Sanomien<\/a> haastattelussa h\u00e4n kertoi saaneensa elokuussa l\u00e4\u00e4k\u00e4rilt\u00e4 huonoja uutisia. Sy\u00f6p\u00e4 oli levinnyt ja elinaikaa olisi vain muutama kuukausi.<\/p>\n<p class=\"article-body mb-nof-24 px-nof-16\">Norres tunnettiin esimerkiksi Dingo-yhtyeen managerina sen kulta-aikoina 80-luvulla. Dingo-vuosien j\u00e4lkeen h\u00e4n ty\u00f6skenteli viestint\u00e4- ja pr-t\u00f6iss\u00e4 muun muassa Musiikki-Fazerissa (my\u00f6hemmin Warner Music Finland).Lis\u00e4ksi h\u00e4nen \u00e4\u00e4nt\u00e4\u00e4n on kuultu radio- ja televisio-ohjelmissa.<\/p>\n<p class=\"article-body mb-nof-24 px-nof-16\">Vain kuukausi ennen kuolemaansa Norres k\u00e4vi yst\u00e4v\u00e4ns\u00e4<a class=\"article-personlink\" href=\"https:\/\/www.is.fi\/haku\/?query=%20Juha-Pekka%20Kumpulaisen\" rel=\"nofollow noopener\" target=\"_blank\"> Juha-Pekka Kumpulaisen<\/a> kanssa yhdess\u00e4 Black Devilsin konsertissa.<\/p>\n<p class=\"article-body mb-nof-24 px-nof-16\">\u2013 Lasse oli kutsuvieras sinne, ja min\u00e4 olin kyyditsem\u00e4ss\u00e4. Oli kiva matka, juteltiin paljon, mutta huomasin, ett\u00e4 v\u00e4symys alkaa painaa. H\u00e4n kovasti halusi silti tsempata Black Devilsi\u00e4, kertoi Kumpulainen IS:lle aikaisemmin.<\/p>\n<p><script async src=\"\/\/www.instagram.com\/embed.js\"><\/script><\/p>\n","protected":false},"excerpt":{"rendered":"Lasse Norres saateltiin keskiviikkona viimeiselle matkalleen. 27.11. 20:29 Viihdealan vaikuttaja Lasse Norres siunattiin keskiviikkona viimeiselle matkalleen. IL:n mukaan&hellip;\n","protected":false},"author":2,"featured_media":103218,"comment_status":"","ping_status":"","sticky":false,"template":"","format":"standard","meta":{"footnotes":""},"categories":[130],"tags":[137,33,31,30,34,32,109],"class_list":{"0":"post-103217","1":"post","2":"type-post","3":"status-publish","4":"format-standard","5":"has-post-thumbnail","7":"category-viihde","8":"tag-entertainment","9":"tag-fi","10":"tag-finland","11":"tag-finnish","12":"tag-ilta-sanomat","13":"tag-suomi","14":"tag-viihde"},"share_on_mastodon":{"url":"https:\/\/pubeurope.com\/@fi\/115633430453528666","error":""},"_links":{"self":[{"href":"https:\/\/www.europesays.com\/fi\/wp-json\/wp\/v2\/posts\/103217","targetHints":{"allow":["GET"]}}],"collection":[{"href":"https:\/\/www.europesays.com\/fi\/wp-json\/wp\/v2\/posts"}],"about":[{"href":"https:\/\/www.europesays.com\/fi\/wp-json\/wp\/v2\/types\/post"}],"author":[{"embeddable":true,"href":"https:\/\/www.europesays.com\/fi\/wp-json\/wp\/v2\/users\/2"}],"replies":[{"embeddable":true,"href":"https:\/\/www.europesays.com\/fi\/wp-json\/wp\/v2\/comments?post=103217"}],"version-history":[{"count":0,"href":"https:\/\/www.europesays.com\/fi\/wp-json\/wp\/v2\/posts\/103217\/revisions"}],"wp:featuredmedia":[{"embeddable":true,"href":"https:\/\/www.europesays.com\/fi\/wp-json\/wp\/v2\/media\/103218"}],"wp:attachment":[{"href":"https:\/\/www.europesays.com\/fi\/wp-json\/wp\/v2\/media?parent=103217"}],"wp:term":[{"taxonomy":"category","embeddable":true,"href":"https:\/\/www.europesays.com\/fi\/wp-json\/wp\/v2\/categories?post=103217"},{"taxonomy":"post_tag","embeddable":true,"href":"https:\/\/www.europesays.com\/fi\/wp-json\/wp\/v2\/tags?post=103217"}],"curies":[{"name":"wp","href":"https:\/\/api.w.org\/{rel}","templated":true}]}}