{"id":103219,"date":"2025-11-29T14:22:09","date_gmt":"2025-11-29T14:22:09","guid":{"rendered":"https:\/\/www.europesays.com\/fi\/103219\/"},"modified":"2025-11-29T14:22:09","modified_gmt":"2025-11-29T14:22:09","slug":"mediat-julkaisivat-tekoalylla-kuvitettuja-uutisia-kaytetaan-tulevaisuuteen-liittyvissa-aiheissa-sanoo-paatoimittaja","status":"publish","type":"post","link":"https:\/\/www.europesays.com\/fi\/103219\/","title":{"rendered":"Mediat julkaisivat teko\u00e4lyll\u00e4 kuvitettuja uutisia: K\u00e4ytet\u00e4\u00e4n tulevaisuuteen liittyviss\u00e4 aiheissa, sanoo p\u00e4\u00e4toimittaja"},"content":{"rendered":"<p>Teko\u00e4ly|Lukijat eiv\u00e4t ole viel\u00e4 tottuneet teko\u00e4lyll\u00e4 tehtyihin kuviin ja videoihin, arvelee Demokraatti-lehden p\u00e4\u00e4toimittaja Petri Korhonen.<\/p>\n<p class=\"article-body mb-nof-24 px-nof-16\">Teko\u00e4ly on yh\u00e4 vahvemmin l\u00e4sn\u00e4 kaikkialla, my\u00f6s mediassa. Sdp:n \u00e4\u00e4nenkannattajan Demokraatti-lehden torstaina 27. marraskuuta verkossa julkaisema kuva sai silti monet hieraisemaan silmi\u00e4\u00e4n.<\/p>\n<p class=\"article-body mb-nof-24 px-nof-16\"><a class=\"article-genericlink\" href=\"https:\/\/demokraatti.fi\/puolustusvaliokunta-reservilaisten-ylaikarajaa-saa-nostaa\" rel=\"nofollow noopener\" target=\"_blank\">Uutinen<\/a> on lyhyt ja suoraviivainen: eduskunnan puolustusvaliokunta kannattaa hallituksen esityst\u00e4 reservil\u00e4isten yl\u00e4ik\u00e4rajan nostamisesta 65 ik\u00e4vuoteen asti.<\/p>\n","protected":false},"excerpt":{"rendered":"Teko\u00e4ly|Lukijat eiv\u00e4t ole viel\u00e4 tottuneet teko\u00e4lyll\u00e4 tehtyihin kuviin ja videoihin, arvelee Demokraatti-lehden p\u00e4\u00e4toimittaja Petri Korhonen. Teko\u00e4ly on yh\u00e4&hellip;\n","protected":false},"author":2,"featured_media":103220,"comment_status":"","ping_status":"","sticky":false,"template":"","format":"standard","meta":{"footnotes":""},"categories":[84],"tags":[33,31,30,46,32,91,92],"class_list":{"0":"post-103219","1":"post","2":"type-post","3":"status-publish","4":"format-standard","5":"has-post-thumbnail","7":"category-teknologia","8":"tag-fi","9":"tag-finland","10":"tag-finnish","11":"tag-helsingin-sanomat","12":"tag-suomi","13":"tag-technology","14":"tag-teknologia"},"share_on_mastodon":{"url":"https:\/\/pubeurope.com\/@fi\/115633438247060945","error":""},"_links":{"self":[{"href":"https:\/\/www.europesays.com\/fi\/wp-json\/wp\/v2\/posts\/103219","targetHints":{"allow":["GET"]}}],"collection":[{"href":"https:\/\/www.europesays.com\/fi\/wp-json\/wp\/v2\/posts"}],"about":[{"href":"https:\/\/www.europesays.com\/fi\/wp-json\/wp\/v2\/types\/post"}],"author":[{"embeddable":true,"href":"https:\/\/www.europesays.com\/fi\/wp-json\/wp\/v2\/users\/2"}],"replies":[{"embeddable":true,"href":"https:\/\/www.europesays.com\/fi\/wp-json\/wp\/v2\/comments?post=103219"}],"version-history":[{"count":0,"href":"https:\/\/www.europesays.com\/fi\/wp-json\/wp\/v2\/posts\/103219\/revisions"}],"wp:featuredmedia":[{"embeddable":true,"href":"https:\/\/www.europesays.com\/fi\/wp-json\/wp\/v2\/media\/103220"}],"wp:attachment":[{"href":"https:\/\/www.europesays.com\/fi\/wp-json\/wp\/v2\/media?parent=103219"}],"wp:term":[{"taxonomy":"category","embeddable":true,"href":"https:\/\/www.europesays.com\/fi\/wp-json\/wp\/v2\/categories?post=103219"},{"taxonomy":"post_tag","embeddable":true,"href":"https:\/\/www.europesays.com\/fi\/wp-json\/wp\/v2\/tags?post=103219"}],"curies":[{"name":"wp","href":"https:\/\/api.w.org\/{rel}","templated":true}]}}