{"id":103224,"date":"2025-11-29T14:26:11","date_gmt":"2025-11-29T14:26:11","guid":{"rendered":"https:\/\/www.europesays.com\/fi\/103224\/"},"modified":"2025-11-29T14:26:11","modified_gmt":"2025-11-29T14:26:11","slug":"il-seuraa-max-verstappen-vaikeuksissa-iltalehti","status":"publish","type":"post","link":"https:\/\/www.europesays.com\/fi\/103224\/","title":{"rendered":"IL seuraa: Max Verstappen vaikeuksissa &#8211; Iltalehti"},"content":{"rendered":"<ol>\n<li><a href=\"https:\/\/news.google.com\/rss\/articles\/CBMifEFVX3lxTE1ybGRZaHBBWXZhZFA0SE1CUk9Ca2VXRHl3aWZqNUVYUy1SVlA2bTFqVmRsdWhJVGZxWGw4bmVvbi02MVhaQjdCR1BveWl6OVc1UXhNRTEwU0FHQlZKM2dhQ0pnTE03c3pMT1NnS1g2czFMZVUzbnNjT0JGZWU?oc=5\" target=\"_blank\" rel=\"nofollow noopener\">IL seuraa: Max Verstappen vaikeuksissa<\/a>&nbsp;&nbsp;Iltalehti<\/li>\n<li><a href=\"https:\/\/news.google.com\/rss\/articles\/CBMiQkFVX3lxTE5Ca2hfMDk2dXh6VTFlNTY3UHVqcmJDTG80czNrWUlKbUpuaUlUaVhuWnltblN3MHUtQ1NBY1NPZWpJdw?oc=5\" target=\"_blank\" rel=\"nofollow noopener\">F1-sprintin aika-ajossa tiukka v\u00e4\u00e4nt\u00f6 \u2013 MM-sarjan kakkonen Oscar Piastri paalulle<\/a>&nbsp;&nbsp;Yle<\/li>\n<li><a href=\"https:\/\/news.google.com\/rss\/articles\/CBMikAFBVV95cUxOLVh3UTlXS3UzZWZtZDh5bVQ4VS15M0RIaEx4RkUtTzRvRHhFYnlXOHNrY1JmX0RHbnhJNDNzSkNiUkxva21xNVh2Z1l6VUx1bmlNeFlRZktzWVZJZExJU3BkbmVtelg4S3VNRGZrNDB6cjg1ZnQ5aUo2TjR0aFNQdEtJZWJueXdoc1RmMjZwQ2Y?oc=5\" target=\"_blank\" rel=\"nofollow noopener\">Qatarin F1-kisan l\u00e4ht\u00f6j\u00e4rjestys t\u00e4ysin uusiksi<\/a>&nbsp;&nbsp;Sportti.com<\/li>\n<li><a href=\"https:\/\/news.google.com\/rss\/articles\/CBMiSkFVX3lxTE00VXZxNHZMeWNMZVFwQ1h0S01QTXJZSUhzVng5TDJBUkhHb3drSF9NdU1iaEUycGI2N2Q3TktidHV3d2M5bFVpZUlB?oc=5\" target=\"_blank\" rel=\"nofollow noopener\">McLaren-\u200bkuskit hankkivat hyv\u00e4t l\u00e4ht\u00f6\u00adpaikat Qatarin F1-\u200bsprinttiin<\/a>&nbsp;&nbsp;Etel\u00e4-Suomen Sanomat<\/li>\n<li><a href=\"https:\/\/news.google.com\/rss\/articles\/CBMipgFBVV95cUxNazllNHFmQ0dGeEsyWWl0MEY5QU10VlUyY3JmbEtSQkFSTnhrcUN3SFhuM01udDNwUjY5aGllZWdSWTliRHRDdkI4YnlLOC1sbGFwWUVGXzFGVlZLakNQd3V1V2JadnJIZHRMaGpzVm1jRUI1QkRyYkR0d3kwRVpDSnVkbnZ6NzJLM0xnMzR1VjV3N1lQd2hiVG9FNjUtckY3OXE1VG5R?oc=5\" target=\"_blank\" rel=\"nofollow noopener\">Oscar Piastri paalulle \u2013 Max Verstappen otti kunnolla tukkaan<\/a>&nbsp;&nbsp;mtvuutiset.fi<\/li>\n<\/ol>\n","protected":false},"excerpt":{"rendered":"IL seuraa: Max Verstappen vaikeuksissa&nbsp;&nbsp;Iltalehti F1-sprintin aika-ajossa tiukka v\u00e4\u00e4nt\u00f6 \u2013 MM-sarjan kakkonen Oscar Piastri paalulle&nbsp;&nbsp;Yle Qatarin F1-kisan l\u00e4ht\u00f6j\u00e4rjestys&hellip;\n","protected":false},"author":2,"featured_media":103225,"comment_status":"","ping_status":"","sticky":false,"template":"","format":"standard","meta":{"footnotes":""},"categories":[5],"tags":[35,22,23,26,27,33,31,30,17,3862,24,25,41,2883,28,29,15,18,21,2294,32,19,20,161,16],"class_list":{"0":"post-103224","1":"post","2":"type-post","3":"status-publish","4":"format-standard","5":"has-post-thumbnail","7":"category-otsikot","8":"tag-24h","9":"tag-breaking-news","10":"tag-breakingnews","11":"tag-featured-news","12":"tag-featurednews","13":"tag-fi","14":"tag-finland","15":"tag-finnish","16":"tag-headlines","17":"tag-iltalehti","18":"tag-latest-news","19":"tag-latestnews","20":"tag-liikunta-ja-urheilu","21":"tag-maailmancupit-ja-maailmanmestaruuskilpailut","22":"tag-main-news","23":"tag-mainnews","24":"tag-news","25":"tag-otsikot","26":"tag-paauutiset","27":"tag-sanomalehdet","28":"tag-suomi","29":"tag-top-stories","30":"tag-topstories","31":"tag-urheilutapahtumat","32":"tag-uutiset"},"share_on_mastodon":{"url":"https:\/\/pubeurope.com\/@fi\/115633453982206903","error":""},"_links":{"self":[{"href":"https:\/\/www.europesays.com\/fi\/wp-json\/wp\/v2\/posts\/103224","targetHints":{"allow":["GET"]}}],"collection":[{"href":"https:\/\/www.europesays.com\/fi\/wp-json\/wp\/v2\/posts"}],"about":[{"href":"https:\/\/www.europesays.com\/fi\/wp-json\/wp\/v2\/types\/post"}],"author":[{"embeddable":true,"href":"https:\/\/www.europesays.com\/fi\/wp-json\/wp\/v2\/users\/2"}],"replies":[{"embeddable":true,"href":"https:\/\/www.europesays.com\/fi\/wp-json\/wp\/v2\/comments?post=103224"}],"version-history":[{"count":0,"href":"https:\/\/www.europesays.com\/fi\/wp-json\/wp\/v2\/posts\/103224\/revisions"}],"wp:featuredmedia":[{"embeddable":true,"href":"https:\/\/www.europesays.com\/fi\/wp-json\/wp\/v2\/media\/103225"}],"wp:attachment":[{"href":"https:\/\/www.europesays.com\/fi\/wp-json\/wp\/v2\/media?parent=103224"}],"wp:term":[{"taxonomy":"category","embeddable":true,"href":"https:\/\/www.europesays.com\/fi\/wp-json\/wp\/v2\/categories?post=103224"},{"taxonomy":"post_tag","embeddable":true,"href":"https:\/\/www.europesays.com\/fi\/wp-json\/wp\/v2\/tags?post=103224"}],"curies":[{"name":"wp","href":"https:\/\/api.w.org\/{rel}","templated":true}]}}