{"id":103236,"date":"2025-11-29T14:46:08","date_gmt":"2025-11-29T14:46:08","guid":{"rendered":"https:\/\/www.europesays.com\/fi\/103236\/"},"modified":"2025-11-29T14:46:08","modified_gmt":"2025-11-29T14:46:08","slug":"konsta-hietanen-kirjoitti-runon-olga-temosen-muistolle","status":"publish","type":"post","link":"https:\/\/www.europesays.com\/fi\/103236\/","title":{"rendered":"Konsta Hietanen kirjoitti runon Olga Temosen muistolle"},"content":{"rendered":"<p>Konsta Hietanen muisti Olga Temosta runolla.<\/p>\n<p class=\"article-body mb-nof-24 px-nof-16\">N\u00e4yttelij\u00e4-muusikko <a class=\"article-personlink\" href=\"https:\/\/www.is.fi\/haku\/?query=Konsta%20Hietanen\" rel=\"nofollow noopener\" target=\"_blank\">Konsta Hietanen<\/a> julkaisi Facebookissa<a class=\"article-personlink\" href=\"https:\/\/www.is.fi\/haku\/?query=%20Olga%20Temosen\" rel=\"nofollow noopener\" target=\"_blank\"> Olga Temosen <\/a>muistolle kirjoittamansa runon.<\/p>\n<p class=\"article-body mb-nof-24 px-nof-16\">S\u00e4 t\u00e4nne j\u00e4it.<\/p>\n<p class=\"article-body mb-nof-24 px-nof-16\">Ajatuksiin, tekoihin, syd\u00e4miin.<\/p>\n<p class=\"article-body mb-nof-24 px-nof-16\">S\u00e4 t\u00e4nne j\u00e4it.<\/p>\n<p class=\"article-body mb-nof-24 px-nof-16\">Maisemiin, haaveisiin,<\/p>\n<p class=\"article-body mb-nof-24 px-nof-16\">el\u00e4m\u00e4n kaarteisiin.<\/p>\n<p class=\"article-body mb-nof-24 px-nof-16\">Olet kaikkialla, kuin tuuli.<\/p>\n<p class=\"article-body mb-nof-24 px-nof-16\">L\u00e4mp\u00f6\u00e4 tuot, kuin pizzauuni.<\/p>\n<p class=\"article-body mb-nof-24 px-nof-16\">Olet meid\u00e4n syd\u00e4nmailla.<\/p>\n<p class=\"article-body mb-nof-24 px-nof-16\">Iloa tuot Olgan farmin lailla.<\/p>\n<p class=\"article-body mb-nof-24 px-nof-16\">Ja nytkin, kun jonkun tarvis<\/p>\n<p class=\"article-body mb-nof-24 px-nof-16\">meille voimaa antaa,<\/p>\n<p class=\"article-body mb-nof-24 px-nof-16\">rakkautes meid\u00e4t t\u00e4st\u00e4<\/p>\n<p class=\"article-body mb-nof-24 px-nof-16\">yli kantaa.<\/p>\n<p class=\"article-body mb-nof-24 px-nof-16\">Seuraajat ihastelivat Hietasen runoratsun laukkaa.<\/p>\n<p class=\"article-body mb-nof-24 px-nof-16\">\u2013 Lohduttava kirjoitus niin monin tavoin, er\u00e4s kommentoi.<\/p>\n<p class=\"article-body mb-nof-24 px-nof-16\">\u2013 Tosi koskettava, kaunis kirjoitus, toinen kiitteli.<\/p>\n<p class=\"article-body mb-nof-24 px-nof-16\">\u2013 Kauniisti Konsta sanoiksi puit monen aatokset, kolmas totesi.<\/p>\n<p class=\"article-body mb-nof-24 px-nof-16\">Konsta Hietanen ja Olga Temonen n\u00e4ytteliv\u00e4t yhdess\u00e4 muun muassa Aika jonka sain ja Meduusalla ei ole syd\u00e4nt\u00e4 -elokuvissa.<\/p>\n","protected":false},"excerpt":{"rendered":"Konsta Hietanen muisti Olga Temosta runolla. N\u00e4yttelij\u00e4-muusikko Konsta Hietanen julkaisi Facebookissa Olga Temosen muistolle kirjoittamansa runon. S\u00e4 t\u00e4nne&hellip;\n","protected":false},"author":2,"featured_media":103237,"comment_status":"","ping_status":"","sticky":false,"template":"","format":"standard","meta":{"footnotes":""},"categories":[130],"tags":[137,33,31,30,34,32,109],"class_list":{"0":"post-103236","1":"post","2":"type-post","3":"status-publish","4":"format-standard","5":"has-post-thumbnail","7":"category-viihde","8":"tag-entertainment","9":"tag-fi","10":"tag-finland","11":"tag-finnish","12":"tag-ilta-sanomat","13":"tag-suomi","14":"tag-viihde"},"share_on_mastodon":{"url":"https:\/\/pubeurope.com\/@fi\/115633532689338821","error":""},"_links":{"self":[{"href":"https:\/\/www.europesays.com\/fi\/wp-json\/wp\/v2\/posts\/103236","targetHints":{"allow":["GET"]}}],"collection":[{"href":"https:\/\/www.europesays.com\/fi\/wp-json\/wp\/v2\/posts"}],"about":[{"href":"https:\/\/www.europesays.com\/fi\/wp-json\/wp\/v2\/types\/post"}],"author":[{"embeddable":true,"href":"https:\/\/www.europesays.com\/fi\/wp-json\/wp\/v2\/users\/2"}],"replies":[{"embeddable":true,"href":"https:\/\/www.europesays.com\/fi\/wp-json\/wp\/v2\/comments?post=103236"}],"version-history":[{"count":0,"href":"https:\/\/www.europesays.com\/fi\/wp-json\/wp\/v2\/posts\/103236\/revisions"}],"wp:featuredmedia":[{"embeddable":true,"href":"https:\/\/www.europesays.com\/fi\/wp-json\/wp\/v2\/media\/103237"}],"wp:attachment":[{"href":"https:\/\/www.europesays.com\/fi\/wp-json\/wp\/v2\/media?parent=103236"}],"wp:term":[{"taxonomy":"category","embeddable":true,"href":"https:\/\/www.europesays.com\/fi\/wp-json\/wp\/v2\/categories?post=103236"},{"taxonomy":"post_tag","embeddable":true,"href":"https:\/\/www.europesays.com\/fi\/wp-json\/wp\/v2\/tags?post=103236"}],"curies":[{"name":"wp","href":"https:\/\/api.w.org\/{rel}","templated":true}]}}