{"id":103272,"date":"2025-11-29T15:43:10","date_gmt":"2025-11-29T15:43:10","guid":{"rendered":"https:\/\/www.europesays.com\/fi\/103272\/"},"modified":"2025-11-29T15:43:10","modified_gmt":"2025-11-29T15:43:10","slug":"akillisesti-kadonnut-valo-saikaytti-lapissa-nyt-selvisi-syy","status":"publish","type":"post","link":"https:\/\/www.europesays.com\/fi\/103272\/","title":{"rendered":"\u00c4killisesti kadonnut valo s\u00e4ik\u00e4ytti Lapissa \u2013 Nyt selvisi syy"},"content":{"rendered":"<p>Moottorikelkan valon katoaminen her\u00e4tti huolen Sodankyl\u00e4ss\u00e4.<\/p>\n<p><img decoding=\"async\" class=\"image image-show image-preview\" src=\"https:\/\/www.europesays.com\/fi\/wp-content\/uploads\/2025\/11\/50976856fdc843eccc5cc818a9f4e51eb5b7c7111e9920d1e5bfdf2f9785fcca.jpg\" alt=\"\"\/><img decoding=\"async\" class=\"image image-show\" src=\"https:\/\/www.europesays.com\/fi\/wp-content\/uploads\/2025\/11\/1764430990_829_50976856fdc843eccc5cc818a9f4e51eb5b7c7111e9920d1e5bfdf2f9785fcca.jpg\" alt=\"\"\/><\/p>\n<p>Lapin pelastuslaitos tiedotti pelastusteht\u00e4v\u00e4st\u00e4 Lokan tekoj\u00e4rvell\u00e4. Kuvituskuva. Ismo Pekkarinen, AOP<\/p>\n<p class=\"paragraph\">Sodankyl\u00e4ss\u00e4 sijaitsevalla Lokan tekoj\u00e4rvell\u00e4 oli lauantaina pelastusteht\u00e4v\u00e4.<\/p>\n<p class=\"paragraph\">Lapin pelastuslaitos sai lauantaina p\u00e4iv\u00e4ll\u00e4 ilmoituksen, jonka mukaan pitk\u00e4\u00e4n kirkkaana j\u00e4rven j\u00e4\u00e4ll\u00e4 n\u00e4kynyt moottorikelkan valo oli yht\u00e4kki\u00e4 kadonnut.<\/p>\n<p class=\"paragraph\">Aurinko laskeutui Sodankyl\u00e4ss\u00e4 lauantaina kello 13.41.<\/p>\n<p class=\"paragraph\">Pelastuslaitos tiedotti teht\u00e4v\u00e4st\u00e4 hieman kello 15:n j\u00e4lkeen. Teht\u00e4v\u00e4lle l\u00e4hti seitsem\u00e4n pelastuslaitoksen yksikk\u00f6\u00e4.<\/p>\n<p class=\"paragraph\">Puoli kuudelta illalla pelastuslaitos tiedotti, ett\u00e4 teht\u00e4v\u00e4 osoittautui aiheettomaksi. Valon l\u00e4hteeksi paljastui kalastaja, joka oli k\u00e4ynyt pyydyksill\u00e4\u00e4n moottorikelkalla. Avun tarpeessa olevia henkil\u00f6it\u00e4 ei ollut.<\/p>\n<p class=\"paragraph\">Lokan tekoj\u00e4rvi valmistui vuonna 1967. Se on Euroopan unionin suurin tekoj\u00e4rvi.<\/p>\n","protected":false},"excerpt":{"rendered":"Moottorikelkan valon katoaminen her\u00e4tti huolen Sodankyl\u00e4ss\u00e4. Lapin pelastuslaitos tiedotti pelastusteht\u00e4v\u00e4st\u00e4 Lokan tekoj\u00e4rvell\u00e4. Kuvituskuva. Ismo Pekkarinen, AOP Sodankyl\u00e4ss\u00e4 sijaitsevalla&hellip;\n","protected":false},"author":2,"featured_media":103273,"comment_status":"","ping_status":"","sticky":false,"template":"","format":"standard","meta":{"footnotes":""},"categories":[12],"tags":[35,648,22,23,26,27,33,31,30,17,2187,24,25,121,28,29,15,120,18,21,32,128,19,20,16],"class_list":{"0":"post-103272","1":"post","2":"type-post","3":"status-publish","4":"format-standard","5":"has-post-thumbnail","7":"category-suomi","8":"tag-24h","9":"tag-autot","10":"tag-breaking-news","11":"tag-breakingnews","12":"tag-featured-news","13":"tag-featurednews","14":"tag-fi","15":"tag-finland","16":"tag-finnish","17":"tag-headlines","18":"tag-kulkuneuvot","19":"tag-latest-news","20":"tag-latestnews","21":"tag-liikenne-ja-kuljetus","22":"tag-main-news","23":"tag-mainnews","24":"tag-news","25":"tag-onnettomuustapaus","26":"tag-otsikot","27":"tag-paauutiset","28":"tag-suomi","29":"tag-tieliikenne","30":"tag-top-stories","31":"tag-topstories","32":"tag-uutiset"},"share_on_mastodon":{"url":"https:\/\/pubeurope.com\/@fi\/115633757183539131","error":""},"_links":{"self":[{"href":"https:\/\/www.europesays.com\/fi\/wp-json\/wp\/v2\/posts\/103272","targetHints":{"allow":["GET"]}}],"collection":[{"href":"https:\/\/www.europesays.com\/fi\/wp-json\/wp\/v2\/posts"}],"about":[{"href":"https:\/\/www.europesays.com\/fi\/wp-json\/wp\/v2\/types\/post"}],"author":[{"embeddable":true,"href":"https:\/\/www.europesays.com\/fi\/wp-json\/wp\/v2\/users\/2"}],"replies":[{"embeddable":true,"href":"https:\/\/www.europesays.com\/fi\/wp-json\/wp\/v2\/comments?post=103272"}],"version-history":[{"count":0,"href":"https:\/\/www.europesays.com\/fi\/wp-json\/wp\/v2\/posts\/103272\/revisions"}],"wp:featuredmedia":[{"embeddable":true,"href":"https:\/\/www.europesays.com\/fi\/wp-json\/wp\/v2\/media\/103273"}],"wp:attachment":[{"href":"https:\/\/www.europesays.com\/fi\/wp-json\/wp\/v2\/media?parent=103272"}],"wp:term":[{"taxonomy":"category","embeddable":true,"href":"https:\/\/www.europesays.com\/fi\/wp-json\/wp\/v2\/categories?post=103272"},{"taxonomy":"post_tag","embeddable":true,"href":"https:\/\/www.europesays.com\/fi\/wp-json\/wp\/v2\/tags?post=103272"}],"curies":[{"name":"wp","href":"https:\/\/api.w.org\/{rel}","templated":true}]}}