{"id":103278,"date":"2025-11-29T16:03:08","date_gmt":"2025-11-29T16:03:08","guid":{"rendered":"https:\/\/www.europesays.com\/fi\/103278\/"},"modified":"2025-11-29T16:03:08","modified_gmt":"2025-11-29T16:03:08","slug":"il-seuraa-raimo-helmisen-kultakimpale-hurjana-valmentajalta-raju-purkaus-iltalehti","status":"publish","type":"post","link":"https:\/\/www.europesays.com\/fi\/103278\/","title":{"rendered":"IL seuraa: Raimo Helmisen kultakimpale hurjana \u2013 Valmentajalta raju purkaus &#8211; Iltalehti"},"content":{"rendered":"<ol>\n<li><a href=\"https:\/\/news.google.com\/rss\/articles\/CBMie0FVX3lxTFA3N0NNS01LdmlKbGNYWWxwMnY1RE80VnFMMTJiWEZab29vNC10czBsdzhlTnEzajN5WlhvMzJTSElfLV9HelFlenl0RGxGVjN0aGpCNENHMUZHRXo3ZHVMZ2FhMW0wU29WR3VnOUNFS3BxaUVtRXl2aHd5cw?oc=5\" target=\"_blank\" rel=\"nofollow noopener\">IL seuraa: Raimo Helmisen kultakimpale hurjana \u2013 Valmentajalta raju purkaus<\/a>&nbsp;&nbsp;Iltalehti<\/li>\n<li><a href=\"https:\/\/news.google.com\/rss\/articles\/CBMiXkFVX3lxTE5CdG1vV2Y4MjdpUklrNTc2TnNmdG1faFpxWTIyVzRxWUd2QlFzRjQtVVBkaVIxWWhCOFJyN0lQTEllWUV0MklhUDNhVnVTQW1NcVg4eUk5NlA2Ri1NMnc?oc=5\" target=\"_blank\" rel=\"nofollow noopener\">Raimo Helmisen SaiPalta hirmualku!<\/a>&nbsp;&nbsp;Ilta-Sanomat<\/li>\n<li><a href=\"https:\/\/news.google.com\/rss\/articles\/CBMiW0FVX3lxTE5CbUZCMDZ6M2lGYjlaNTZORkRkWUM4aFJyRUxWby1KVkRSWHlzcjJiV0hEWnNzMEhnNGpSZUZ5UHRxQklFZ1kyTnVPU1h5VkMyQWJzSklqRGVDQ00?oc=5\" target=\"_blank\" rel=\"nofollow noopener\">HIFK j\u00e4\u00e4dytt\u00e4\u00e4 Lennart Petrellin pelinumeron 32 \u2013 &#8221;Todellinen seuraikoni&#8221; | Urheilu<\/a>&nbsp;&nbsp;Helsingin Uutiset<\/li>\n<li><a href=\"https:\/\/news.google.com\/rss\/articles\/CBMipgFBVV95cUxNT2NiMW1wUTRPWUxtaEZMQzZpYl9rU2tpQkJUSTJHUVJDc2hvR28zdVpiSTV4RVhkMkhoam5Cb1E1Ni1SSDZINTFyTExTaGt4cVhFRm1aNkl4dkFteHBEX0EwUnBmeVQ0QW1TbE40QlVuUzFheGgxYTh2RHJPVE5Zb2NCazJtUExMYk1fZ0xmT1FOY2xzWWFrLVN1ZzhFWF9LRFlNekd3?oc=5\" target=\"_blank\" rel=\"nofollow noopener\">Nordiksella suuri ilta \u2013 yhdest\u00e4 asiasta HIFK-legenda oli t\u00e4ysin varma<\/a>&nbsp;&nbsp;Sportti.com<\/li>\n<li><a href=\"https:\/\/news.google.com\/rss\/articles\/CBMiiwFBVV95cUxNdDBOaDlMTzJNYWNsSGpyZk12RGdKV3ViSTdGQ3RHU2IzUElVMHhpa3F6QVZuSjZTUnVWaDBEZEd6VUhuQjRKUFE3R1ZKY2k3anl0QjY2UFNZTFR4Q1FjR3h4YUtXd0NNTmVxU1FKLTBic0c5X0JRWTJtamd6ZEo3eVdPM3lCN2l6cU04?oc=5\" target=\"_blank\" rel=\"nofollow noopener\">HIFK-kaksikko loukkaantui \u2013 ulkona kokoonpanosta<\/a>&nbsp;&nbsp;SuomiKiekko<\/li>\n<\/ol>\n","protected":false},"excerpt":{"rendered":"IL seuraa: Raimo Helmisen kultakimpale hurjana \u2013 Valmentajalta raju purkaus&nbsp;&nbsp;Iltalehti Raimo Helmisen SaiPalta hirmualku!&nbsp;&nbsp;Ilta-Sanomat HIFK j\u00e4\u00e4dytt\u00e4\u00e4 Lennart Petrellin&hellip;\n","protected":false},"author":2,"featured_media":103279,"comment_status":"","ping_status":"","sticky":false,"template":"","format":"standard","meta":{"footnotes":""},"categories":[158],"tags":[35,1144,1274,33,31,30,1143,41,1146,159,32,160],"class_list":{"0":"post-103278","1":"post","2":"type-post","3":"status-publish","4":"format-standard","5":"has-post-thumbnail","7":"category-urheilu","8":"tag-24h","9":"tag-ammattilaisjaakiekko","10":"tag-ammattiurheilu","11":"tag-fi","12":"tag-finland","13":"tag-finnish","14":"tag-jaakiekko","15":"tag-liikunta-ja-urheilu","16":"tag-miesten-jaakiekko","17":"tag-sports","18":"tag-suomi","19":"tag-urheilu"},"share_on_mastodon":{"url":"https:\/\/pubeurope.com\/@fi\/115633835624504536","error":""},"_links":{"self":[{"href":"https:\/\/www.europesays.com\/fi\/wp-json\/wp\/v2\/posts\/103278","targetHints":{"allow":["GET"]}}],"collection":[{"href":"https:\/\/www.europesays.com\/fi\/wp-json\/wp\/v2\/posts"}],"about":[{"href":"https:\/\/www.europesays.com\/fi\/wp-json\/wp\/v2\/types\/post"}],"author":[{"embeddable":true,"href":"https:\/\/www.europesays.com\/fi\/wp-json\/wp\/v2\/users\/2"}],"replies":[{"embeddable":true,"href":"https:\/\/www.europesays.com\/fi\/wp-json\/wp\/v2\/comments?post=103278"}],"version-history":[{"count":0,"href":"https:\/\/www.europesays.com\/fi\/wp-json\/wp\/v2\/posts\/103278\/revisions"}],"wp:featuredmedia":[{"embeddable":true,"href":"https:\/\/www.europesays.com\/fi\/wp-json\/wp\/v2\/media\/103279"}],"wp:attachment":[{"href":"https:\/\/www.europesays.com\/fi\/wp-json\/wp\/v2\/media?parent=103278"}],"wp:term":[{"taxonomy":"category","embeddable":true,"href":"https:\/\/www.europesays.com\/fi\/wp-json\/wp\/v2\/categories?post=103278"},{"taxonomy":"post_tag","embeddable":true,"href":"https:\/\/www.europesays.com\/fi\/wp-json\/wp\/v2\/tags?post=103278"}],"curies":[{"name":"wp","href":"https:\/\/api.w.org\/{rel}","templated":true}]}}