{"id":103284,"date":"2025-11-29T16:07:06","date_gmt":"2025-11-29T16:07:06","guid":{"rendered":"https:\/\/www.europesays.com\/fi\/103284\/"},"modified":"2025-11-29T16:07:06","modified_gmt":"2025-11-29T16:07:06","slug":"lentoliikennetta-sotkeneet-airbus-a320-tyyppisten-koneiden-turvallisuuspaivitykset-finnairin-osalta-ohi","status":"publish","type":"post","link":"https:\/\/www.europesays.com\/fi\/103284\/","title":{"rendered":"Lentoliikennett\u00e4 sotkeneet Airbus A320 -tyyppisten koneiden turvallisuusp\u00e4ivitykset Finnairin osalta ohi"},"content":{"rendered":"<p>\n\tSTT\t29.11.2025 13:13, muokattu<br \/>\n\t29.11.2025 13:44\n<\/p>\n<p>\t\t\t\t\t\t\t\t\tKotimaa<\/p>\n<p>Lentoliikennett\u00e4 laajalti h\u00e4irinnyt Airbus A320 -koneiden turvallisuusp\u00e4ivitysten tarve oli lauantaina Finnairin osalta ohi ja koneet lensiv\u00e4t normaalisti. Asiasta kertoi STT:lle s\u00e4hk\u00f6postitse yhti\u00f6n viestint\u00e4johtaja P\u00e4ivyt Tallqvist.<\/p>\n<p>Lentokonevalmistaja Airbus <a href=\"https:\/\/www.airbus.com\/en\/newsroom\/press-releases\/2025-11-airbus-update-on-a320-family-precautionary-fleet-action\" rel=\"nofollow noopener\" target=\"_blank\">m\u00e4\u00e4r\u00e4si<\/a> perjantaina koneisiinsa turvallisuusp\u00e4ivityksi\u00e4. Syyn\u00e4 oli vika, jonka vuoksi voimakas aurinkos\u00e4teily voi h\u00e4irit\u00e4 koneen ohjausta.<\/p>\n<p>Euroopan lentoturvallisuusviranomainen EASA <a href=\"https:\/\/www.easa.europa.eu\/en\/newsroom-and-events\/news\/easa-issues-emergency-airworthiness-directive-airbus-320-family\" rel=\"nofollow noopener\" target=\"_blank\">antoi<\/a> sunnuntain vastaisena y\u00f6n\u00e4 voimaan tulevan ohjeistuksen, jonka mukaan koneilla ei voi lent\u00e4\u00e4 ennen kuin ohjelmistop\u00e4ivitys on tehty.<\/p>\n<p>Finnairilla p\u00e4ivitystarve koski 12 konetta, ja p\u00e4ivitykset saatiin tehty\u00e4 jo lauantain vastaisena y\u00f6n\u00e4. Perjantaina tilanne aiheutti viiv\u00e4styksi\u00e4 yhti\u00f6n Airbus-kapearunkokoneiden lentoihin ja yksi meno-paluulennoista Lontooseen peruttiin.<\/p>\n<p>Useat lentoyhti\u00f6t eri maissa ilmoittivat lentojen peruutuksista my\u00f6s lauantaina. Airbus on kertonut p\u00e4ivitystarpeen voivan koskea yli kuuttatuhatta konetta.<\/p>\n","protected":false},"excerpt":{"rendered":"STT 29.11.2025 13:13, muokattu 29.11.2025 13:44 Kotimaa Lentoliikennett\u00e4 laajalti h\u00e4irinnyt Airbus A320 -koneiden turvallisuusp\u00e4ivitysten tarve oli lauantaina Finnairin&hellip;\n","protected":false},"author":2,"featured_media":103285,"comment_status":"","ping_status":"","sticky":false,"template":"","format":"standard","meta":{"footnotes":""},"categories":[76],"tags":[79,77,33,31,30,32,78],"class_list":{"0":"post-103284","1":"post","2":"type-post","3":"status-publish","4":"format-standard","5":"has-post-thumbnail","7":"category-talous","8":"tag-business","9":"tag-economy","10":"tag-fi","11":"tag-finland","12":"tag-finnish","13":"tag-suomi","14":"tag-talous"},"share_on_mastodon":{"url":"https:\/\/pubeurope.com\/@fi\/115633851282354348","error":""},"_links":{"self":[{"href":"https:\/\/www.europesays.com\/fi\/wp-json\/wp\/v2\/posts\/103284","targetHints":{"allow":["GET"]}}],"collection":[{"href":"https:\/\/www.europesays.com\/fi\/wp-json\/wp\/v2\/posts"}],"about":[{"href":"https:\/\/www.europesays.com\/fi\/wp-json\/wp\/v2\/types\/post"}],"author":[{"embeddable":true,"href":"https:\/\/www.europesays.com\/fi\/wp-json\/wp\/v2\/users\/2"}],"replies":[{"embeddable":true,"href":"https:\/\/www.europesays.com\/fi\/wp-json\/wp\/v2\/comments?post=103284"}],"version-history":[{"count":0,"href":"https:\/\/www.europesays.com\/fi\/wp-json\/wp\/v2\/posts\/103284\/revisions"}],"wp:featuredmedia":[{"embeddable":true,"href":"https:\/\/www.europesays.com\/fi\/wp-json\/wp\/v2\/media\/103285"}],"wp:attachment":[{"href":"https:\/\/www.europesays.com\/fi\/wp-json\/wp\/v2\/media?parent=103284"}],"wp:term":[{"taxonomy":"category","embeddable":true,"href":"https:\/\/www.europesays.com\/fi\/wp-json\/wp\/v2\/categories?post=103284"},{"taxonomy":"post_tag","embeddable":true,"href":"https:\/\/www.europesays.com\/fi\/wp-json\/wp\/v2\/tags?post=103284"}],"curies":[{"name":"wp","href":"https:\/\/api.w.org\/{rel}","templated":true}]}}