{"id":103297,"date":"2025-11-29T16:33:11","date_gmt":"2025-11-29T16:33:11","guid":{"rendered":"https:\/\/www.europesays.com\/fi\/103297\/"},"modified":"2025-11-29T16:33:11","modified_gmt":"2025-11-29T16:33:11","slug":"metsateollisuus-ry-eun-uusi-biotalousstrategia-vahvistaa-metsateollisuuden-roolia-vihreassa-siirtymassa-metsatrans-lehti","status":"publish","type":"post","link":"https:\/\/www.europesays.com\/fi\/103297\/","title":{"rendered":"Mets\u00e4teollisuus ry: EU:n uusi biotalousstrategia vahvistaa mets\u00e4teollisuuden roolia vihre\u00e4ss\u00e4 siirtym\u00e4ss\u00e4 &#8211; Mets\u00e4trans-Lehti"},"content":{"rendered":"<ol>\n<li><a href=\"https:\/\/news.google.com\/rss\/articles\/CBMi2wFBVV95cUxOcXc5bGVtbHJ3YWtkNW9KWWtnQ1hUNXZrN2tYbFJjRXF3d1RCUlYySDJ0V3RPT1UxUGw1eGM1QlU1ZEg5aFF6QkJqSUg0LTlqYzhQaktJNFluQndlbk82WGVKSWhwN3lwNEJ2UFR4c21hN0g2VGZwLWpaUWhsV293NnFpOW15M3RYQkZ4RTNnbFhDMnRyNXFrSVlCQXItcEpBVHI4Qzl4clRrbjVScGpBNlhvUndDd0R2b2YxcHdzSG0xRXRRTHBJby1SR3U4WU5wT2pfcXdiUjNrYnM?oc=5\" target=\"_blank\" rel=\"nofollow noopener\">Mets\u00e4teollisuus ry: EU:n uusi biotalousstrategia vahvistaa mets\u00e4teollisuuden roolia vihre\u00e4ss\u00e4 siirtym\u00e4ss\u00e4<\/a>&nbsp;&nbsp;Mets\u00e4trans-Lehti<\/li>\n<li><a href=\"https:\/\/news.google.com\/rss\/articles\/CBMiYEFVX3lxTE9MdXhMbnZ1UUxZcEVpTEZvVW5pbnVzdlFJQXMwUHVELTBIWXItV19fMkt1NGRrZThHU3JLeFcySmFSdHdqSk1PczVfZjVpVmVwd2FySXNDY2NLX3kzQ0JSMA?oc=5\" target=\"_blank\" rel=\"nofollow noopener\">Ymp\u00e4rist\u00f6 | Bioenergian k\u00e4ytt\u00f6 lis\u00e4\u00e4 hakkuita, mutta EU lykk\u00e4si vaikeita p\u00e4\u00e4t\u00f6ksi\u00e4<\/a>&nbsp;&nbsp;HS.fi<\/li>\n<li><a href=\"https:\/\/news.google.com\/rss\/articles\/CBMifkFVX3lxTE9tQVRsNm4yREJOTHYzaWxoRWpKR2ttY2toQXNiaXlVY2ItdXRWSXdDeWo5TV9pUGJ1TU5saWJ2RHoyMENiWlBGZnFFSWZGTF9tOGEtQ0ZlVGg1MFRQcDlTMFdPdHVQb2VOQUJEMTN5R1lKSVZ4WDRpTldkOVJlZw?oc=5\" target=\"_blank\" rel=\"nofollow noopener\">Biotaloudesta miljardibisnes \u2013 EU:lta vahva signaali mets\u00e4teollisuudelle<\/a>&nbsp;&nbsp;Kauppalehti<\/li>\n<li><a href=\"https:\/\/news.google.com\/rss\/articles\/CBMiogFBVV95cUxQQkpJMGl1LWJMaXVtdDRGZmxuakRDbGJNTjZWUDZTRkpuRmpTOVgtTXk5Ni1nNFczUkxaaEx6MGx3cVJlYkVKaEhpR0Q0SDNRWG1iVlZZLWoxVWNsN19uSTNSOV8tTVg1U3lSVGJraEhKaU5icmVkeldqS1Z5SmZnbHE0c0J2QUdMV0hud2tnTGJ1RG80VlZHZ2NUbXJCVm5UcHc?oc=5\" target=\"_blank\" rel=\"nofollow noopener\">Katainen: biotalouteen panostamalla p\u00e4\u00e4semme pois tarkkailuluokalta<\/a>&nbsp;&nbsp;Suomenmaa.fi<\/li>\n<li><a href=\"https:\/\/news.google.com\/rss\/articles\/CBMiwwFBVV95cUxNcTFXYUtRMmlUT29Cd0R1SUhfd2MzbGx4QVJnNUZmQ0hjc0FNTm5ONHJEZ0d4bVM2dVpsZE85R3k5UGYzOTNET2I3Zld4Z1RTblpuV3AwSTVCMUFxU0VKM21sMTNydXBBcnZ3YkxOTHYxcUljZVV1dUxDcE5kdzB6em56aDlLLXFCQy1BTklHQ2JCaXpKLVlQSEhtVWQ5eXBqWDlFT2ZjYnM4TktoMVpJUmhBdTllX3VaOWhNVnNHWHNCa00?oc=5\" target=\"_blank\" rel=\"nofollow noopener\">MTK: Uusi EU-strategia vauhdittaa biotaloutta \u2013 mahdollisuuksia metsille ja maataloudelle<\/a>&nbsp;&nbsp;Mets\u00e4trans-Lehti<\/li>\n<\/ol>\n","protected":false},"excerpt":{"rendered":"Mets\u00e4teollisuus ry: EU:n uusi biotalousstrategia vahvistaa mets\u00e4teollisuuden roolia vihre\u00e4ss\u00e4 siirtym\u00e4ss\u00e4&nbsp;&nbsp;Mets\u00e4trans-Lehti Ymp\u00e4rist\u00f6 | Bioenergian k\u00e4ytt\u00f6 lis\u00e4\u00e4 hakkuita, mutta EU&hellip;\n","protected":false},"author":2,"featured_media":103298,"comment_status":"","ping_status":"","sticky":false,"template":"","format":"standard","meta":{"footnotes":""},"categories":[76],"tags":[79,77,33,31,30,32,78],"class_list":{"0":"post-103297","1":"post","2":"type-post","3":"status-publish","4":"format-standard","5":"has-post-thumbnail","7":"category-talous","8":"tag-business","9":"tag-economy","10":"tag-fi","11":"tag-finland","12":"tag-finnish","13":"tag-suomi","14":"tag-talous"},"share_on_mastodon":{"url":"https:\/\/pubeurope.com\/@fi\/115633953464666817","error":""},"_links":{"self":[{"href":"https:\/\/www.europesays.com\/fi\/wp-json\/wp\/v2\/posts\/103297","targetHints":{"allow":["GET"]}}],"collection":[{"href":"https:\/\/www.europesays.com\/fi\/wp-json\/wp\/v2\/posts"}],"about":[{"href":"https:\/\/www.europesays.com\/fi\/wp-json\/wp\/v2\/types\/post"}],"author":[{"embeddable":true,"href":"https:\/\/www.europesays.com\/fi\/wp-json\/wp\/v2\/users\/2"}],"replies":[{"embeddable":true,"href":"https:\/\/www.europesays.com\/fi\/wp-json\/wp\/v2\/comments?post=103297"}],"version-history":[{"count":0,"href":"https:\/\/www.europesays.com\/fi\/wp-json\/wp\/v2\/posts\/103297\/revisions"}],"wp:featuredmedia":[{"embeddable":true,"href":"https:\/\/www.europesays.com\/fi\/wp-json\/wp\/v2\/media\/103298"}],"wp:attachment":[{"href":"https:\/\/www.europesays.com\/fi\/wp-json\/wp\/v2\/media?parent=103297"}],"wp:term":[{"taxonomy":"category","embeddable":true,"href":"https:\/\/www.europesays.com\/fi\/wp-json\/wp\/v2\/categories?post=103297"},{"taxonomy":"post_tag","embeddable":true,"href":"https:\/\/www.europesays.com\/fi\/wp-json\/wp\/v2\/tags?post=103297"}],"curies":[{"name":"wp","href":"https:\/\/api.w.org\/{rel}","templated":true}]}}