{"id":103300,"date":"2025-11-29T16:35:08","date_gmt":"2025-11-29T16:35:08","guid":{"rendered":"https:\/\/www.europesays.com\/fi\/103300\/"},"modified":"2025-11-29T16:35:08","modified_gmt":"2025-11-29T16:35:08","slug":"turisteja-kuljettanut-minibussi-pyorahti-katon-kautta-ympari-posiolla","status":"publish","type":"post","link":"https:\/\/www.europesays.com\/fi\/103300\/","title":{"rendered":"Turisteja kuljettanut minibussi py\u00f6r\u00e4hti katon kautta ymp\u00e4ri Posiolla"},"content":{"rendered":"<p>Onnettomuudet|Posiolla sattui my\u00f6s toinen minibussionnettomuus. Pelastuslaitoksen tiedon mukaan henkil\u00f6vahingoilta v\u00e4ltyttiin.<\/p>\n<p class=\"article-body mb-nof-24 px-nof-16\">Posiolla tapahtui lauantaina kaksi onnettomuutta, joissa kummassakin oli osallisena minibussi, Lapin pelastuslaitos tiedottaa.<\/p>\n<p class=\"article-body mb-nof-24 px-nof-16\">Pelastuslaitos sai ilmoituksen onnettomuudesta Saukkovaarantiell\u00e4 hieman ennen klo 16.<\/p>\n<p class=\"article-body mb-nof-24 px-nof-16\">Tiedotteen mukaan yksi minibussi oli py\u00f6rinyt katon kautta ymp\u00e4ri syvennykseen ja toinen suistunut ojaan.<\/p>\n<p class=\"article-body mb-nof-24 px-nof-16\">P\u00e4ivyst\u00e4v\u00e4n palomestarin <a class=\"article-personlink\" href=\"https:\/\/www.hs.fi\/haku\/?query=Timo%20Nyholmin\" rel=\"nofollow noopener\" target=\"_blank\">Timo Nyholmin<\/a> mukaan onnettomuudet eiv\u00e4t liity toisiinsa. H\u00e4nen mukaansa oli sattumaa, ett\u00e4 samassa paikassa oli sattunut kaksi onnettomuutta.<\/p>\n<p class=\"article-body mb-nof-24 px-nof-16\">Busseissa oli yhteens\u00e4 13 matkustajaa, jotka olivat ulkomaalaisia turisteja, tiedotteessa kerrotaan.<\/p>\n<p class=\"article-body mb-nof-24 px-nof-16\">Pelastuslaitoksen tiedon mukaan pahoilta henkil\u00f6vahingoilta v\u00e4ltyttiin. Kolme henkil\u00f6\u00e4 sai apua ensihoidolta, tiedotteessa kerrotaan.<\/p>\n<p class=\"article-body mb-nof-24 px-nof-16\">Nyholm ei osaa sanoa onnettomuuksien syyt\u00e4, mutta ep\u00e4ilee liukkauden vaikuttaneen tapahtuneeseen.<\/p>\n<p class=\"article-body nof-ui-body-medium mb-nof-24 px-nof-16\">Oikaisu 29.11. kello 18.30: Aiemmin jutussa kerrottiin virheellisesti, ett\u00e4 minibussit olisivat osallisena samassa onnettomuudessa. Kyseess\u00e4 oli kuitenkin kaksi eri onnettomuutta.<\/p>\n","protected":false},"excerpt":{"rendered":"Onnettomuudet|Posiolla sattui my\u00f6s toinen minibussionnettomuus. Pelastuslaitoksen tiedon mukaan henkil\u00f6vahingoilta v\u00e4ltyttiin. Posiolla tapahtui lauantaina kaksi onnettomuutta, joissa kummassakin oli&hellip;\n","protected":false},"author":2,"featured_media":96697,"comment_status":"","ping_status":"","sticky":false,"template":"","format":"standard","meta":{"footnotes":""},"categories":[12],"tags":[22,23,26,27,33,31,30,17,46,24,25,28,29,15,18,21,32,19,20,16],"class_list":{"0":"post-103300","1":"post","2":"type-post","3":"status-publish","4":"format-standard","5":"has-post-thumbnail","7":"category-suomi","8":"tag-breaking-news","9":"tag-breakingnews","10":"tag-featured-news","11":"tag-featurednews","12":"tag-fi","13":"tag-finland","14":"tag-finnish","15":"tag-headlines","16":"tag-helsingin-sanomat","17":"tag-latest-news","18":"tag-latestnews","19":"tag-main-news","20":"tag-mainnews","21":"tag-news","22":"tag-otsikot","23":"tag-paauutiset","24":"tag-suomi","25":"tag-top-stories","26":"tag-topstories","27":"tag-uutiset"},"share_on_mastodon":{"url":"https:\/\/pubeurope.com\/@fi\/115633961718798598","error":""},"_links":{"self":[{"href":"https:\/\/www.europesays.com\/fi\/wp-json\/wp\/v2\/posts\/103300","targetHints":{"allow":["GET"]}}],"collection":[{"href":"https:\/\/www.europesays.com\/fi\/wp-json\/wp\/v2\/posts"}],"about":[{"href":"https:\/\/www.europesays.com\/fi\/wp-json\/wp\/v2\/types\/post"}],"author":[{"embeddable":true,"href":"https:\/\/www.europesays.com\/fi\/wp-json\/wp\/v2\/users\/2"}],"replies":[{"embeddable":true,"href":"https:\/\/www.europesays.com\/fi\/wp-json\/wp\/v2\/comments?post=103300"}],"version-history":[{"count":0,"href":"https:\/\/www.europesays.com\/fi\/wp-json\/wp\/v2\/posts\/103300\/revisions"}],"wp:featuredmedia":[{"embeddable":true,"href":"https:\/\/www.europesays.com\/fi\/wp-json\/wp\/v2\/media\/96697"}],"wp:attachment":[{"href":"https:\/\/www.europesays.com\/fi\/wp-json\/wp\/v2\/media?parent=103300"}],"wp:term":[{"taxonomy":"category","embeddable":true,"href":"https:\/\/www.europesays.com\/fi\/wp-json\/wp\/v2\/categories?post=103300"},{"taxonomy":"post_tag","embeddable":true,"href":"https:\/\/www.europesays.com\/fi\/wp-json\/wp\/v2\/tags?post=103300"}],"curies":[{"name":"wp","href":"https:\/\/api.w.org\/{rel}","templated":true}]}}