{"id":103301,"date":"2025-11-29T16:36:12","date_gmt":"2025-11-29T16:36:12","guid":{"rendered":"https:\/\/www.europesays.com\/fi\/103301\/"},"modified":"2025-11-29T16:36:12","modified_gmt":"2025-11-29T16:36:12","slug":"hiihtotuomio-johanna-matintalolta-suoraa-puhetta-kilpasiskon-poyhkeasta-touhusta-suomen-hiihtajia-rangaistiin-joukolla","status":"publish","type":"post","link":"https:\/\/www.europesays.com\/fi\/103301\/","title":{"rendered":"Hiihtotuomio: Johanna Matintalolta suoraa puhetta kilpasiskon p\u00f6yhke\u00e4st\u00e4 touhusta \u2013 Suomen hiiht\u00e4ji\u00e4 rangaistiin joukolla"},"content":{"rendered":"<p>Tuomiossa puidaan sprinttip\u00e4iv\u00e4n k\u00e4\u00e4nteit\u00e4.<\/p>\n<p>Video: Valintasoppa muhii.<\/p>\n<p class=\"article-body mb-nof-24 px-nof-16\">Rukan maailmancupissa hiihdettiin lauantaina perinteisen sprintit.<\/p>\n<p class=\"article-body mb-nof-24 px-nof-16\"><a class=\"article-personlink\" href=\"https:\/\/www.is.fi\/haku\/?query=Johanna%20Matintalo\" rel=\"nofollow noopener\" target=\"_blank\">Johanna Matintalo<\/a> ja <a class=\"article-personlink\" href=\"https:\/\/www.is.fi\/haku\/?query=Lauri%20Vuorinen\" rel=\"nofollow noopener\" target=\"_blank\">Lauri Vuorinen<\/a> sijoittuivat parhaina suomalaisina kuudensiksi. Voitot meniv\u00e4t Norjaan: <a class=\"article-personlink\" href=\"https:\/\/www.is.fi\/haku\/?query=Johannes%20Kl%C3%A4bolle\" rel=\"nofollow noopener\" target=\"_blank\">Johannes Kl\u00e4bolle<\/a> ja <a class=\"article-personlink\" href=\"https:\/\/www.is.fi\/haku\/?query=Kristine%20Skistadille\" rel=\"nofollow noopener\" target=\"_blank\">Kristine Skistadille<\/a>.<\/p>\n<p class=\"article-body mb-nof-24 px-nof-16\">Tuomion antavat <a class=\"article-personlink\" href=\"https:\/\/www.is.fi\/haku\/?query=Ville%20Touru\" rel=\"nofollow noopener\" target=\"_blank\">Ville Touru<\/a>, <a class=\"article-personlink\" href=\"https:\/\/www.is.fi\/haku\/?query=Tatu%20Myllykoski\" rel=\"nofollow noopener\" target=\"_blank\">Tatu Myllykoski <\/a>ja asiantuntija <a class=\"article-personlink\" href=\"https:\/\/www.is.fi\/haku\/?query=Harri%20Kirvesniemi\" rel=\"nofollow noopener\" target=\"_blank\">Harri Kirvesniemi<\/a>.<\/p>\n<p>Ville TouruT\u00e4hti<\/p>\n<p class=\"article-body mb-nof-24 px-nof-16\"><a class=\"article-personlink\" href=\"https:\/\/www.is.fi\/haku\/?query=Emil%20Liekari\" rel=\"nofollow noopener\" target=\"_blank\">Emil Liekari<\/a>, 24, antoi sprinttimiesten julmassa kisassa heti kauden k\u00e4rkeen kovan olympian\u00e4yt\u00f6n painelemalla kolmatta kertaa urallaan v\u00e4lieriin. Kisan j\u00e4lkeen Liekari ilmoitti median edess\u00e4, ettei tykk\u00e4\u00e4 yht\u00e4\u00e4n tuppisuista ja pieksi suutaan v\u00e4h\u00e4n joka suuntaan. Liekarista kuullaan takuulla viel\u00e4 paljon.<\/p>\n<p class=\"article-body mb-nof-24 px-nof-16\">Lue lis\u00e4\u00e4: <a class=\"article-genericlink\" href=\"https:\/\/www.is.fi\/maastohiihto\/art-2000011659359.html\" rel=\"nofollow noopener\" target=\"_blank\">Suomen maajoukkuehiiht\u00e4j\u00e4t ottivat yhteen kulisseissa \u2013 \u201dEn tykk\u00e4\u00e4 tuppisuista yht\u00e4\u00e4n\u201d<\/a><\/p>\n<p><img decoding=\"async\" src=\"https:\/\/www.europesays.com\/fi\/wp-content\/uploads\/2025\/11\/1764434170_184_468.jpg\" alt=\"Emil Liekari s\u00e4v\u00e4ytti ladulla ja sen ulkopuolella.\" class=\"_Img_1rerz_1\" style=\"aspect-ratio:1.5\" loading=\"eager\"\/><\/p>\n<p class=\"article-picture-caption\">Emil Liekari s\u00e4v\u00e4ytti ladulla ja sen ulkopuolella. Kuva:\u00a0Antti H\u00e4m\u00e4l\u00e4inen\/IS<\/p>\n<p>Puheenaihe<\/p>\n<p class=\"article-body mb-nof-24 px-nof-16\"><a class=\"article-personlink\" href=\"https:\/\/www.is.fi\/haku\/?query=Kristine%20Skistad\" rel=\"nofollow noopener\" target=\"_blank\">Kristine Skistad<\/a> on melkoinen hahmo. Ennen kautta Skistad j\u00e4rjesti kohua t\u00f6lvim\u00e4ll\u00e4 mm. Ruotsin <a class=\"article-personlink\" href=\"https:\/\/www.is.fi\/haku\/?query=Maja%20Dahlqvistia\" rel=\"nofollow noopener\" target=\"_blank\">Maja Dahlqvistia<\/a> maansa mediassa. Kisoissa ja kisapaikoilla sprinttihirmu Skistad on ilmeet\u00f6n tuloksentekokone kuin terminaattori konsanaan.<\/p>\n<p class=\"article-body mb-nof-24 px-nof-16\">\u2013 En tunne yht\u00e4\u00e4n, eik\u00e4 h\u00e4n paljon muille juttele. Mystinen, <a class=\"article-personlink\" href=\"https:\/\/www.is.fi\/haku\/?query=Johanna%20Matintalo\" rel=\"nofollow noopener\" target=\"_blank\">Johanna Matintalo <\/a>luonnehtii kilpasiskoaan.<\/p>\n<p class=\"article-body mb-nof-24 px-nof-16\">\u2013 Liven\u00e4 ollaan aika hiljaista ja paukutetaan sitten mediassa kommentteja. Onhan sekin tyyli, mutta ei ole minun tyylini, Matintalo jatkoi.<\/p>\n<p><img decoding=\"async\" src=\"https:\/\/www.europesays.com\/fi\/wp-content\/uploads\/2025\/11\/1764434170_447_468.jpg\" alt=\"Kristine Skistad on kivikasvoinen latuterminaattori.\" class=\"_Img_1rerz_1\" style=\"aspect-ratio:1.5\" loading=\"eager\"\/><\/p>\n<p class=\"article-picture-caption\">Kristine Skistad on kivikasvoinen latuterminaattori. Kuva:\u00a0Kimmo Brandt \/ EPA<\/p>\n<p>Moka<\/p>\n<p class=\"article-body mb-nof-24 px-nof-16\">Suomalaisia rangaistiin harvinaisesti oikein joukolla sprintiss\u00e4, kun sek\u00e4 <a class=\"article-personlink\" href=\"https:\/\/www.is.fi\/haku\/?query=Joni%20M%C3%A4elle\" rel=\"nofollow noopener\" target=\"_blank\">Joni M\u00e4elle <\/a>ett\u00e4 <a class=\"article-personlink\" href=\"https:\/\/www.is.fi\/haku\/?query=Amanda%20Saarelle\" rel=\"nofollow noopener\" target=\"_blank\">Amanda Saarelle<\/a> l\u00e4tk\u00e4istiin keltaiset kortit. Saarelle luistelupotkuista, M\u00e4elle kohelluksesta alkuer\u00e4n rytin\u00e4ss\u00e4, jossa h\u00e4n katkaisi sauvansa.<\/p>\n<p class=\"article-body mb-nof-24 px-nof-16\">Saari ja M\u00e4ki olivat jo tuloksiensakin puolesta luultavasti p\u00e4iv\u00e4n pettyneimm\u00e4t suomalaiset. Viel\u00e4 lis\u00e4rangaistus p\u00e4\u00e4lle synkensi p\u00e4iv\u00e4\u00e4 entisest\u00e4\u00e4n. Kummallakaan ei ole en\u00e4\u00e4 t\u00e4m\u00e4n kauden aikana varaa keltaiseen tai muuten pamahtaa hylsy \u2013 kuten <a class=\"article-personlink\" href=\"https:\/\/www.is.fi\/haku\/?query=Emma%20Ribomille\" rel=\"nofollow noopener\" target=\"_blank\">Emma Ribomille<\/a> lauantaina.<\/p>\n<p>Yll\u00e4tys<\/p>\n<p class=\"article-body mb-nof-24 px-nof-16\">Suomen sprinttitaso on noussut jo sellaiseksi, ett\u00e4 kaksi finaalipaikkaa (ja kuutossijaa) tuntuu hieman pettymykselt\u00e4.<\/p>\n<p>Tatu MyllykoskiT\u00e4hti<\/p>\n<p class=\"article-body mb-nof-24 px-nof-16\">Miesten er\u00e4jakotilaisuudessa n\u00e4htiin taas tuttu tilanne, kun kaikki muut hiiht\u00e4j\u00e4t v\u00e4ltteliv\u00e4t joutumista pel\u00e4ttyyn ykk\u00f6ser\u00e4\u00e4n, johon olivat jo ilmoittautuneet <a class=\"article-personlink\" href=\"https:\/\/www.is.fi\/haku\/?query=Johannes%20Hosflot%20Kl%C3%A4bo\" rel=\"nofollow noopener\" target=\"_blank\">Johannes Hosflot Kl\u00e4bo<\/a> ja <a class=\"article-personlink\" href=\"https:\/\/www.is.fi\/haku\/?query=Erik%20Valnes\" rel=\"nofollow noopener\" target=\"_blank\">Erik Valnes<\/a>. Kuolemaner\u00e4\u00e4n joutuivat lopulta kolme viimeisen\u00e4 valitsemaan p\u00e4\u00e4ssytt\u00e4 hiiht\u00e4j\u00e4\u00e4. Lopputulos: norjalaiskaksikko jatkoon, muut ulos.<\/p>\n<p class=\"article-body mb-nof-24 px-nof-16\">Kl\u00e4bo on niin ylivoimainen, ett\u00e4 muut pelk\u00e4\u00e4v\u00e4t.<\/p>\n<p>Puheenaihe<\/p>\n<p class=\"article-body mb-nof-24 px-nof-16\"><a class=\"article-personlink\" href=\"https:\/\/www.is.fi\/haku\/?query=Lauri%20Vuorinen\" rel=\"nofollow noopener\" target=\"_blank\">Lauri Vuorinen <\/a>sammui finaalissa, mutta h\u00e4n ehti sit\u00e4 ennen osoittaa olevansa ihan yht\u00e4 kovassa iskussa kuin viime kaudellakin. Sprintin MM-mitalisti on viel\u00e4 keskenkuntoinen, mik\u00e4 on olympialaisten kannalta hyv\u00e4 asia.<\/p>\n<p class=\"article-body mb-nof-24 px-nof-16\">Vuorisen sprinttihiiht\u00e4minen on komean n\u00e4k\u00f6ist\u00e4. Erien aluissa h\u00e4n s\u00e4\u00e4stelee voimiaan mink\u00e4 pystyy, ja lopussa paketti pysyy ihailtavasti kasassa, vaikka vauhti ja laktaatit kasvavat.<\/p>\n<p><img decoding=\"async\" src=\"https:\/\/www.europesays.com\/fi\/wp-content\/uploads\/2025\/11\/1764434171_576_468.jpg\" alt=\"Lauri Vuorinen ja Johanna Matintalo olivat p\u00e4iv\u00e4n parhaat suomalaiset.\" class=\"_Img_1rerz_1\" style=\"aspect-ratio:1.5\" loading=\"eager\"\/><\/p>\n<p class=\"article-picture-caption\">Lauri Vuorinen ja Johanna Matintalo olivat p\u00e4iv\u00e4n parhaat suomalaiset. Kuva:\u00a0Juhani Niiranen \/ HS<\/p>\n<p>Moka<\/p>\n<p class=\"article-body mb-nof-24 px-nof-16\">Ei varsinainen moka, mutta monet mieshiiht\u00e4j\u00e4t, <a class=\"article-personlink\" href=\"https:\/\/www.is.fi\/haku\/?query=Niilo%20Moilanen\" rel=\"nofollow noopener\" target=\"_blank\">Niilo Moilanen <\/a>ja <a class=\"article-personlink\" href=\"https:\/\/www.is.fi\/haku\/?query=Joni%20M%C3%A4ki\" rel=\"nofollow noopener\" target=\"_blank\">Joni M\u00e4ki <\/a>etunen\u00e4ss\u00e4, olisivat tarvinneet lauantailta v\u00e4kev\u00e4t olympian\u00e4yt\u00f6t. Vain seitsem\u00e4n miest\u00e4 p\u00e4\u00e4see kisoihin, joten kovia nimi\u00e4 j\u00e4\u00e4 ulos. Normaalimatkoja s\u00e4\u00e4llist\u00e4 vauhtia hiiht\u00e4v\u00e4t ovat valinnoissa etusijalla pelk\u00e4st\u00e4\u00e4n viestin takia, eik\u00e4 Suomella ole varaa l\u00e4hett\u00e4\u00e4 kisoihin montaakaan puhdasta sprinttimiest\u00e4.<\/p>\n<p class=\"article-body mb-nof-24 px-nof-16\">On vasta marraskuu, mutta valintasoppa kiehuu jo nyt holtittomasti.<\/p>\n<p><img decoding=\"async\" src=\"https:\/\/www.europesays.com\/fi\/wp-content\/uploads\/2025\/11\/1764434172_257_468.jpg\" alt=\"Joni M\u00e4ki k\u00e4rsi sauvarikon ja j\u00e4i lopputuloksissa sijalle 26.\" class=\"_Img_1rerz_1\" style=\"aspect-ratio:1.5\" loading=\"eager\"\/><\/p>\n<p class=\"article-picture-caption\">Joni M\u00e4ki k\u00e4rsi sauvarikon ja j\u00e4i lopputuloksissa sijalle 26. Kuva:\u00a0Antti H\u00e4m\u00e4l\u00e4inen\/IS<\/p>\n<p>Yll\u00e4tys<\/p>\n<p class=\"article-body mb-nof-24 px-nof-16\"><a class=\"article-personlink\" href=\"https:\/\/www.is.fi\/haku\/?query=Jasmi%20Joensuu\" rel=\"nofollow noopener\" target=\"_blank\">Jasmi Joensuu<\/a> oli j\u00e4\u00e4nyt edellisen kerran ulos Rukan sprinttifinaalista marraskuussa 2021. Lauantaina v\u00e4lier\u00e4 meni m\u00f6nk\u00e4\u00e4n viimeisess\u00e4 nousussa, jossa h\u00e4n joutui hy\u00f6rim\u00e4\u00e4n ja py\u00f6rim\u00e4\u00e4n kaistalta toiselle etsiess\u00e4\u00e4n pitoa. Ei Joensuun jalkakaan lauantaina ollut ihan raikkaimmillaan.<\/p>\n<p>Harri KirvesniemiT\u00e4hti<\/p>\n<p class=\"article-body mb-nof-24 px-nof-16\">Valitettavasti suomalaisilta j\u00e4iv\u00e4t t\u00e4m\u00e4n kategorian suoritukset puuttumaan. P\u00e4iv\u00e4n t\u00e4hdet olivat kilpailujen voittajat <a class=\"article-personlink\" href=\"https:\/\/www.is.fi\/haku\/?query=Kristine%20Stav%C3%A5s%20Skistad\" rel=\"nofollow noopener\" target=\"_blank\">Kristine Stav\u00e5s Skistad <\/a>ja <a class=\"article-personlink\" href=\"https:\/\/www.is.fi\/haku\/?query=Johannes%20H%C3%B6stflot%20Kl%C3%A4bo\" rel=\"nofollow noopener\" target=\"_blank\">Johannes H\u00f6stflot Kl\u00e4bo<\/a>. Yhdenk\u00e4\u00e4n potentiaalisen haastajan meno ei t\u00e4ysin vakuuttanut. Suorituskyky on viel\u00e4 ruosteessa eik\u00e4 se riitt\u00e4nyt normaalien vahvuuksien hy\u00f6dynt\u00e4miseen ja voittajien haastamiseen. Olympiatalvena p\u00e4\u00e4t\u00e4ht\u00e4in on reilun kahden kuukauden p\u00e4\u00e4ss\u00e4. Se n\u00e4kyy t\u00e4ss\u00e4 vaiheessa kautta eri tavoin kuin MM-talvina.<\/p>\n<p><img decoding=\"async\" src=\"https:\/\/www.europesays.com\/fi\/wp-content\/uploads\/2025\/11\/1764434172_953_468.jpg\" alt=\"Johannes H\u00f6sflot Kl\u00e4bo pehmitti muut.\" class=\"_Img_1rerz_1\" style=\"aspect-ratio:1.5\" loading=\"eager\"\/><\/p>\n<p class=\"article-picture-caption\">Johannes H\u00f6sflot Kl\u00e4bo pehmitti muut. Kuva:\u00a0Juhani Niiranen \/ HS<\/p>\n<p>Puheenaihe<\/p>\n<p class=\"article-body mb-nof-24 px-nof-16\">Tuttuakin tutumpi puheenaihe suomalaisittain. Vahvat aika-ajot ja hyv\u00e4 alkuer\u00e4vaihe. V\u00e4lieriin p\u00e4\u00e4sseiden vauhti hyytyi kuitenkin muilla paitsi<a class=\"article-personlink\" href=\"https:\/\/www.is.fi\/haku\/?query=%20Johanna%20Matintalolla\" rel=\"nofollow noopener\" target=\"_blank\"> Johanna Matintalolla <\/a>ja<a class=\"article-personlink\" href=\"https:\/\/www.is.fi\/haku\/?query=%20Lauri%20Vuorisella\" rel=\"nofollow noopener\" target=\"_blank\"> Lauri Vuorisella<\/a>. Heille puolestaan finaalin viimeinen nousu oli liian raskas. Jaksaminen ei kest\u00e4 viel\u00e4 nelj\u00e4\u00e4 kovaa vetoa.<\/p>\n<p class=\"article-body mb-nof-24 px-nof-16\">Useilla suomalaisilla hyytymiseen vaikutti my\u00f6s hieman kriittinen pito loppunousun rynnistyksess\u00e4. Luistopuolella Suomi onnistui mainiosti. Olympialaisia ajatellen on t\u00e4rkeint\u00e4, ett\u00e4 kaikki potentiaaliset sprinttimenestyj\u00e4mme ovat alkukaudesta osoittaneet perusvalmiuksien olevan kunnossa. Edell\u00e4 mainittujen lis\u00e4ksi <a class=\"article-personlink\" href=\"https:\/\/www.is.fi\/haku\/?query=Jasmi%20Joensuulta\" rel=\"nofollow noopener\" target=\"_blank\">Jasmi Joensuulta<\/a>, <a class=\"article-personlink\" href=\"https:\/\/www.is.fi\/haku\/?query=Amanda%20Saarelta\" rel=\"nofollow noopener\" target=\"_blank\">Amanda Saarelta<\/a>, <a class=\"article-personlink\" href=\"https:\/\/www.is.fi\/haku\/?query=Jasmin%20K%C3%A4h%C3%A4r%C3%A4lt%C3%A4\" rel=\"nofollow noopener\" target=\"_blank\">Jasmin K\u00e4h\u00e4r\u00e4lt\u00e4<\/a>, <a class=\"article-personlink\" href=\"https:\/\/www.is.fi\/haku\/?query=Joni%20M%C3%A4elt%C3%A4\" rel=\"nofollow noopener\" target=\"_blank\">Joni M\u00e4elt\u00e4<\/a>, <a class=\"article-personlink\" href=\"https:\/\/www.is.fi\/haku\/?query=Niilo%20Moilaselta\" rel=\"nofollow noopener\" target=\"_blank\">Niilo Moilaselta<\/a>, <a class=\"article-personlink\" href=\"https:\/\/www.is.fi\/haku\/?query=Emil%20Liekarilta\" rel=\"nofollow noopener\" target=\"_blank\">Emil Liekarilta<\/a> ja jopa my\u00f6s <a class=\"article-personlink\" href=\"https:\/\/www.is.fi\/haku\/?query=Ristomatti%20Hakolalta\" rel=\"nofollow noopener\" target=\"_blank\">Ristomatti Hakolalta<\/a> on kauden edess\u00e4 realismia odottaa finaalipaikkoja. Palkintopallille nousu vaatii l\u00e4hes t\u00e4ydellist\u00e4 onnistumista.<\/p>\n<p>Moka<\/p>\n<p class=\"article-body mb-nof-24 px-nof-16\"><a class=\"article-personlink\" href=\"https:\/\/www.is.fi\/haku\/?query=Jasmi%20Joensuun\" rel=\"nofollow noopener\" target=\"_blank\">Jasmi Joensuun<\/a> v\u00e4lier\u00e4ss\u00e4 tarjottiin finaalipaikkaa nelj\u00e4lle hiiht\u00e4j\u00e4lle, kun ensimm\u00e4isess\u00e4 v\u00e4lier\u00e4ss\u00e4 oli seisoskeltu matkan puoliv\u00e4lin laskun p\u00e4\u00e4ll\u00e4. Tuo sauma j\u00e4i k\u00e4ytt\u00e4m\u00e4tt\u00e4, kun vauhdinpit\u00e4j\u00e4\u00e4 ei l\u00f6ytynyt. Toisessa v\u00e4lier\u00e4ss\u00e4 oli harvinaisesti per\u00e4ti nelj\u00e4 hiiht\u00e4j\u00e4\u00e4, jotka olivat aika-ajossa olleet viiden nopeimman joukossa. Kaikilla oli halu j\u00e4tt\u00e4\u00e4 parhaat paukut finaaliin. Nyt se kostautui my\u00f6s pito-ongelmista loppunousussa k\u00e4rsineen Joensuun kohdalla.<\/p>\n<p><img decoding=\"async\" src=\"https:\/\/www.europesays.com\/fi\/wp-content\/uploads\/2025\/11\/1764434172_234_468.jpg\" alt=\"Jasmi Joensuu l\u00e4mmittelem\u00e4ss\u00e4 ennen aamun aika-ajoa.\" class=\"_Img_1rerz_1\" style=\"aspect-ratio:1.5\" loading=\"eager\"\/><\/p>\n<p class=\"article-picture-caption\">Jasmi Joensuu l\u00e4mmittelem\u00e4ss\u00e4 ennen aamun aika-ajoa. Kuva:\u00a0Juhani Niiranen \/ HS<\/p>\n<p>Yll\u00e4tys<\/p>\n<p class=\"article-body mb-nof-24 px-nof-16\">Ruotsin miesten vaisuus. Odotin J\u00e4llivaaran avauskilpailun ylivoiman j\u00e4lkeen paljon enemm\u00e4n <a class=\"article-personlink\" href=\"https:\/\/www.is.fi\/haku\/?query=Edvin%20Angerilta\" rel=\"nofollow noopener\" target=\"_blank\">Edvin Angerilta<\/a>, <a class=\"article-personlink\" href=\"https:\/\/www.is.fi\/haku\/?query=Anton%20Grahnilta\" rel=\"nofollow noopener\" target=\"_blank\">Anton Grahnilta<\/a> ja <a class=\"article-personlink\" href=\"https:\/\/www.is.fi\/haku\/?query=Alvar%20Myhlbackilta\" rel=\"nofollow noopener\" target=\"_blank\">Alvar Myhlbackilta<\/a> niin eilen kuin t\u00e4n\u00e4\u00e4nkin. Suomalaisille t\u00e4m\u00e4 on olympialaisia ja niiden viestej\u00e4 ajatellen pelk\u00e4st\u00e4\u00e4n positiivinen uutinen. Vaikka Rukalta ei ole pallipaikkoja tullut, niin olemme Norjan ylivoiman takana vahvasti taistelussa mukana.<\/p>\n<p class=\"article-body nof-ui-body-medium mb-nof-24 px-nof-16\">Juttua muokattu kello 18.31. Poistettu kohta Gus Schumacherista, jossa kirjoitettiin virheellisesti h\u00e4nen hiiht\u00e4neen viidenneksi.<\/p>\n","protected":false},"excerpt":{"rendered":"Tuomiossa puidaan sprinttip\u00e4iv\u00e4n k\u00e4\u00e4nteit\u00e4. Video: Valintasoppa muhii. Rukan maailmancupissa hiihdettiin lauantaina perinteisen sprintit. Johanna Matintalo ja Lauri Vuorinen&hellip;\n","protected":false},"author":2,"featured_media":103302,"comment_status":"","ping_status":"","sticky":false,"template":"","format":"standard","meta":{"footnotes":""},"categories":[5],"tags":[22,23,26,27,33,31,30,17,34,24,25,28,29,15,18,21,32,19,20,16],"class_list":{"0":"post-103301","1":"post","2":"type-post","3":"status-publish","4":"format-standard","5":"has-post-thumbnail","7":"category-otsikot","8":"tag-breaking-news","9":"tag-breakingnews","10":"tag-featured-news","11":"tag-featurednews","12":"tag-fi","13":"tag-finland","14":"tag-finnish","15":"tag-headlines","16":"tag-ilta-sanomat","17":"tag-latest-news","18":"tag-latestnews","19":"tag-main-news","20":"tag-mainnews","21":"tag-news","22":"tag-otsikot","23":"tag-paauutiset","24":"tag-suomi","25":"tag-top-stories","26":"tag-topstories","27":"tag-uutiset"},"share_on_mastodon":{"url":"https:\/\/pubeurope.com\/@fi\/115633965372829346","error":""},"_links":{"self":[{"href":"https:\/\/www.europesays.com\/fi\/wp-json\/wp\/v2\/posts\/103301","targetHints":{"allow":["GET"]}}],"collection":[{"href":"https:\/\/www.europesays.com\/fi\/wp-json\/wp\/v2\/posts"}],"about":[{"href":"https:\/\/www.europesays.com\/fi\/wp-json\/wp\/v2\/types\/post"}],"author":[{"embeddable":true,"href":"https:\/\/www.europesays.com\/fi\/wp-json\/wp\/v2\/users\/2"}],"replies":[{"embeddable":true,"href":"https:\/\/www.europesays.com\/fi\/wp-json\/wp\/v2\/comments?post=103301"}],"version-history":[{"count":0,"href":"https:\/\/www.europesays.com\/fi\/wp-json\/wp\/v2\/posts\/103301\/revisions"}],"wp:featuredmedia":[{"embeddable":true,"href":"https:\/\/www.europesays.com\/fi\/wp-json\/wp\/v2\/media\/103302"}],"wp:attachment":[{"href":"https:\/\/www.europesays.com\/fi\/wp-json\/wp\/v2\/media?parent=103301"}],"wp:term":[{"taxonomy":"category","embeddable":true,"href":"https:\/\/www.europesays.com\/fi\/wp-json\/wp\/v2\/categories?post=103301"},{"taxonomy":"post_tag","embeddable":true,"href":"https:\/\/www.europesays.com\/fi\/wp-json\/wp\/v2\/tags?post=103301"}],"curies":[{"name":"wp","href":"https:\/\/api.w.org\/{rel}","templated":true}]}}