{"id":103311,"date":"2025-11-29T17:00:08","date_gmt":"2025-11-29T17:00:08","guid":{"rendered":"https:\/\/www.europesays.com\/fi\/103311\/"},"modified":"2025-11-29T17:00:08","modified_gmt":"2025-11-29T17:00:08","slug":"ruotsissa-varoitettiin-venajaa-tukevista-nunnista","status":"publish","type":"post","link":"https:\/\/www.europesays.com\/fi\/103311\/","title":{"rendered":"Ruotsissa varoitettiin Ven\u00e4j\u00e4\u00e4 tukevista nunnista"},"content":{"rendered":"<p>Kirkon mukaan nunnilla on l\u00e4heiset yhteydet Ven\u00e4j\u00e4n tiedusteluun.<\/p>\n<p class=\"article-body mb-nof-24 px-nof-16\">Valkoven\u00e4l\u00e4iset nunnat ovat kiert\u00e4neet Ruotsissa seurakuntia myym\u00e4ss\u00e4 k\u00e4sit\u00f6it\u00e4\u00e4n. Nyt Ruotsin kirkko varoittaa nunnista, <a class=\"article-genericlink\" href=\"https:\/\/www.svd.se\/a\/43jegE\/kyrkan-varnar-slapp-inte-in-nunnor-fran-minsk\" rel=\"nofollow noopener\" target=\"_blank\">kertoo Svenska Dagbladet<\/a>.<\/p>\n<p class=\"article-body mb-nof-24 px-nof-16\">Nunnat v\u00e4itt\u00e4v\u00e4t myyntitulojen menev\u00e4n hyv\u00e4ntekev\u00e4isyyteen, mutta Ruotsin kirkon mukaan rahat menev\u00e4t todellisuudessa Ven\u00e4j\u00e4n hallinnolle.<\/p>\n<p class=\"article-body mb-nof-24 px-nof-16\">\u2013\u2009He k\u00e4ytt\u00e4v\u00e4t tulojaan tukemaan ven\u00e4l\u00e4ist\u00e4 nationalismia, ajatusta Ven\u00e4j\u00e4n ylivaltaisuudesta maailmassa ja Ven\u00e4j\u00e4n aggressiota Ukrainaa vastaan, kirkon tiedotteessa kirjoitetaan.<\/p>\n<p class=\"article-body mb-nof-24 px-nof-16\">Ruotsin kirkko ohjeistaa seurakuntia kielt\u00e4ytym\u00e4\u00e4n ottamasta nunnia vastaan. Kirkon mukaan nunnilla on l\u00e4heiset yhteydet Ven\u00e4j\u00e4n sotilastiedustelupalvelu GRU:hun.<\/p>\n<p class=\"article-body mb-nof-24 px-nof-16\">Nunnat ovat Elizabethin luostarista, jossa Valko-Ven\u00e4j\u00e4n diktaattori <a class=\"article-personlink\" href=\"https:\/\/www.is.fi\/haku\/?query=Aljaksandr%20Lukashenka\" rel=\"nofollow noopener\" target=\"_blank\">Aljaksandr Lukashenka <\/a>on vieraillut useasti.<\/p>\n","protected":false},"excerpt":{"rendered":"Kirkon mukaan nunnilla on l\u00e4heiset yhteydet Ven\u00e4j\u00e4n tiedusteluun. Valkoven\u00e4l\u00e4iset nunnat ovat kiert\u00e4neet Ruotsissa seurakuntia myym\u00e4ss\u00e4 k\u00e4sit\u00f6it\u00e4\u00e4n. Nyt Ruotsin&hellip;\n","protected":false},"author":2,"featured_media":103312,"comment_status":"","ping_status":"","sticky":false,"template":"","format":"standard","meta":{"footnotes":""},"categories":[14],"tags":[22,23,26,27,33,31,30,17,34,24,25,28,29,15,18,21,32,19,20,56,16,59,60,61],"class_list":{"0":"post-103311","1":"post","2":"type-post","3":"status-publish","4":"format-standard","5":"has-post-thumbnail","7":"category-ulkomaat","8":"tag-breaking-news","9":"tag-breakingnews","10":"tag-featured-news","11":"tag-featurednews","12":"tag-fi","13":"tag-finland","14":"tag-finnish","15":"tag-headlines","16":"tag-ilta-sanomat","17":"tag-latest-news","18":"tag-latestnews","19":"tag-main-news","20":"tag-mainnews","21":"tag-news","22":"tag-otsikot","23":"tag-paauutiset","24":"tag-suomi","25":"tag-top-stories","26":"tag-topstories","27":"tag-ulkomaat","28":"tag-uutiset","29":"tag-world","30":"tag-world-news","31":"tag-worldnews"},"share_on_mastodon":{"url":"https:\/\/pubeurope.com\/@fi\/115634059597716898","error":""},"_links":{"self":[{"href":"https:\/\/www.europesays.com\/fi\/wp-json\/wp\/v2\/posts\/103311","targetHints":{"allow":["GET"]}}],"collection":[{"href":"https:\/\/www.europesays.com\/fi\/wp-json\/wp\/v2\/posts"}],"about":[{"href":"https:\/\/www.europesays.com\/fi\/wp-json\/wp\/v2\/types\/post"}],"author":[{"embeddable":true,"href":"https:\/\/www.europesays.com\/fi\/wp-json\/wp\/v2\/users\/2"}],"replies":[{"embeddable":true,"href":"https:\/\/www.europesays.com\/fi\/wp-json\/wp\/v2\/comments?post=103311"}],"version-history":[{"count":0,"href":"https:\/\/www.europesays.com\/fi\/wp-json\/wp\/v2\/posts\/103311\/revisions"}],"wp:featuredmedia":[{"embeddable":true,"href":"https:\/\/www.europesays.com\/fi\/wp-json\/wp\/v2\/media\/103312"}],"wp:attachment":[{"href":"https:\/\/www.europesays.com\/fi\/wp-json\/wp\/v2\/media?parent=103311"}],"wp:term":[{"taxonomy":"category","embeddable":true,"href":"https:\/\/www.europesays.com\/fi\/wp-json\/wp\/v2\/categories?post=103311"},{"taxonomy":"post_tag","embeddable":true,"href":"https:\/\/www.europesays.com\/fi\/wp-json\/wp\/v2\/tags?post=103311"}],"curies":[{"name":"wp","href":"https:\/\/api.w.org\/{rel}","templated":true}]}}