{"id":103313,"date":"2025-11-29T17:01:08","date_gmt":"2025-11-29T17:01:08","guid":{"rendered":"https:\/\/www.europesays.com\/fi\/103313\/"},"modified":"2025-11-29T17:01:08","modified_gmt":"2025-11-29T17:01:08","slug":"jyvaskylan-hippoksen-rakennustyomaa-kaynnistyy-meluisia-paalutustoita-luvassa-myos-viikonloppuisin-iltaan-asti-keski-suomi","status":"publish","type":"post","link":"https:\/\/www.europesays.com\/fi\/103313\/","title":{"rendered":"Jyv\u00e4skyl\u00e4n Hippoksen rakennusty\u00f6maa k\u00e4ynnistyy \u2013 meluisia paalutust\u00f6it\u00e4 luvassa my\u00f6s viikonloppuisin iltaan asti | Keski-Suomi"},"content":{"rendered":"<p>Jyv\u00e4skyl\u00e4n Hippoksen rakennusty\u00f6maalta voi kuulua joulukuun alusta alkaen melua arkisin ja v\u00e4lill\u00e4 viikonloppuisin vuoden 2027 loppuun asti.<\/p>\n<p>Jyv\u00e4skyl\u00e4n kaupunki kertoo hyv\u00e4ksyneens\u00e4 Jyv\u00e4skyl\u00e4n Hippos Ky:n tekem\u00e4n melua ja t\u00e4rin\u00e4\u00e4 aiheuttavan tilap\u00e4ist\u00e4 toimintaa koskevan ilmoituksen.<\/p>\n<p>Ilmoitus koskee Hippoksen liikuntakeskuksen purku- ja rakennust\u00f6it\u00e4, joihin liittyy meluisia ty\u00f6vaiheita, kuten maanrakennusta ja paalutusta.<\/p>\n<p>Ty\u00f6t kest\u00e4v\u00e4t ilmoituksen mukaan 1.12.2025\u201331.12.2027. Niit\u00e4 tehd\u00e4\u00e4n p\u00e4\u00e4s\u00e4\u00e4nt\u00f6isesti arkisin kello 7\u201321. Viikonloppuisin joudutaan tekem\u00e4\u00e4n t\u00f6it\u00e4 ainakin j\u00e4\u00e4hallilla, jonka rakentamisaikataulu on todella kire\u00e4.<\/p>\n","protected":false},"excerpt":{"rendered":"Jyv\u00e4skyl\u00e4n Hippoksen rakennusty\u00f6maalta voi kuulua joulukuun alusta alkaen melua arkisin ja v\u00e4lill\u00e4 viikonloppuisin vuoden 2027 loppuun asti. Jyv\u00e4skyl\u00e4n&hellip;\n","protected":false},"author":2,"featured_media":103314,"comment_status":"","ping_status":"","sticky":false,"template":"","format":"standard","meta":{"footnotes":""},"categories":[12],"tags":[22,23,26,27,33,31,30,17,425,8683,426,24,25,28,29,15,18,21,5512,1003,402,32,19,20,16],"class_list":{"0":"post-103313","1":"post","2":"type-post","3":"status-publish","4":"format-standard","5":"has-post-thumbnail","7":"category-suomi","8":"tag-breaking-news","9":"tag-breakingnews","10":"tag-featured-news","11":"tag-featurednews","12":"tag-fi","13":"tag-finland","14":"tag-finnish","15":"tag-headlines","16":"tag-jyvaskyla","17":"tag-jyvaskylan-kaupunki","18":"tag-jyvaskylan-yliopisto","19":"tag-latest-news","20":"tag-latestnews","21":"tag-main-news","22":"tag-mainnews","23":"tag-news","24":"tag-otsikot","25":"tag-paauutiset","26":"tag-rakennusten-tai-niiden-osien-rakentaminen-seka-maa-ja-vesirakentaminen","27":"tag-rakentaminen","28":"tag-rakentaminen-kiinteistot","29":"tag-suomi","30":"tag-top-stories","31":"tag-topstories","32":"tag-uutiset"},"share_on_mastodon":{"url":"","error":"Validation failed: Text character limit of 500 exceeded"},"_links":{"self":[{"href":"https:\/\/www.europesays.com\/fi\/wp-json\/wp\/v2\/posts\/103313","targetHints":{"allow":["GET"]}}],"collection":[{"href":"https:\/\/www.europesays.com\/fi\/wp-json\/wp\/v2\/posts"}],"about":[{"href":"https:\/\/www.europesays.com\/fi\/wp-json\/wp\/v2\/types\/post"}],"author":[{"embeddable":true,"href":"https:\/\/www.europesays.com\/fi\/wp-json\/wp\/v2\/users\/2"}],"replies":[{"embeddable":true,"href":"https:\/\/www.europesays.com\/fi\/wp-json\/wp\/v2\/comments?post=103313"}],"version-history":[{"count":0,"href":"https:\/\/www.europesays.com\/fi\/wp-json\/wp\/v2\/posts\/103313\/revisions"}],"wp:featuredmedia":[{"embeddable":true,"href":"https:\/\/www.europesays.com\/fi\/wp-json\/wp\/v2\/media\/103314"}],"wp:attachment":[{"href":"https:\/\/www.europesays.com\/fi\/wp-json\/wp\/v2\/media?parent=103313"}],"wp:term":[{"taxonomy":"category","embeddable":true,"href":"https:\/\/www.europesays.com\/fi\/wp-json\/wp\/v2\/categories?post=103313"},{"taxonomy":"post_tag","embeddable":true,"href":"https:\/\/www.europesays.com\/fi\/wp-json\/wp\/v2\/tags?post=103313"}],"curies":[{"name":"wp","href":"https:\/\/api.w.org\/{rel}","templated":true}]}}