{"id":103315,"date":"2025-11-29T17:02:07","date_gmt":"2025-11-29T17:02:07","guid":{"rendered":"https:\/\/www.europesays.com\/fi\/103315\/"},"modified":"2025-11-29T17:02:07","modified_gmt":"2025-11-29T17:02:07","slug":"f1-legenda-kuoli-lento-onnettomuudessa-sen-jalkeen-selvisi-jotain-joka-syoksi-lesken-ja-lapset-helvettiin","status":"publish","type":"post","link":"https:\/\/www.europesays.com\/fi\/103315\/","title":{"rendered":"F1-legenda kuoli lento-onnettomuudessa \u2013 Sen j\u00e4lkeen selvisi jotain, joka sy\u00f6ksi lesken ja lapset helvettiin"},"content":{"rendered":"<p>F1-legenda Graham Hillin ohjaama lentokone putosi maahan sankassa sumussa 50 vuotta sitten. J\u00e4rkytt\u00e4v\u00e4n surun lis\u00e4ksi perheen tuska syveni my\u00f6hemmin lis\u00e4\u00e4, kun karu totuus selvisi.<\/p>\n<p class=\"paragraph\">50 vuotta sitten 15-vuotias <strong>Damon Hill<\/strong> katsoi siskonsa kanssa televisiota, kun uutisl\u00e4hetyksess\u00e4 kerrottiin pienkoneen pudonneen maahan l\u00e4heisen lentokent\u00e4n edustalla.<\/p>\n<p class=\"paragraph\">Nimi\u00e4 ei mainittu, mutta Damon-pojan mieleen hiipi kaamea ep\u00e4ilys. H\u00e4n suuntasi keitti\u00f6\u00f6n, jossa \u00e4iti <strong>Bette Hill<\/strong> kestitti illalliselle tullutta tuttavaperhett\u00e4.<\/p>\n<p class=\"paragraph\">Damonin saapuessa keitti\u00f6\u00f6n \u00e4iti oli kiukkuisena puhelimessa.<\/p>\n<p class=\"paragraph\">\u2013 Kuka siell\u00e4 soittaa? Mit\u00e4 pilaa t\u00e4m\u00e4 on? Mist\u00e4 sait t\u00e4m\u00e4n numeron? \u00c4l\u00e4 en\u00e4\u00e4 soita t\u00e4nne, h\u00e4n kivahti ly\u00f6den luurin soittajan korvaan.<\/p>\n<p class=\"paragraph\">Ensimm\u00e4inen toimittaja oli jo haistanut ison uutisen. Median edustajan sijaan Damon Hill joutui lausumaan \u00e4idilleen sanat, jotka tulisivat muuttamaan perheen el\u00e4m\u00e4n lopullisesti.<\/p>\n<p class=\"paragraph\">\u2013 Televisiossa puhuttiin lento-onnettomuudesta. \u00c4iti; luulen, ett\u00e4 se on is\u00e4.<\/p>\n<p class=\"paragraph\">Bette Hill romahti siihen paikkaan.<\/p>\n<p class=\"paragraph\">\u2013 Tiesin sen! Min\u00e4 tiesin sen! Min\u00e4 tiesin, ettei onnemme voi kest\u00e4\u00e4, h\u00e4n parkui j\u00e4rkyttyneen\u00e4.<\/p>\n<p class=\"paragraph\">Pian viranomaisetkin saapuivat kertomaan suru-uutisen. <strong>Graham Hill<\/strong> oli kuollut lento-onnettomuudessa.<\/p>\n<p class=\"paragraph\">Jottei t\u00e4llaisessa musertavassa tragediassa olisi jo tarpeeksi, onnettomuuden j\u00e4lkiselvittely tulisi tekem\u00e4\u00e4n Hillien el\u00e4m\u00e4st\u00e4 viel\u00e4 suuremman helvetin.<\/p>\n<p>Uusi el\u00e4m\u00e4<\/p>\n<p>Graham Hill oli aikansa suurimpia F1-t\u00e4hti\u00e4. H\u00e4n sai yhdess\u00e4 Bette-vaimon kanssa kolme lasta. Poika Damon Hill, tuleva F1-kuski ja mestari itsekin, kuvassa oikealla. ZumaWire \/ MVPHOTOS<\/p>\n<p class=\"paragraph\">Ennen onnettomuutta el\u00e4m\u00e4 hymyili Graham Hillille.<\/p>\n<p class=\"paragraph\">F1-legenda oli vastik\u00e4\u00e4n lopettanut pitk\u00e4n ja komean ajouransa. H\u00e4n oli selviytynyt hengiss\u00e4 moottoriurheilun hengenvaarallisimmasta aikakaudesta. Menestys ja suosio oli tuonut rahaa ja kunniaa. Oli rakastava perhe, kaunis koti ja el\u00e4m\u00e4ss\u00e4 mielek\u00e4st\u00e4 sis\u00e4lt\u00f6\u00e4.<\/p>\n<p class=\"paragraph\">Ajouran p\u00e4\u00e4tytty\u00e4 Hillin formulaura jatkui oman tallin py\u00f6ritt\u00e4misell\u00e4. Kaikki n\u00e4ytti hyv\u00e4lt\u00e4 kautta 1976 ajatellen. Tiimi oli pieni mutta pippurinen. Uusi auto vaikutti lupaavalta. Ja uudeksi ykk\u00f6skuskiksi pestattu nuori <strong>Tony Brise<\/strong> lahjakkaalta.<\/p>\n<p class=\"paragraph\">Ranskassa Paul Ricardin radalla suoritetut vuoden viimeiset testit antoivat luvan odottaa hyv\u00e4\u00e4.<\/p>\n<p class=\"paragraph\">Hyvin sujuneen p\u00e4iv\u00e4n p\u00e4\u00e4tteeksi tiimip\u00e4\u00e4llikk\u00f6 Graham Hill, kuljettaja Brise sek\u00e4 kolme tallin mekaanikkoa nousivat Hillin lent\u00e4m\u00e4n Piper-pienkoneen kyytiin ja ottivat suunnaksi Lontoon.<\/p>\n<p class=\"paragraph\">Kaikki olivat mieliss\u00e4\u00e4n. Kotiv\u00e4ki olisi kiva yll\u00e4tt\u00e4\u00e4 saapumalla p\u00e4iv\u00e4\u00e4 etuajassa. Juuri lis\u00e4\u00e4 aikaa perheen kanssa Bette-vaimokin oli miehelt\u00e4\u00e4n toivonut nyt, kun F1-kilpakuskin ura oli ohi.<\/p>\n<p>Onnettomuus<\/p>\n<p>Hillin kuolema oli j\u00e4rkytys niin formulav\u00e4elle kuin tavallisille kansalaisillekin. Tuhannet ker\u00e4\u00e4ntyiv\u00e4t kadun osoittamaan kunniaa F1-legendan viimeisell\u00e4 matkalla. AOP<\/p>\n<p class=\"paragraph\">Hill oli kokenut lent\u00e4j\u00e4, mutta Lontoon edustalle saapuessaan h\u00e4n kohtasi eritt\u00e4in haastavat lento-olosuhteet.<\/p>\n<p class=\"paragraph\">Oli pime\u00e4\u00e4 ja eritt\u00e4in sumuista. N\u00e4kyvyys oli heikoimmillaan vain satoja metrej\u00e4.<\/p>\n<p class=\"paragraph\">Hillin ohjaaman koneen m\u00e4\u00e4r\u00e4np\u00e4\u00e4n\u00e4 oli Elstreen lentokentt\u00e4, mutta sinne seurue ei koskaan p\u00e4\u00e4ssyt.<\/p>\n<p class=\"paragraph\">Matalalla lent\u00e4neen Hillin kone t\u00f6rm\u00e4si lentokent\u00e4n l\u00e4heisyydess\u00e4 olleen golfkent\u00e4n puihin, putosi maahan ja r\u00e4j\u00e4hti tulimereksi.<\/p>\n<p class=\"paragraph\">Kaikki koneen kuusi matkustajaa kuolivat.<\/p>\n<p class=\"paragraph\">S\u00e4\u00e4olosuhteilla oli merkitt\u00e4v\u00e4 rooli onnettomuudessa. Ihmetyst\u00e4 her\u00e4tti my\u00f6hemmin lis\u00e4ksi moni muukin asia.<\/p>\n<p class=\"paragraph\">Miksi kone lensi matalalla paikassa, jossa sen ei lentosuunnitelman mukaan olisi edes pit\u00e4nyt olla? Oliko Hill eksynyt sumussa? Luuliko h\u00e4n l\u00e4heisell\u00e4 rautatiell\u00e4 olleen junan valoja kiitotieksi? Miksi Hill ei hakeutunut alun alkaenkaan suuremmalle, paremmin valaistulle kent\u00e4lle?<\/p>\n<p class=\"paragraph\">Turhia kysymyksi\u00e4, jotka eiv\u00e4t muuta traagista lopputulosta.<\/p>\n<p>Synkki\u00e4 paljastuksia<\/p>\n<p>Damon Hill oli vasta 15-vuotias Graham Hillin kuollessa. Is\u00e4n kuolema j\u00e4tti poikaan syv\u00e4n j\u00e4ljen. AOP<\/p>\n<p class=\"paragraph\">Hautajaisten j\u00e4lkeen Hillin perheen suru ja ahdinko syveni entisest\u00e4\u00e4n. Selvisi, ett\u00e4 Hillill\u00e4 ei ollut henkivakuutusta. Lis\u00e4ksi h\u00e4nen omistamansa ja lent\u00e4m\u00e4ns\u00e4 koneen vakuutus- ja liikenn\u00f6intimaksuissa ilmeni laiminly\u00f6ntej\u00e4.<\/p>\n<p class=\"paragraph\">Hill oli tienannut varsin muhkean omaisuuden urallaan, mutta oliko h\u00e4n j\u00e4tt\u00e4nyt t\u00e4llaiset maksut maksamatta vahingossa vai tietoisesti?<\/p>\n<p class=\"paragraph\">Kaiken lis\u00e4ksi selvisi, ettei Hillin lentolupakirja ollut voimassa. Se ei tarkoita, etteik\u00f6 Hill olisi osannut yh\u00e4 lent\u00e4\u00e4, mutta muiden silmiss\u00e4 tieto muutti dramaattisesti Hillin roolia onnettomuudessa.<\/p>\n<p class=\"paragraph\">Nyt omansa halusivat muutkin koneessa olleiden omaiset.<\/p>\n<p class=\"paragraph\">Oikeuteen haastettu Hillin perhe m\u00e4\u00e4r\u00e4ttiin maksamaan vahingonkorvauksia, jonka seurauksena perhe menetti k\u00e4yt\u00e4nn\u00f6ss\u00e4 kaiken maallisen omaisuutensa.<\/p>\n<p class=\"paragraph\">Koti. Loma-asunto. Autot. Irtaimisto. Taulut. Lintujen mets\u00e4styst\u00e4 rakastaneen Graham Hillin rakkaat, h\u00e4nelle r\u00e4\u00e4t\u00e4l\u00f6idyt aseet.<\/p>\n<p class=\"paragraph\">L\u00e4hes kaikesta luopuminenkaan ei riitt\u00e4nyt. Pahimmassa rahapulassa Bette Hill joutui myym\u00e4\u00e4n jopa miesvainaansa voittopokaaleja perheen taloudellisen tilanteen turvaamiseksi.<\/p>\n<p class=\"paragraph\">Damon Hill kertoo el\u00e4m\u00e4kerrassaan omaisuuden menett\u00e4misen olleen kova paikka h\u00e4nen \u00e4idilleen. Paitsi ett\u00e4 Bette Hill oli menett\u00e4nyt el\u00e4m\u00e4nkumppaninsa, h\u00e4n joutui luopumaan kaikesta siit\u00e4 aineellisesta hy\u00f6dyst\u00e4, jonka h\u00e4n oli saanut \u201dpalkinnoksi\u201d vuosikausien pelonsekoisesta piinasta miehens\u00e4 ammatin takia.<\/p>\n<p>Is\u00e4ns\u00e4 poika<\/p>\n<p class=\"paragraph\">Onnettomuus j\u00e4tti Damon Hilliin syv\u00e4t j\u00e4ljet. H\u00e4n menetti is\u00e4ns\u00e4 traagisella tavalla herk\u00e4ss\u00e4 i\u00e4ss\u00e4.<\/p>\n<p class=\"paragraph\">Damon avasi vaikeaa is\u00e4suhdettaan ja kipuiluaan kuuluisan is\u00e4ns\u00e4 varjossa el\u00e4m\u00e4kerrassaan.<\/p>\n<p class=\"paragraph\">\u2013 Is\u00e4ni oli paras yst\u00e4v\u00e4ni. Roolimallini. Urallani ei mennyt p\u00e4iv\u00e4\u00e4k\u00e4\u00e4n, ettenk\u00f6 olisi miettinyt h\u00e4nt\u00e4. Olisin antanut mit\u00e4 vaan, jos olisin voinut jutella asioista h\u00e4nen kanssaan.<\/p>\n<p class=\"paragraph\">\u00c4itins\u00e4 kauhuksi Damon Hill seurasi lopulta is\u00e4ns\u00e4 jalanj\u00e4lki\u00e4. Palkinto tuli vuonna 1996, kun Damon Hillist\u00e4 tuli F1-historian ensimm\u00e4inen maailmanmestarin poika, joka on itsekin voittanut F1-mestaruuden.<\/p>\n<p>Graham Hill<\/p>\n<p class=\"paragraph\">GP-startit: 175<\/p>\n<p class=\"paragraph\">Voitot: 14<\/p>\n<p class=\"paragraph\">Paalupaikat: 13<\/p>\n<p class=\"paragraph\">Maailmanmestari 1962 &amp; 1968<\/p>\n<p class=\"paragraph\">Indy500-kilpailun voitto 1968<\/p>\n<p class=\"paragraph\">Le Mansin 24 tunnin kilpailun voitto 1972<\/p>\n<p class=\"paragraph\">Ainoa ihminen maailmassa, joka on voittanut \u201dtriplakruunun\u201d: Le Mansin, Indy500:n ja Monacon GP:n.<\/p>\n<p>Damon Hill voitti Formula ykk\u00f6sten maailmanmestaruuden 1996. AOP<\/p>\n","protected":false},"excerpt":{"rendered":"F1-legenda Graham Hillin ohjaama lentokone putosi maahan sankassa sumussa 50 vuotta sitten. J\u00e4rkytt\u00e4v\u00e4n surun lis\u00e4ksi perheen tuska syveni&hellip;\n","protected":false},"author":2,"featured_media":103316,"comment_status":"","ping_status":"","sticky":false,"template":"","format":"standard","meta":{"footnotes":""},"categories":[5],"tags":[35,648,22,23,26,27,33,31,30,17,101,99,24,25,121,28,29,15,18,21,98,32,19,20,16],"class_list":{"0":"post-103315","1":"post","2":"type-post","3":"status-publish","4":"format-standard","5":"has-post-thumbnail","7":"category-otsikot","8":"tag-24h","9":"tag-autot","10":"tag-breaking-news","11":"tag-breakingnews","12":"tag-featured-news","13":"tag-featurednews","14":"tag-fi","15":"tag-finland","16":"tag-finnish","17":"tag-headlines","18":"tag-ihmissuhteet","19":"tag-lapset","20":"tag-latest-news","21":"tag-latestnews","22":"tag-liikenne-ja-kuljetus","23":"tag-main-news","24":"tag-mainnews","25":"tag-news","26":"tag-otsikot","27":"tag-paauutiset","28":"tag-perhe","29":"tag-suomi","30":"tag-top-stories","31":"tag-topstories","32":"tag-uutiset"},"share_on_mastodon":{"url":"https:\/\/pubeurope.com\/@fi\/115634067340064393","error":""},"_links":{"self":[{"href":"https:\/\/www.europesays.com\/fi\/wp-json\/wp\/v2\/posts\/103315","targetHints":{"allow":["GET"]}}],"collection":[{"href":"https:\/\/www.europesays.com\/fi\/wp-json\/wp\/v2\/posts"}],"about":[{"href":"https:\/\/www.europesays.com\/fi\/wp-json\/wp\/v2\/types\/post"}],"author":[{"embeddable":true,"href":"https:\/\/www.europesays.com\/fi\/wp-json\/wp\/v2\/users\/2"}],"replies":[{"embeddable":true,"href":"https:\/\/www.europesays.com\/fi\/wp-json\/wp\/v2\/comments?post=103315"}],"version-history":[{"count":0,"href":"https:\/\/www.europesays.com\/fi\/wp-json\/wp\/v2\/posts\/103315\/revisions"}],"wp:featuredmedia":[{"embeddable":true,"href":"https:\/\/www.europesays.com\/fi\/wp-json\/wp\/v2\/media\/103316"}],"wp:attachment":[{"href":"https:\/\/www.europesays.com\/fi\/wp-json\/wp\/v2\/media?parent=103315"}],"wp:term":[{"taxonomy":"category","embeddable":true,"href":"https:\/\/www.europesays.com\/fi\/wp-json\/wp\/v2\/categories?post=103315"},{"taxonomy":"post_tag","embeddable":true,"href":"https:\/\/www.europesays.com\/fi\/wp-json\/wp\/v2\/tags?post=103315"}],"curies":[{"name":"wp","href":"https:\/\/api.w.org\/{rel}","templated":true}]}}