{"id":103318,"date":"2025-11-29T17:14:09","date_gmt":"2025-11-29T17:14:09","guid":{"rendered":"https:\/\/www.europesays.com\/fi\/103318\/"},"modified":"2025-11-29T17:14:09","modified_gmt":"2025-11-29T17:14:09","slug":"nooralotta-neziri-teki-jarkyttavan-loydon-kotisohvaltaan","status":"publish","type":"post","link":"https:\/\/www.europesays.com\/fi\/103318\/","title":{"rendered":"Nooralotta Neziri teki j\u00e4rkytt\u00e4v\u00e4n l\u00f6yd\u00f6n kotisohvaltaan"},"content":{"rendered":"<p>Nooralotta Neziri kertoi l\u00f6yd\u00f6st\u00e4\u00e4n Instagram-tilill\u00e4\u00e4n.<\/p>\n<p class=\"article-body mb-nof-24 px-nof-16\">Suomalainen pika-aituri <a class=\"article-personlink\" href=\"https:\/\/www.is.fi\/haku\/?query=Nooralotta%20Neziri\" rel=\"nofollow noopener\" target=\"_blank\">Nooralotta Neziri<\/a> julkaisi lauantaina kuvan <a class=\"article-genericlink\" href=\"https:\/\/www.instagram.com\/p\/DRpB0z7jOD6\/?img_index=1\" rel=\"nofollow noopener\" target=\"_blank\">Instagram-tilill\u00e4\u00e4n<\/a>, jossa h\u00e4n kertoi j\u00e4rkytt\u00e4v\u00e4st\u00e4 yll\u00e4tyksest\u00e4 kotonaan.<\/p>\n<p class=\"article-body mb-nof-24 px-nof-16\">\u2013\u2009Mukava tulla reissusta kotiin ja huomata s\u00e4ngyn olevan hiiren kakassa. Olihan sit\u00e4 loppujen lopuksi ihan koko talossa, Neziri kirjoittaa kuvansa yhteydess\u00e4.<\/p>\n<p class=\"article-body mb-nof-24 px-nof-16\">Julkaisu on ker\u00e4nnyt lyhyess\u00e4 ajassa yli tuhat tykk\u00e4yst\u00e4.<\/p>\n<p class=\"article-body mb-nof-24 px-nof-16\">Neziri on lis\u00e4nyt kuvakollaasiinsa kuvia hiirien tekemist\u00e4 pahuuksista. Yhdess\u00e4 kuvassa esiintyy mahdollinen syyllinen, joka on j\u00e4\u00e4nyt kiinni hiirenloukkuun.<\/p>\n<p class=\"article-body mb-nof-24 px-nof-16\">\u2013\u2009Viikonlopun piti olla palauttava reissujen keskell\u00e4. Mut eih\u00e4n n\u00e4\u00e4 koskaan tuu hyv\u00e4\u00e4n hetkeen? Jos sit\u00e4 t\u00e4lle shit showlle koskaan ees on, Neziri kirjoittaa nauruemojien t\u00e4ydent\u00e4m\u00e4n\u00e4.<\/p>\n<p class=\"article-body mb-nof-24 px-nof-16\">Urallaan monia takaiskuja k\u00e4rsinyt Neziri j\u00e4tti Tokion MM-kisat loukkaantumisen takia v\u00e4liin ja k\u00e4vi polvileikkauksessa syyskuussa.<\/p>\n<p class=\"article-body mb-nof-24 px-nof-16\">Sisuuntunut Neziri aikoo jatkaa uraansa, vaikka kuntoutus voi olla pitk\u00e4.<\/p>\n<p class=\"article-body mb-nof-24 px-nof-16\">\u2013 Jos loukkaantuminen vaikuttaa urani jatkoon jollain tapaa, se vaikuttaa pident\u00e4v\u00e4sti. Minulla on paljon tavoitteita viel\u00e4 saavuttamatta, sanoi Neziri tuolloin.<\/p>\n<p><script async src=\"\/\/www.instagram.com\/embed.js\"><\/script><\/p>\n","protected":false},"excerpt":{"rendered":"Nooralotta Neziri kertoi l\u00f6yd\u00f6st\u00e4\u00e4n Instagram-tilill\u00e4\u00e4n. Suomalainen pika-aituri Nooralotta Neziri julkaisi lauantaina kuvan Instagram-tilill\u00e4\u00e4n, jossa h\u00e4n kertoi j\u00e4rkytt\u00e4v\u00e4st\u00e4 yll\u00e4tyksest\u00e4&hellip;\n","protected":false},"author":2,"featured_media":103319,"comment_status":"","ping_status":"","sticky":false,"template":"","format":"standard","meta":{"footnotes":""},"categories":[136],"tags":[407,137,33,31,30,34,408,32,109],"class_list":{"0":"post-103318","1":"post","2":"type-post","3":"status-publish","4":"format-standard","5":"has-post-thumbnail","7":"category-julkkikset","8":"tag-celebrities","9":"tag-entertainment","10":"tag-fi","11":"tag-finland","12":"tag-finnish","13":"tag-ilta-sanomat","14":"tag-julkkikset","15":"tag-suomi","16":"tag-viihde"},"share_on_mastodon":{"url":"https:\/\/pubeurope.com\/@fi\/115634114616344631","error":""},"_links":{"self":[{"href":"https:\/\/www.europesays.com\/fi\/wp-json\/wp\/v2\/posts\/103318","targetHints":{"allow":["GET"]}}],"collection":[{"href":"https:\/\/www.europesays.com\/fi\/wp-json\/wp\/v2\/posts"}],"about":[{"href":"https:\/\/www.europesays.com\/fi\/wp-json\/wp\/v2\/types\/post"}],"author":[{"embeddable":true,"href":"https:\/\/www.europesays.com\/fi\/wp-json\/wp\/v2\/users\/2"}],"replies":[{"embeddable":true,"href":"https:\/\/www.europesays.com\/fi\/wp-json\/wp\/v2\/comments?post=103318"}],"version-history":[{"count":0,"href":"https:\/\/www.europesays.com\/fi\/wp-json\/wp\/v2\/posts\/103318\/revisions"}],"wp:featuredmedia":[{"embeddable":true,"href":"https:\/\/www.europesays.com\/fi\/wp-json\/wp\/v2\/media\/103319"}],"wp:attachment":[{"href":"https:\/\/www.europesays.com\/fi\/wp-json\/wp\/v2\/media?parent=103318"}],"wp:term":[{"taxonomy":"category","embeddable":true,"href":"https:\/\/www.europesays.com\/fi\/wp-json\/wp\/v2\/categories?post=103318"},{"taxonomy":"post_tag","embeddable":true,"href":"https:\/\/www.europesays.com\/fi\/wp-json\/wp\/v2\/tags?post=103318"}],"curies":[{"name":"wp","href":"https:\/\/api.w.org\/{rel}","templated":true}]}}