{"id":103320,"date":"2025-11-29T17:21:07","date_gmt":"2025-11-29T17:21:07","guid":{"rendered":"https:\/\/www.europesays.com\/fi\/103320\/"},"modified":"2025-11-29T17:21:07","modified_gmt":"2025-11-29T17:21:07","slug":"kartanlukija-jonne-halttunen-heitti-hyvastit","status":"publish","type":"post","link":"https:\/\/www.europesays.com\/fi\/103320\/","title":{"rendered":"Kartanlukija Jonne Halttunen heitti hyv\u00e4stit"},"content":{"rendered":"<p>Toyotan <strong>Kalle Rovanper\u00e4 <\/strong>lopetti ralliuransa Saudi-Arabian MM-ralliin. Samalla p\u00e4\u00e4ttynee my\u00f6s kartanlukija <strong>Jonne Halttusen<\/strong> ura MM-sarjassa.<\/p>\n<p>Halttusen oli varsin liikuttunut Saudi-Arabian rallin j\u00e4lkeen. H\u00e4n kirjoitti my\u00f6s asiasta Instagramissa.<\/p>\n<p>\u2013 Kiitos jokaiselle matkan varrella mukana kulkeneelle \u2013 teitte t\u00e4st\u00e4 matkasta unohtumattoman. Upeita muistoja ja hetki\u00e4, joita kannan mukanani loppuel\u00e4m\u00e4n, sanaili Halttunen.<\/p>\n<p>\u2013 Arigat\u014d! Thank you! Gracias! Merci!\u00a0p\u00e4\u00e4tti kartanlukija.<\/p>\n<p>Halttunen voitti Rovanper\u00e4n kanssa kaksi maailmanmestaruutta.<\/p>\n<blockquote class=\"instagram-media\" data-instgrm-captioned=\"\" data-instgrm-permalink=\"https:\/\/www.instagram.com\/p\/DRo8wLNjYha\/?utm_source=ig_embed&amp;utm_campaign=loading\" data-instgrm-version=\"14\" style=\" background:#FFF; border:0; border-radius:3px; box-shadow:0 0 1px 0 rgba(0,0,0,0.5),0 1px 10px 0 rgba(0,0,0,0.15); margin: 1px; max-width:540px; min-width:326px; padding:0; width:99.375%; width:-webkit-calc(100% - 2px); width:calc(100% - 2px);\"\/>\n<p><a href=\"https:\/\/www.instagram.com\/p\/DRo8wLNjYha\/\" target=\"_blank\" rel=\"noreferrer noopener nofollow\">P\u00e4ivitys t\u00e4st\u00e4.<\/a><\/p>\n<p><strong>LUE MY\u00d6S:\u00a0<a href=\"https:\/\/atleetti.fi\/mtv-yllatti-moottoriurheilufanit-suomalaiskatsojille-iso-uutinen\/\" target=\"_blank\" rel=\"nofollow noopener\">MTV yll\u00e4tti moottoriurheilufanit \u2013 suomalaiskatsojille iso uutinen (Atleetti.fi) <\/a><\/strong><\/p>\n<p><script async src=\"\/\/www.instagram.com\/embed.js\"><\/script><\/p>\n","protected":false},"excerpt":{"rendered":"Toyotan Kalle Rovanper\u00e4 lopetti ralliuransa Saudi-Arabian MM-ralliin. Samalla p\u00e4\u00e4ttynee my\u00f6s kartanlukija Jonne Halttusen ura MM-sarjassa. Halttusen oli varsin&hellip;\n","protected":false},"author":2,"featured_media":103321,"comment_status":"","ping_status":"","sticky":false,"template":"","format":"standard","meta":{"footnotes":""},"categories":[158],"tags":[33,31,30,159,32,160],"class_list":{"0":"post-103320","1":"post","2":"type-post","3":"status-publish","4":"format-standard","5":"has-post-thumbnail","7":"category-urheilu","8":"tag-fi","9":"tag-finland","10":"tag-finnish","11":"tag-sports","12":"tag-suomi","13":"tag-urheilu"},"share_on_mastodon":{"url":"https:\/\/pubeurope.com\/@fi\/115634142403983972","error":""},"_links":{"self":[{"href":"https:\/\/www.europesays.com\/fi\/wp-json\/wp\/v2\/posts\/103320","targetHints":{"allow":["GET"]}}],"collection":[{"href":"https:\/\/www.europesays.com\/fi\/wp-json\/wp\/v2\/posts"}],"about":[{"href":"https:\/\/www.europesays.com\/fi\/wp-json\/wp\/v2\/types\/post"}],"author":[{"embeddable":true,"href":"https:\/\/www.europesays.com\/fi\/wp-json\/wp\/v2\/users\/2"}],"replies":[{"embeddable":true,"href":"https:\/\/www.europesays.com\/fi\/wp-json\/wp\/v2\/comments?post=103320"}],"version-history":[{"count":0,"href":"https:\/\/www.europesays.com\/fi\/wp-json\/wp\/v2\/posts\/103320\/revisions"}],"wp:featuredmedia":[{"embeddable":true,"href":"https:\/\/www.europesays.com\/fi\/wp-json\/wp\/v2\/media\/103321"}],"wp:attachment":[{"href":"https:\/\/www.europesays.com\/fi\/wp-json\/wp\/v2\/media?parent=103320"}],"wp:term":[{"taxonomy":"category","embeddable":true,"href":"https:\/\/www.europesays.com\/fi\/wp-json\/wp\/v2\/categories?post=103320"},{"taxonomy":"post_tag","embeddable":true,"href":"https:\/\/www.europesays.com\/fi\/wp-json\/wp\/v2\/tags?post=103320"}],"curies":[{"name":"wp","href":"https:\/\/api.w.org\/{rel}","templated":true}]}}