{"id":103324,"date":"2025-11-29T17:26:08","date_gmt":"2025-11-29T17:26:08","guid":{"rendered":"https:\/\/www.europesays.com\/fi\/103324\/"},"modified":"2025-11-29T17:26:08","modified_gmt":"2025-11-29T17:26:08","slug":"trump-haluaa-lentoliikenteen-lakkaavan-venezuelan-ja-sen-ympariston-ilmatilassa-uutissuomalainen","status":"publish","type":"post","link":"https:\/\/www.europesays.com\/fi\/103324\/","title":{"rendered":"Trump haluaa lentoliikenteen lakkaavan Venezuelan ja sen ymp\u00e4rist\u00f6n ilmatilassa | Uutissuomalainen"},"content":{"rendered":"<p>Yhdysvaltain presidentti Donald Trump haluaa lentoliikenteen lakkaavan Venezuelan ja sen ymp\u00e4rist\u00f6n ilmatilassa.<\/p>\n<p>Trumpin t\u00e4m\u00e4np\u00e4iv\u00e4inen viesti <a href=\"https:\/\/truthsocial.com\/@realDonaldTrump\/posts\/115633041089714842\" rel=\"nofollow noopener\" target=\"_blank\">Truth Social -viestipalvelussa<\/a> oli monitulkintainen, ja h\u00e4n sanoi osoittavansa sen kaikille lentoyhti\u00f6ille ja maan ilmatilan k\u00e4ytt\u00e4jille.<\/p>\n<p>Yhdysvaltain ja Venezuelan v\u00e4lit ovat kiristyneet kiristymist\u00e4\u00e4n viime kuukausina.<\/p>\n<p>Trump on aiemmin varoittanut Yhdysvaltojen k\u00e4ynnist\u00e4v\u00e4n Venezuelassa mahdollisia maaoperaatioita v\u00e4itetyn huumeiden salakuljetuksen kitkemiseksi.<\/p>\n<p>Yhdysvallat on syyskuun alun j\u00e4lkeen iskenyt Karibianmerell\u00e4 ja Tyynell\u00e4merell\u00e4 useisiin aluksiin, joita Trumpin hallinnon mukaan on k\u00e4ytetty huumeiden salakuljettamiseen. Ainakin osan aluksista on v\u00e4itetty olevan kytk\u00f6ksiss\u00e4 venezuelalaisiin huumerikollisiin.<\/p>\n<p>Yhdysvallat on kertonut surmanneensa iskuissa yhteens\u00e4 yli 80 ihmist\u00e4. Yhdysvallat ei ole julkistanut todisteita surmaamiensa ihmisten yhteyksist\u00e4 huumeiden salakuljetukseen.<\/p>\n<p>Asiantuntijoiden mukaan iskut ovat kansainv\u00e4lisen oikeuden vastaisia. Surmaamisen sijaan huumeiden salakuljettajillekin tulisi tarjota mahdollisuus oikeudenk\u00e4yntiin.<\/p>\n<p>\t\t\t\tNYT: Trump puhui Maduron kanssa<\/p>\n<p>Viime viikolla Trump puhui puhelimessa Venezuelan presidentin Nicolas Maduron kanssa, kertoi <a href=\"https:\/\/www.nytimes.com\/2025\/11\/28\/us\/politics\/trump-spoke-by-phone-last-week-with-maduro-venezuelas-leader.html\" rel=\"nofollow noopener\" target=\"_blank\">New York Times<\/a> (NYT) perjantaina l\u00e4hteidens\u00e4 pohjalta.<\/p>\n<p>New York Times kertoi, ett\u00e4 presidentit olivat puhuneet muun muassa mahdollisesta kahdenkeskisest\u00e4 tapaamisesta Yhdysvalloissa.<\/p>\n<p>Lehden mukaan puhelinkeskusteluun osallistui my\u00f6s Yhdysvaltain ulkoministeri Marco Rubio.<\/p>\n<p>\t\t\t\tTrump: Maaoperaatioita hyvin pian<\/p>\n<p>Trump sanoi torstaina, ett\u00e4 Yhdysvallat voisi aloittaa maaoperaatiot hyvin pian.<\/p>\n<p>Yhdysvallat kertoi aiemmin t\u00e4ss\u00e4 kuussa aikovansa julistaa v\u00e4itetyn venezuelalaisen Cartel de los Soles -huumekartellin kansainv\u00e4liseksi terroristij\u00e4rjest\u00f6ksi. Yhdysvaltain ulkoministeri\u00f6n mukaan kartellia johtavat Venezuelan presidentti Maduro sek\u00e4 muut h\u00e4nen hallintonsa korkea-arvoiset j\u00e4senet.<\/p>\n<p>Monien asiantuntijoiden mukaan Cartel de los Solesia ei k\u00e4yt\u00e4nn\u00f6ss\u00e4 ole olemassa. Termill\u00e4 on heid\u00e4n mukaansa kuvattu ennemmin Venezuelan korruptoitunutta j\u00e4rjestelm\u00e4\u00e4, jossa maan poliittinen ja sotilaallinen johto hy\u00f6tyv\u00e4t yhteisty\u00f6st\u00e4 huumekartellien kanssa.<\/p>\n<p>Venezuela on syytt\u00e4nyt Yhdysvaltain pyrkiv\u00e4n huumeiden vastaisen operaationsa varjolla vallanvaihtoon Venezuelassa.<\/p>\n<p>Yhdysvallat ja suuri osa kansainv\u00e4lisest\u00e4 yhteis\u00f6st\u00e4 ei ole tunnustanut Maduron uudelleenvalintaa presidentiksi vuosina 2018 ja 2024. Kyseisten vaalien on syytetty olleen vilpillisi\u00e4.<\/p>\n","protected":false},"excerpt":{"rendered":"Yhdysvaltain presidentti Donald Trump haluaa lentoliikenteen lakkaavan Venezuelan ja sen ymp\u00e4rist\u00f6n ilmatilassa. Trumpin t\u00e4m\u00e4np\u00e4iv\u00e4inen viesti Truth Social -viestipalvelussa&hellip;\n","protected":false},"author":2,"featured_media":103325,"comment_status":"","ping_status":"","sticky":false,"template":"","format":"standard","meta":{"footnotes":""},"categories":[14],"tags":[22,23,585,26,27,33,31,30,17,24,25,28,29,15,18,21,142,637,144,32,19,20,56,16,638,59,60,61,143,146],"class_list":{"0":"post-103324","1":"post","2":"type-post","3":"status-publish","4":"format-standard","5":"has-post-thumbnail","7":"category-ulkomaat","8":"tag-breaking-news","9":"tag-breakingnews","10":"tag-donald-trump","11":"tag-featured-news","12":"tag-featurednews","13":"tag-fi","14":"tag-finland","15":"tag-finnish","16":"tag-headlines","17":"tag-latest-news","18":"tag-latestnews","19":"tag-main-news","20":"tag-mainnews","21":"tag-news","22":"tag-otsikot","23":"tag-paauutiset","24":"tag-poliitikot","25":"tag-politiikka","26":"tag-presidentti","27":"tag-suomi","28":"tag-top-stories","29":"tag-topstories","30":"tag-ulkomaat","31":"tag-uutiset","32":"tag-valtiovalta","33":"tag-world","34":"tag-world-news","35":"tag-worldnews","36":"tag-yhdysvaltain-politiikka","37":"tag-yhdysvaltain-presidentti"},"share_on_mastodon":{"url":"https:\/\/pubeurope.com\/@fi\/115634161914824792","error":""},"_links":{"self":[{"href":"https:\/\/www.europesays.com\/fi\/wp-json\/wp\/v2\/posts\/103324","targetHints":{"allow":["GET"]}}],"collection":[{"href":"https:\/\/www.europesays.com\/fi\/wp-json\/wp\/v2\/posts"}],"about":[{"href":"https:\/\/www.europesays.com\/fi\/wp-json\/wp\/v2\/types\/post"}],"author":[{"embeddable":true,"href":"https:\/\/www.europesays.com\/fi\/wp-json\/wp\/v2\/users\/2"}],"replies":[{"embeddable":true,"href":"https:\/\/www.europesays.com\/fi\/wp-json\/wp\/v2\/comments?post=103324"}],"version-history":[{"count":0,"href":"https:\/\/www.europesays.com\/fi\/wp-json\/wp\/v2\/posts\/103324\/revisions"}],"wp:featuredmedia":[{"embeddable":true,"href":"https:\/\/www.europesays.com\/fi\/wp-json\/wp\/v2\/media\/103325"}],"wp:attachment":[{"href":"https:\/\/www.europesays.com\/fi\/wp-json\/wp\/v2\/media?parent=103324"}],"wp:term":[{"taxonomy":"category","embeddable":true,"href":"https:\/\/www.europesays.com\/fi\/wp-json\/wp\/v2\/categories?post=103324"},{"taxonomy":"post_tag","embeddable":true,"href":"https:\/\/www.europesays.com\/fi\/wp-json\/wp\/v2\/tags?post=103324"}],"curies":[{"name":"wp","href":"https:\/\/api.w.org\/{rel}","templated":true}]}}