{"id":103326,"date":"2025-11-29T17:27:10","date_gmt":"2025-11-29T17:27:10","guid":{"rendered":"https:\/\/www.europesays.com\/fi\/103326\/"},"modified":"2025-11-29T17:27:10","modified_gmt":"2025-11-29T17:27:10","slug":"itsensapaljastaja-jahtasi-14-vuotiasta-tyttoa-keskella-paivaa-pahin-hetki-oli-kolme-viikkoa-teon-jalkeen-kymenlaakso","status":"publish","type":"post","link":"https:\/\/www.europesays.com\/fi\/103326\/","title":{"rendered":"Itsens\u00e4\u00adpaljastaja jahtasi 14-vuotiasta tytt\u00f6\u00e4 keskell\u00e4 p\u00e4iv\u00e4\u00e4 \u2013 pahin hetki oli kolme viikkoa teon j\u00e4lkeen | Kymenlaakso"},"content":{"rendered":"<p>Juttu tiivistettyn\u00e4<\/p>\n<ul class=\"aw-1jjocuh iJTSwP yle__article__list yle__article__list--ul\">\n<li class=\"aw-1j7gwms gNYKfi\">Kouvolassa vuosi sitten seksuaalirikoksen uhriksi joutunut 15-vuotias tytt\u00f6 oireilee yh\u00e4. \u00c4idin mukaan ahdistus ja vatsakivut ovat lis\u00e4\u00e4ntyneet.<\/li>\n<li class=\"aw-1j7gwms gNYKfi\">Suojellaan lapsia ry muistuttaa, ett\u00e4 lapseen kohdistuva seksuaalirikos on isku koko perhett\u00e4 vastaan. My\u00f6s vanhemmat voivat k\u00e4rsi\u00e4 traumaoireista.<\/li>\n<li class=\"aw-1j7gwms gNYKfi\">Perhe odottaa yh\u00e4 syytt\u00e4j\u00e4n p\u00e4\u00e4t\u00f6st\u00e4 syytteiden nostamisesta. He kokevat yli vuoden kest\u00e4neen oikeusprosessin kohtuuttoman pitk\u00e4n\u00e4.<\/li>\n<\/ul>\n<p class=\"aw-1gybjub aw-1p7kakr kEtdKx cEmitX yle__article__paragraph\">T\u00e4m\u00e4 on teko\u00e4lyn avulla tuotettu, toimittajan tarkistama tiivistelm\u00e4.<\/p>\n<p class=\"aw-1gybjub aw-1p7kakr kEtdKx cEmitX yle__article__paragraph\">Likainen olo. N\u00e4ill\u00e4 sanoilla nyt 15-vuotias tyt\u00e4r kuvaili oloaan \u00e4idilleen <strong class=\"aw-ak79eh KyCXm yle__article__strong\">Vilmalle<\/strong> sen j\u00e4lkeen, kun nuori mies oli tyydytt\u00e4nyt itse\u00e4\u00e4n tyt\u00f6n n\u00e4hden asematunnelissa ja l\u00e4htenyt per\u00e4\u00e4n. Tytt\u00f6 pakeni.<\/p>\n<p class=\"aw-1gybjub aw-1p7kakr kEtdKx cEmitX yle__article__paragraph\">H\u00e4n joutui uhriksi sattumalta 24. syyskuuta 2024 keskell\u00e4 p\u00e4iv\u00e4\u00e4, kun oli menossa koulun liikuntatunnille toiselle puolelle Kouvolan keskustaa.<\/p>\n<p class=\"aw-1gybjub aw-1p7kakr kEtdKx cEmitX yle__article__paragraph\">Poliisi sai tekij\u00e4ksi ep\u00e4illyn miehen kiinni nopeasti, ja 2. lokakuuta <a class=\"aw-iao6s4 iHOxEa yle__article__link\" href=\"https:\/\/yle.fi\/a\/74-20115382\" role=\"link\" rel=\"nofollow noopener\" target=\"_blank\">poliisi kertoi ep\u00e4illyist\u00e4 rikoksista<\/a> julkisesti. Tapahtumasta on nyt kulunut reilu vuosi.<\/p>\n<p class=\"aw-1gybjub aw-1p7kakr kEtdKx cEmitX yle__article__paragraph\">\u2013 Arki on nyt niin tavallista kuin teini-ik\u00e4isen kanssa voi olla. Aika herk\u00e4sti h\u00e4n kuitenkin j\u00e4\u00e4 pois koulusta, sill\u00e4 vatsakivut ja ahdistus ovat lis\u00e4\u00e4ntyneet, Vilma sanoo.<\/p>\n<p class=\"aw-1gybjub aw-1p7kakr kEtdKx cEmitX yle__article__paragraph\">Tyt\u00f6n \u00e4iti esiintyy jutussa keksityll\u00e4 nimell\u00e4 ja \u00e4\u00e4ni muunnettuna, sill\u00e4 suojelemme lapsen ja perheen yksityisyytt\u00e4. Tytt\u00f6 sek\u00e4 h\u00e4nen is\u00e4ns\u00e4 ovat antaneet luvan haastatteluun.<\/p>\n<p>Hy\u00f6kk\u00e4ys koko perhett\u00e4 vastaan<\/p>\n<p class=\"aw-1gybjub aw-1p7kakr kEtdKx cEmitX yle__article__paragraph\">Kun lapsi joutuu seksuaaliv\u00e4kivallan kohteeksi, on v\u00e4kivallan kohteena koko perhe, sanoo Suojellaan lapsia ry:n toiminnanjohtaja ja psykoterapeutti <strong class=\"aw-ak79eh KyCXm yle__article__strong\">Niina Vaaranen-Valkonen<\/strong>.<\/p>\n<p class=\"aw-1gybjub aw-1p7kakr kEtdKx cEmitX yle__article__paragraph\">Yhdistys ennaltaehk\u00e4isee lapsiin kohdistuvia seksuaalirikoksia sek\u00e4 tukee uhreja ja heid\u00e4n perheit\u00e4\u00e4n.<\/p>\n<p class=\"aw-1gybjub aw-1p7kakr kEtdKx cEmitX yle__article__paragraph\">Lapseen kohdistunut seksuaalirikos muuttaa Vaaranen-Valkosen mukaan koko perheen el\u00e4m\u00e4\u00e4. Vanhempien teht\u00e4v\u00e4 on tukea lastaan sek\u00e4 hoitaa rikosprosessia ja py\u00f6ritt\u00e4\u00e4 samalla arkea. Omalle voinnille ja tunteille on v\u00e4hemm\u00e4n tilaa.<\/p>\n<p class=\"aw-1gybjub aw-1p7kakr kEtdKx cEmitX yle__article__paragraph\">\u2013 Olen kutsunut sit\u00e4 sveitsil\u00e4iseksi kelloksi, jonka eri ratakset py\u00f6riv\u00e4t eri suuntiin. T\u00e4m\u00e4 meilt\u00e4 j\u00e4\u00e4 n\u00e4kem\u00e4tt\u00e4, sanoo Vaaranen-Valkonen.<\/p>\n<p><img decoding=\"async\" alt=\"Nina Vaaranen-Valkonen Suojellaan Lapsia ry:n toiminnanjohtaja.\" src=\"https:\/\/www.europesays.com\/fi\/wp-content\/uploads\/2025\/11\/39-124458465cde13c16b28.jpeg\" loading=\"lazy\" class=\"aw-1l9m598 hKVVvP\"\/><\/p>\n<p>Avaa kuvien katselu<\/p>\n<p>Suojellaan lapsia ry:n toiminnanjohtaja ja psykoterapeutti Niina Vaaranen-Valkonen muistuttaa, ett\u00e4 h\u00e4pe\u00e4 seksuaalirikoksesta kuuluu vain ja ainoastaan tekij\u00e4lle. Kuva: Janne Jarvinen \/ Yle<\/p>\n<p class=\"aw-1gybjub aw-1p7kakr kEtdKx cEmitX yle__article__paragraph\">Harva my\u00f6sk\u00e4\u00e4n kysyy vanhemmalta, miten h\u00e4n voi. Vaaranen-Valkosen mukaan vanhemmat j\u00e4\u00e4v\u00e4t usein ilman tukea, vaikka yhdistyksen tutkimuksen mukaan voimakkaasti kotona oireilevan lapsen vanhemmalla on hyvin samankaltaiset traumaoireet kuin lapsella.<\/p>\n<p class=\"aw-1gybjub aw-1p7kakr kEtdKx cEmitX yle__article__paragraph\">Oireet voivat olla hyvin erilaisia: masennusoireita, muistiongelmia ja fyysisi\u00e4 kipuoireita. Kaikkien oireet eiv\u00e4t kuitenkaan n\u00e4y ulosp\u00e4in.<\/p>\n<p>\u00c4idin ensireaktio oli viha<\/p>\n<p class=\"aw-1gybjub aw-1p7kakr kEtdKx cEmitX yle__article__paragraph\">Kun nelikymppinen Vilma kuuli tytt\u00e4relt\u00e4\u00e4n, mit\u00e4 oli k\u00e4ynyt, h\u00e4nen vihainen ensireaktionsa oli l\u00e4hte\u00e4 miehen per\u00e4\u00e4n itse. H\u00e4n kuitenkin soitti h\u00e4t\u00e4numeroon.<\/p>\n<p class=\"aw-1gybjub aw-1p7kakr kEtdKx cEmitX yle__article__paragraph\">Pian Vilma l\u00f6ysi itsens\u00e4 urheilukent\u00e4lt\u00e4, jonka laidalla poliisi jututti h\u00e4nen tyt\u00e4rt\u00e4\u00e4n. Poliisit kohtelivat Vilman mielest\u00e4 h\u00e4nen tyt\u00e4rt\u00e4\u00e4n hyvin ja ottivat tapahtumat vakavissaan.<\/p>\n<p class=\"aw-1gybjub aw-1p7kakr kEtdKx cEmitX yle__article__paragraph\">\u2013 Olin tytt\u00e4rest\u00e4ni ylpe\u00e4. H\u00e4n oli vahva nuori, joka kertoi rauhallisesti, mit\u00e4 k\u00e4vi, Vilma sanoo.<\/p>\n<p>Pahin hetki oli poliisin kuulusteluissa<\/p>\n<p class=\"aw-1gybjub aw-1p7kakr kEtdKx cEmitX yle__article__paragraph\">Pahin hetki reilun vuoden aikana on ollut Vilman mukaan tytt\u00e4ren kuulustelu noin kolme viikkoa tapahtuneen j\u00e4lkeen.<\/p>\n<p class=\"aw-1gybjub aw-1p7kakr kEtdKx cEmitX yle__article__paragraph\">Poliisi kysyi tytt\u00e4relt\u00e4, voiko h\u00e4nelle n\u00e4ytt\u00e4\u00e4 valvontakameroiden kuvaaman videon. Videota katsoessaan niin tyt\u00e4r kuin viereisess\u00e4 huoneessa ollut \u00e4iti murtuivat.<\/p>\n<p class=\"aw-1gybjub aw-1p7kakr kEtdKx cEmitX yle__article__paragraph\">Videolta n\u00e4kyi pelottavan selv\u00e4sti, kuinka mies hypp\u00e4\u00e4 kaiteen yli, alkaa riisua vaatteitaan ja l\u00e4htee seuraamaan tytt\u00f6\u00e4.<\/p>\n<p>Video: Kalle Purhonen ja Mikko Savolainen \/ Yle<\/p>\n<p class=\"aw-1gybjub aw-1p7kakr kEtdKx cEmitX yle__article__paragraph\">Poliisi pyysi anteeksi, sill\u00e4 h\u00e4n ei ollut ymm\u00e4rt\u00e4nyt, mit\u00e4 seurauksia videon n\u00e4ytt\u00e4misest\u00e4 voi olla. Rikos, johon Vilma videolla viittaa, tapahtui Valkeakoskella, kun <a class=\"aw-iao6s4 iHOxEa yle__article__link\" href=\"https:\/\/yle.fi\/a\/74-20170882\" role=\"link\" rel=\"nofollow noopener\" target=\"_blank\">18-vuotias mies surmasi 15-vuotiaan tyt\u00f6n<\/a>.<\/p>\n<p class=\"aw-1gybjub aw-1p7kakr kEtdKx cEmitX yle__article__paragraph\">Tyt\u00e4r oli kuulustelun j\u00e4lkeen hyvin ahdistunut, eik\u00e4 saanut unta. H\u00e4nelle tuli Vilman mukaan my\u00f6s epileptisi\u00e4 kohtauksia aiempaa enemm\u00e4n. Poissaolot koulusta ovat lis\u00e4\u00e4ntyneet paljon, mutta koulussa ymm\u00e4rret\u00e4\u00e4n Vilman mukaan tilanne hyvin.<\/p>\n<p class=\"aw-1gybjub aw-1p7kakr kEtdKx cEmitX yle__article__paragraph\">Nyt tyt\u00e4r menee jo juna-asemalle yksin. Iltaisin h\u00e4n ei halua liikkua ilman seuraa.<\/p>\n<p class=\"aw-1gybjub aw-1p7kakr kEtdKx cEmitX yle__article__paragraph\">\u2013 Yrit\u00e4n rohkaista h\u00e4nt\u00e4, sill\u00e4 en halua lietsoa pelkoa, Vilma sanoo.<\/p>\n<p><img decoding=\"async\" alt=\"Betonisen ulkoportaikon reunoilla ja seiniss\u00e4 on v\u00e4rikk\u00e4it\u00e4 sinisi\u00e4, mustia ja kultaisia graffiteja. Katto on aaltopelti\u00e4.\" src=\"https:\/\/www.europesays.com\/fi\/wp-content\/uploads\/2025\/11\/39-15590316925935973a43.jpeg\" loading=\"lazy\" class=\"aw-1l9m598 hKVVvP\"\/><\/p>\n<p>Avaa kuvien katselu<\/p>\n<p>Tytt\u00f6 juoksi karkuun n\u00e4it\u00e4 portaita pitkin. Ep\u00e4illyn kiinni saamisessa ratkaisevia asioita olivat nopea soitto h\u00e4t\u00e4keskukseen sek\u00e4 tunnelissa olevat valvontakamerat. Kuva: Kalle Purhonen \/ YleOma perhe on paras tuki<\/p>\n<p class=\"aw-1gybjub aw-1p7kakr kEtdKx cEmitX yle__article__paragraph\">Syytt\u00e4j\u00e4 tekee p\u00e4\u00e4t\u00f6ksen syytteiden nostamisesta loppuvuodesta 2025 tai alkuvuodesta 2026. Jos syytteet nostetaan, seuraa oikeusk\u00e4sittely muutaman viikon sis\u00e4ll\u00e4.<\/p>\n<p class=\"aw-1gybjub aw-1p7kakr kEtdKx cEmitX yle__article__paragraph\">Oikeusprosessi on tuntunut Vilmasta kohtuuttoman pitk\u00e4lt\u00e4. My\u00f6s tyt\u00e4r kysyy usein, onko jotain kuulunut.<\/p>\n<p class=\"aw-1gybjub aw-1p7kakr kEtdKx cEmitX yle__article__paragraph\">Paras apu pitk\u00e4n vuoden aikana on Vilman mukaan ollut oma ydinperhe, joka on pystynyt keskustelemaan kaikesta. Tytt\u00e4rell\u00e4 on my\u00f6s muita luotettavia ihmisi\u00e4 ymp\u00e4rill\u00e4\u00e4n.<\/p>\n<p class=\"aw-1gybjub aw-1p7kakr kEtdKx cEmitX yle__article__paragraph\">Niina Vaaranen-Valkonen korostaa l\u00e4heisten merkityst\u00e4 lapselle. Ammattilainen n\u00e4kee lasta vain hetken, kun taas vanhempi on jatkuvasti l\u00e4sn\u00e4.<\/p>\n<p class=\"aw-1gybjub aw-1p7kakr kEtdKx cEmitX yle__article__paragraph\">Vilman perheeseen kuuluvat nykyinen mies, tyt\u00e4r, vanhempi poika ja bonustyt\u00e4r, joka on perheess\u00e4 vuoroviikoin.<\/p>\n<p class=\"aw-1gybjub aw-1p7kakr kEtdKx cEmitX yle__article__paragraph\">\u2013 Kun h\u00e4n tulee, tytt\u00e4reni saa ajatukset muualle, sanoo Vilma.<\/p>\n<p><img decoding=\"async\" alt=\"Kuvan vasemmassa laidassa makaavan koiran etutassut, etuallal tummaa varjoa.\" src=\"https:\/\/www.europesays.com\/fi\/wp-content\/uploads\/2025\/11\/39-15590266925934dc28e8.jpeg\" loading=\"lazy\" class=\"aw-1l9m598 hKVVvP\"\/><\/p>\n<p>Avaa kuvien katselu<\/p>\n<p>Vilman mukaan perheen koirilla on huikea merkitys koko perheelle. \u201dNiille voi aina jutella, eiv\u00e4tk\u00e4 ne kerro salaisuuksia kenellek\u00e4\u00e4n.\u201d Kuva: Kalle Purhonen \/ Yle<\/p>\n<p class=\"aw-1gybjub aw-1p7kakr kEtdKx cEmitX yle__article__paragraph\">Vaaranen-Valkosella on yli 30 vuoden kokemus lasten auttamisesta, kun heihin on kohdistunut seksuaalista v\u00e4kivaltaa. Vaikka rikokset ovat kauheita ja seuraukset voivat jatkua pitk\u00e4\u00e4n, on Vaaranen-Valkosen mukaan hyvin t\u00e4rke\u00e4\u00e4 kertoa my\u00f6s valoisammasta ajasta.<\/p>\n<p class=\"aw-1gybjub aw-1p7kakr kEtdKx cEmitX yle__article__paragraph\">\u2013 Olen saanut tavata upeita henkil\u00f6it\u00e4, jotka ovat toipuneet.<\/p>\n","protected":false},"excerpt":{"rendered":"Juttu tiivistettyn\u00e4 Kouvolassa vuosi sitten seksuaalirikoksen uhriksi joutunut 15-vuotias tytt\u00f6 oireilee yh\u00e4. \u00c4idin mukaan ahdistus ja vatsakivut ovat&hellip;\n","protected":false},"author":2,"featured_media":103327,"comment_status":"","ping_status":"","sticky":false,"template":"","format":"standard","meta":{"footnotes":""},"categories":[12],"tags":[22,23,26,27,33,31,30,17,71,737,464,100,24,25,28,29,15,18,21,1263,4353,32,19,20,16],"class_list":{"0":"post-103326","1":"post","2":"type-post","3":"status-publish","4":"format-standard","5":"has-post-thumbnail","7":"category-suomi","8":"tag-breaking-news","9":"tag-breakingnews","10":"tag-featured-news","11":"tag-featurednews","12":"tag-fi","13":"tag-finland","14":"tag-finnish","15":"tag-headlines","16":"tag-kotimaa","17":"tag-kouvola","18":"tag-kymenlaakso","19":"tag-lapset-ja-nuoret","20":"tag-latest-news","21":"tag-latestnews","22":"tag-main-news","23":"tag-mainnews","24":"tag-news","25":"tag-otsikot","26":"tag-paauutiset","27":"tag-rikosepailyt","28":"tag-seksuaalirikokset","29":"tag-suomi","30":"tag-top-stories","31":"tag-topstories","32":"tag-uutiset"},"share_on_mastodon":{"url":"https:\/\/pubeurope.com\/@fi\/115634165966292686","error":""},"_links":{"self":[{"href":"https:\/\/www.europesays.com\/fi\/wp-json\/wp\/v2\/posts\/103326","targetHints":{"allow":["GET"]}}],"collection":[{"href":"https:\/\/www.europesays.com\/fi\/wp-json\/wp\/v2\/posts"}],"about":[{"href":"https:\/\/www.europesays.com\/fi\/wp-json\/wp\/v2\/types\/post"}],"author":[{"embeddable":true,"href":"https:\/\/www.europesays.com\/fi\/wp-json\/wp\/v2\/users\/2"}],"replies":[{"embeddable":true,"href":"https:\/\/www.europesays.com\/fi\/wp-json\/wp\/v2\/comments?post=103326"}],"version-history":[{"count":0,"href":"https:\/\/www.europesays.com\/fi\/wp-json\/wp\/v2\/posts\/103326\/revisions"}],"wp:featuredmedia":[{"embeddable":true,"href":"https:\/\/www.europesays.com\/fi\/wp-json\/wp\/v2\/media\/103327"}],"wp:attachment":[{"href":"https:\/\/www.europesays.com\/fi\/wp-json\/wp\/v2\/media?parent=103326"}],"wp:term":[{"taxonomy":"category","embeddable":true,"href":"https:\/\/www.europesays.com\/fi\/wp-json\/wp\/v2\/categories?post=103326"},{"taxonomy":"post_tag","embeddable":true,"href":"https:\/\/www.europesays.com\/fi\/wp-json\/wp\/v2\/tags?post=103326"}],"curies":[{"name":"wp","href":"https:\/\/api.w.org\/{rel}","templated":true}]}}