{"id":103328,"date":"2025-11-29T17:28:12","date_gmt":"2025-11-29T17:28:12","guid":{"rendered":"https:\/\/www.europesays.com\/fi\/103328\/"},"modified":"2025-11-29T17:28:12","modified_gmt":"2025-11-29T17:28:12","slug":"yle-lakean-omaksi-asukkaiden-taytyy-tehda-uusi-vuokrasopimus-tai-muuttaa-pois-uutissuomalainen","status":"publish","type":"post","link":"https:\/\/www.europesays.com\/fi\/103328\/","title":{"rendered":"Yle: Lakean omaksi-asukkaiden t\u00e4ytyy tehd\u00e4 uusi vuokrasopimus tai muuttaa pois | Uutissuomalainen"},"content":{"rendered":"<p>Lakean konkurssiin menneiden taloyhti\u00f6iden asukkaat joutuvat joko muuttamaan pois tai hyv\u00e4ksym\u00e4\u00e4n uuden vuokrasopimuksen, kertoo <a href=\"https:\/\/yle.fi\/a\/74-20196864\" rel=\"nofollow noopener\" target=\"_blank\">Yle<\/a>.<\/p>\n<p>Taloyhti\u00f6iden konkurssipes\u00e4 on l\u00e4hett\u00e4nyt asukkaille kirjeen, jonka mukaan uudet vuokrasopimukset tehd\u00e4\u00e4n joulukuun aikana. Jos uutta sopimusta ei halua tehd\u00e4, huoneisto pit\u00e4\u00e4 luovuttaa vuoden loppuun menness\u00e4 konkurssipes\u00e4lle.<\/p>\n<p>Lakean omaksi-mallissa sopimuksen tehnyt asukas on maksanut asunnon kokonaishinnasta seitsem\u00e4n prosentin alkup\u00e4\u00e4oman. Asukas on ollut vuokralaisen asemassa, ja kuukausivuokraan on sis\u00e4ltynyt asuntoa omaksi kerrytt\u00e4v\u00e4 lyhennyser\u00e4. Asunnon on voinut lunastaa vuokravuosien j\u00e4lkeen kokonaan omaksi. Kauppahinnassa on ollut m\u00e4\u00e4r\u00e4 huomioida sek\u00e4 seitsem\u00e4n prosentin alkup\u00e4\u00e4oma ett\u00e4 lyhennykset.<\/p>\n<p>Lakean 23 taloyhti\u00f6t\u00e4 asetettiin marraskuussa konkurssiin. Konkurssien takia omaksi-sopimukset purkautuivat, jolloin omaksi-asukkaista tuli tavallisia vuokralaisia.<\/p>\n<p>Konkurssipes\u00e4 m\u00e4\u00e4rittelee parhaillaan markkinaehtoista vuokratasoa. Konkurssipes\u00e4n mukaan uusi vuokrasopimus tulee olemaan toistaiseksi voimassa oleva. Yle on n\u00e4hnyt konkurssipes\u00e4n l\u00e4hett\u00e4m\u00e4n kirjeen.<\/p>\n","protected":false},"excerpt":{"rendered":"Lakean konkurssiin menneiden taloyhti\u00f6iden asukkaat joutuvat joko muuttamaan pois tai hyv\u00e4ksym\u00e4\u00e4n uuden vuokrasopimuksen, kertoo Yle. Taloyhti\u00f6iden konkurssipes\u00e4 on&hellip;\n","protected":false},"author":2,"featured_media":103329,"comment_status":"","ping_status":"","sticky":false,"template":"","format":"standard","meta":{"footnotes":""},"categories":[5],"tags":[36,542,22,23,26,27,33,31,30,17,3081,24,25,720,28,29,15,18,21,721,544,32,78,822,19,20,16],"class_list":{"0":"post-103328","1":"post","2":"type-post","3":"status-publish","4":"format-standard","5":"has-post-thumbnail","7":"category-otsikot","8":"tag-asuintalot-ja-asunnot","9":"tag-asuminen","10":"tag-breaking-news","11":"tag-breakingnews","12":"tag-featured-news","13":"tag-featurednews","14":"tag-fi","15":"tag-finland","16":"tag-finnish","17":"tag-headlines","18":"tag-kiinteistot","19":"tag-latest-news","20":"tag-latestnews","21":"tag-liiketoiminta-ja-rahoitus","22":"tag-main-news","23":"tag-mainnews","24":"tag-news","25":"tag-otsikot","26":"tag-paauutiset","27":"tag-rahoitus","28":"tag-rahoitus-ja-kiinteistoala-sektori","29":"tag-suomi","30":"tag-talous","31":"tag-teollisuustuotteet-ja-palvelut-sektori","32":"tag-top-stories","33":"tag-topstories","34":"tag-uutiset"},"share_on_mastodon":{"url":"https:\/\/pubeurope.com\/@fi\/115634169642652723","error":""},"_links":{"self":[{"href":"https:\/\/www.europesays.com\/fi\/wp-json\/wp\/v2\/posts\/103328","targetHints":{"allow":["GET"]}}],"collection":[{"href":"https:\/\/www.europesays.com\/fi\/wp-json\/wp\/v2\/posts"}],"about":[{"href":"https:\/\/www.europesays.com\/fi\/wp-json\/wp\/v2\/types\/post"}],"author":[{"embeddable":true,"href":"https:\/\/www.europesays.com\/fi\/wp-json\/wp\/v2\/users\/2"}],"replies":[{"embeddable":true,"href":"https:\/\/www.europesays.com\/fi\/wp-json\/wp\/v2\/comments?post=103328"}],"version-history":[{"count":0,"href":"https:\/\/www.europesays.com\/fi\/wp-json\/wp\/v2\/posts\/103328\/revisions"}],"wp:featuredmedia":[{"embeddable":true,"href":"https:\/\/www.europesays.com\/fi\/wp-json\/wp\/v2\/media\/103329"}],"wp:attachment":[{"href":"https:\/\/www.europesays.com\/fi\/wp-json\/wp\/v2\/media?parent=103328"}],"wp:term":[{"taxonomy":"category","embeddable":true,"href":"https:\/\/www.europesays.com\/fi\/wp-json\/wp\/v2\/categories?post=103328"},{"taxonomy":"post_tag","embeddable":true,"href":"https:\/\/www.europesays.com\/fi\/wp-json\/wp\/v2\/tags?post=103328"}],"curies":[{"name":"wp","href":"https:\/\/api.w.org\/{rel}","templated":true}]}}