{"id":103332,"date":"2025-11-29T17:43:09","date_gmt":"2025-11-29T17:43:09","guid":{"rendered":"https:\/\/www.europesays.com\/fi\/103332\/"},"modified":"2025-11-29T17:43:09","modified_gmt":"2025-11-29T17:43:09","slug":"samuli-ja-venla-edelmann-yhteisessa-tv-haastattelussa","status":"publish","type":"post","link":"https:\/\/www.europesays.com\/fi\/103332\/","title":{"rendered":"Samuli ja Venla Edelmann yhteisess\u00e4 tv-haastattelussa"},"content":{"rendered":"<p>Samuli ja Venla Edelmann vierailevat sunnuntaina Huomenta Suomessa harvinaisessa yhteishaastattelussa.\u00a0<\/p>\n<p>N\u00e4yttelij\u00e4 ja muusikko <strong class=\"typography-bold\">Samuli Edelmann<\/strong> n\u00e4hd\u00e4\u00e4n sunnuntaina Huomenta Suomi -ohjelmassa ensimm\u00e4isess\u00e4 yhteisess\u00e4 haastattelussa esikoistytt\u00e4rens\u00e4 <strong class=\"typography-bold\">Venla Edelmannin<\/strong> kanssa.\u00a0<\/p>\n<p>Venla Edelmann on muusikko, joka julkaisi marraskuussa kappaleen My Beloved, joka kuullaan my\u00f6s Ylen Kaikki rakastavat hevosia -elokuvan tunnusmusiikkina.\u00a0H\u00e4n julkaisee musiikkia my\u00f6s nimell\u00e4 Edel.<\/p>\n<p>Kaksikolla on tulossa joulukonserttikiertue, jonka tunnelmia yhteishaastattelussa tunnustellaan. L\u00e4hetyksess\u00e4 he esitt\u00e4v\u00e4t my\u00f6s kappaleen Kun joulu on.<\/p>\n<p>Lis\u00e4ksi puhutaan perheen el\u00e4m\u00e4st\u00e4 Maltalla Venlan lapsuudessa ja siit\u00e4, millaista on, kun is\u00e4 on yksi Suomen tunnetuimmista n\u00e4yttelij\u00f6ist\u00e4.\u00a0<\/p>\n<p><strong class=\"typography-bold\">Samuli Edelmann ja Venla Edelmann Huomenta Suomessa MTV3-kanavalla ja Katsomossa kello 9.05-9.30!<\/strong><\/p>\n","protected":false},"excerpt":{"rendered":"Samuli ja Venla Edelmann vierailevat sunnuntaina Huomenta Suomessa harvinaisessa yhteishaastattelussa.\u00a0 N\u00e4yttelij\u00e4 ja muusikko Samuli Edelmann n\u00e4hd\u00e4\u00e4n sunnuntaina Huomenta&hellip;\n","protected":false},"author":2,"featured_media":103333,"comment_status":"","ping_status":"","sticky":false,"template":"","format":"standard","meta":{"footnotes":""},"categories":[133],"tags":[137,33,31,30,32,206,156,109],"class_list":{"0":"post-103332","1":"post","2":"type-post","3":"status-publish","4":"format-standard","5":"has-post-thumbnail","7":"category-televisiot","8":"tag-entertainment","9":"tag-fi","10":"tag-finland","11":"tag-finnish","12":"tag-suomi","13":"tag-televisiot","14":"tag-tv","15":"tag-viihde"},"share_on_mastodon":{"url":"https:\/\/pubeurope.com\/@fi\/115634228641503267","error":""},"_links":{"self":[{"href":"https:\/\/www.europesays.com\/fi\/wp-json\/wp\/v2\/posts\/103332","targetHints":{"allow":["GET"]}}],"collection":[{"href":"https:\/\/www.europesays.com\/fi\/wp-json\/wp\/v2\/posts"}],"about":[{"href":"https:\/\/www.europesays.com\/fi\/wp-json\/wp\/v2\/types\/post"}],"author":[{"embeddable":true,"href":"https:\/\/www.europesays.com\/fi\/wp-json\/wp\/v2\/users\/2"}],"replies":[{"embeddable":true,"href":"https:\/\/www.europesays.com\/fi\/wp-json\/wp\/v2\/comments?post=103332"}],"version-history":[{"count":0,"href":"https:\/\/www.europesays.com\/fi\/wp-json\/wp\/v2\/posts\/103332\/revisions"}],"wp:featuredmedia":[{"embeddable":true,"href":"https:\/\/www.europesays.com\/fi\/wp-json\/wp\/v2\/media\/103333"}],"wp:attachment":[{"href":"https:\/\/www.europesays.com\/fi\/wp-json\/wp\/v2\/media?parent=103332"}],"wp:term":[{"taxonomy":"category","embeddable":true,"href":"https:\/\/www.europesays.com\/fi\/wp-json\/wp\/v2\/categories?post=103332"},{"taxonomy":"post_tag","embeddable":true,"href":"https:\/\/www.europesays.com\/fi\/wp-json\/wp\/v2\/tags?post=103332"}],"curies":[{"name":"wp","href":"https:\/\/api.w.org\/{rel}","templated":true}]}}