{"id":103334,"date":"2025-11-29T17:47:10","date_gmt":"2025-11-29T17:47:10","guid":{"rendered":"https:\/\/www.europesays.com\/fi\/103334\/"},"modified":"2025-11-29T17:47:10","modified_gmt":"2025-11-29T17:47:10","slug":"nooralotta-nezirin-kotoa-loytyi-kauhea-yllatys","status":"publish","type":"post","link":"https:\/\/www.europesays.com\/fi\/103334\/","title":{"rendered":"Nooralotta Nezirin kotoa l\u00f6ytyi kauhea yll\u00e4tys"},"content":{"rendered":"<p>Sit\u00e4 oli lopulta ihan koko talossa, Neziri kertoi.<\/p>\n<p><img decoding=\"async\" class=\"image image-show image-preview\" src=\"https:\/\/www.europesays.com\/fi\/wp-content\/uploads\/2025\/11\/a6bfda0c3a5bf467595dcd7cb47f45231d66fac561c46522d096ac824b4b5096.jpg\" alt=\"\"\/><img decoding=\"async\" class=\"image image-show\" src=\"https:\/\/www.europesays.com\/fi\/wp-content\/uploads\/2025\/11\/1764438430_978_a6bfda0c3a5bf467595dcd7cb47f45231d66fac561c46522d096ac824b4b5096.jpg\" alt=\"\"\/><\/p>\n<p>Nooralotta Neziri  Pasi Liesimaa<\/p>\n<p class=\"paragraph\">Aitajuoksija <strong>Nooralotta Neziri<\/strong> jakoi Instagram-tilill\u00e4\u00e4n l\u00f6yd\u00f6ksen, joka h\u00e4nt\u00e4 odotti kotona.<\/p>\n<p class=\"paragraph\">Neziri koki hyvin ik\u00e4v\u00e4, suorastaan iljett\u00e4v\u00e4n yll\u00e4tyksen palattuaan reissusta kotiin.<\/p>\n<p class=\"paragraph\">\u2013\u2009Mukava tulla reissusta kotiin ja huomata s\u00e4ngyn olevan hiiren kakassa. Olihan sit\u00e4 loppujen lopuksi ihan koko talossa, Neziri kertoi.<\/p>\n<p class=\"paragraph\">Pika-aiturin kuvakollaasi kertoi kaiken. Kuollut hiiri lojui h\u00e4nen kotinsa lattialla. Jyrsij\u00e4 oli tehnyt tuhoja kankaisiin ja j\u00e4tt\u00e4nyt ulostek\u00f6nttej\u00e4\u00e4n s\u00e4ngylle.<\/p>\n<p class=\"paragraph\">\u2013\u2009Viikonlopun piti olla palauttava reissujen keskell\u00e4. Muutama ty\u00f6juttukin pit\u00e4isi hoitaa. Mutta eih\u00e4n n\u00e4m\u00e4 koskaan tule hyv\u00e4\u00e4n hetkeen? Jos sit\u00e4 t\u00e4lle shit showlle koskaan edes on, Neziri jatkoi.<\/p>\n<p class=\"paragraph\">Lis\u00e4ksi h\u00e4n kysyi seuraajiltaan, onko heill\u00e4 vastaavia kokemuksia hiirist\u00e4 kotona? My\u00f6nt\u00e4vi\u00e4 vastauksia tuli, ja Nezirille jaettiinkin vinkkej\u00e4 ongelman hoitoon.<\/p>\n<p class=\"paragraph\">Er\u00e4n k\u00e4ytt\u00e4j\u00e4 ehdotti hiirenloukun hankkimista.<\/p>\n<p class=\"paragraph\">Nezirin kauden p\u00e4\u00e4t\u00f6s meni pipariksi, kun polvi hajosi juuri ennen Tokion MM-kisoja. Polvi operoitiin syksyll\u00e4.<\/p>\n","protected":false},"excerpt":{"rendered":"Sit\u00e4 oli lopulta ihan koko talossa, Neziri kertoi. Nooralotta Neziri Pasi Liesimaa Aitajuoksija Nooralotta Neziri jakoi Instagram-tilill\u00e4\u00e4n l\u00f6yd\u00f6ksen,&hellip;\n","protected":false},"author":2,"featured_media":103335,"comment_status":"","ping_status":"","sticky":false,"template":"","format":"standard","meta":{"footnotes":""},"categories":[158],"tags":[35,2110,33,31,30,720,41,159,32,78,487,538,160],"class_list":{"0":"post-103334","1":"post","2":"type-post","3":"status-publish","4":"format-standard","5":"has-post-thumbnail","7":"category-urheilu","8":"tag-24h","9":"tag-elamantapa-ja-vapaa-aika","10":"tag-fi","11":"tag-finland","12":"tag-finnish","13":"tag-liiketoiminta-ja-rahoitus","14":"tag-liikunta-ja-urheilu","15":"tag-sports","16":"tag-suomi","17":"tag-talous","18":"tag-teknologia-yleista","19":"tag-tiede-ja-tekniikka","20":"tag-urheilu"},"share_on_mastodon":{"url":"https:\/\/pubeurope.com\/@fi\/115634244560818198","error":""},"_links":{"self":[{"href":"https:\/\/www.europesays.com\/fi\/wp-json\/wp\/v2\/posts\/103334","targetHints":{"allow":["GET"]}}],"collection":[{"href":"https:\/\/www.europesays.com\/fi\/wp-json\/wp\/v2\/posts"}],"about":[{"href":"https:\/\/www.europesays.com\/fi\/wp-json\/wp\/v2\/types\/post"}],"author":[{"embeddable":true,"href":"https:\/\/www.europesays.com\/fi\/wp-json\/wp\/v2\/users\/2"}],"replies":[{"embeddable":true,"href":"https:\/\/www.europesays.com\/fi\/wp-json\/wp\/v2\/comments?post=103334"}],"version-history":[{"count":0,"href":"https:\/\/www.europesays.com\/fi\/wp-json\/wp\/v2\/posts\/103334\/revisions"}],"wp:featuredmedia":[{"embeddable":true,"href":"https:\/\/www.europesays.com\/fi\/wp-json\/wp\/v2\/media\/103335"}],"wp:attachment":[{"href":"https:\/\/www.europesays.com\/fi\/wp-json\/wp\/v2\/media?parent=103334"}],"wp:term":[{"taxonomy":"category","embeddable":true,"href":"https:\/\/www.europesays.com\/fi\/wp-json\/wp\/v2\/categories?post=103334"},{"taxonomy":"post_tag","embeddable":true,"href":"https:\/\/www.europesays.com\/fi\/wp-json\/wp\/v2\/tags?post=103334"}],"curies":[{"name":"wp","href":"https:\/\/api.w.org\/{rel}","templated":true}]}}