{"id":103336,"date":"2025-11-29T17:48:08","date_gmt":"2025-11-29T17:48:08","guid":{"rendered":"https:\/\/www.europesays.com\/fi\/103336\/"},"modified":"2025-11-29T17:48:08","modified_gmt":"2025-11-29T17:48:08","slug":"elaimet-tyollistivat-pelastuslaitosta-pomarkussa-hirvi-jai-jumiin-ja-peura-koki-hyisen-lopun","status":"publish","type":"post","link":"https:\/\/www.europesays.com\/fi\/103336\/","title":{"rendered":"El\u00e4imet ty\u00f6llistiv\u00e4t pelastuslaitosta Pomarkussa: Hirvi j\u00e4i jumiin ja peura koki hyisen lopun"},"content":{"rendered":"<p>Hirvi ei lopulta kaivannut apua lainkaan. Peuraa ei pystytty auttamaan mitenk\u00e4\u00e4n.<\/p>\n<p class=\"article-body mb-nof-24 px-nof-16\">Pomarkku<\/p>\n<p class=\"article-body mb-nof-24 px-nof-16\">Pelastuslaitos sai lauantaina alkuillalla el\u00e4imen pelastamisteht\u00e4v\u00e4n Pomarkusta Isonevan suolta. H\u00e4lytys saapui v\u00e4h\u00e4n ennen kello 18.<\/p>\n<p class=\"article-body mb-nof-24 px-nof-16\">\u201dHirvi oli upoksissa suolla Isonevan luonnon\u00adsuojelualueella. Palokunnan yksikk\u00f6 k\u00e4vi paikalla, mutta hirvi oli p\u00e4\u00e4ssyt pois omin voimin\u201d, totesi p\u00e4ivyst\u00e4v\u00e4 palomestari <a class=\"article-personlink\" href=\"https:\/\/www.satakunnankansa.fi\/haku\/?query=Peninna%20Laur%C3%A9n\" rel=\"nofollow noopener\" target=\"_blank\">Peninna Laur\u00e9n<\/a>.<\/p>\n<p class=\"article-body mb-nof-24 px-nof-16\">Puoliltap\u00e4ivin lauantaina tuli h\u00e4lytys Pomarkun Isoj\u00e4rvelt\u00e4. H\u00e4lytys tuli kello 12 j\u00e4lkeen j\u00e4rven it\u00e4osaan Joensuunlahden alueelle.<\/p>\n<p class=\"article-body mb-nof-24 px-nof-16\">Laur\u00e9n kertoi, ett\u00e4 teht\u00e4v\u00e4ss\u00e4 oli kyse j\u00e4rvell\u00e4 havaitusta peurasta. Se oli pudonnut j\u00e4ihin, ja palokunta k\u00e4vi nostamassa el\u00e4imen yl\u00f6s.<\/p>\n<p class=\"article-body mb-nof-24 px-nof-16\">El\u00e4imen pelastamisteht\u00e4v\u00e4 p\u00e4\u00e4ttyi ik\u00e4v\u00e4sti, kun peura menehtyi. Tiedossa ei ole, kuinka kauan el\u00e4in oli v\u00e4rj\u00f6tellyt avannossa.<\/p>\n<p class=\"article-body mb-nof-24 px-nof-16\">\u201dTodenn\u00e4k\u00f6isesti pidemm\u00e4n aikaa. Ja kaukana rannasta\u201d, Laur\u00e9n t\u00e4smensi.<\/p>\n<p class=\"article-body mb-nof-24 px-nof-16\">Hirvitapaus lis\u00e4tty juttuun kello 19.04.<\/p>\n","protected":false},"excerpt":{"rendered":"Hirvi ei lopulta kaivannut apua lainkaan. Peuraa ei pystytty auttamaan mitenk\u00e4\u00e4n. Pomarkku Pelastuslaitos sai lauantaina alkuillalla el\u00e4imen pelastamisteht\u00e4v\u00e4n&hellip;\n","protected":false},"author":2,"featured_media":103337,"comment_status":"","ping_status":"","sticky":false,"template":"","format":"standard","meta":{"footnotes":""},"categories":[130],"tags":[137,33,31,30,80,32,109],"class_list":{"0":"post-103336","1":"post","2":"type-post","3":"status-publish","4":"format-standard","5":"has-post-thumbnail","7":"category-viihde","8":"tag-entertainment","9":"tag-fi","10":"tag-finland","11":"tag-finnish","12":"tag-satakunnan-kansa","13":"tag-suomi","14":"tag-viihde"},"share_on_mastodon":{"url":"https:\/\/pubeurope.com\/@fi\/115634248410563552","error":""},"_links":{"self":[{"href":"https:\/\/www.europesays.com\/fi\/wp-json\/wp\/v2\/posts\/103336","targetHints":{"allow":["GET"]}}],"collection":[{"href":"https:\/\/www.europesays.com\/fi\/wp-json\/wp\/v2\/posts"}],"about":[{"href":"https:\/\/www.europesays.com\/fi\/wp-json\/wp\/v2\/types\/post"}],"author":[{"embeddable":true,"href":"https:\/\/www.europesays.com\/fi\/wp-json\/wp\/v2\/users\/2"}],"replies":[{"embeddable":true,"href":"https:\/\/www.europesays.com\/fi\/wp-json\/wp\/v2\/comments?post=103336"}],"version-history":[{"count":0,"href":"https:\/\/www.europesays.com\/fi\/wp-json\/wp\/v2\/posts\/103336\/revisions"}],"wp:featuredmedia":[{"embeddable":true,"href":"https:\/\/www.europesays.com\/fi\/wp-json\/wp\/v2\/media\/103337"}],"wp:attachment":[{"href":"https:\/\/www.europesays.com\/fi\/wp-json\/wp\/v2\/media?parent=103336"}],"wp:term":[{"taxonomy":"category","embeddable":true,"href":"https:\/\/www.europesays.com\/fi\/wp-json\/wp\/v2\/categories?post=103336"},{"taxonomy":"post_tag","embeddable":true,"href":"https:\/\/www.europesays.com\/fi\/wp-json\/wp\/v2\/tags?post=103336"}],"curies":[{"name":"wp","href":"https:\/\/api.w.org\/{rel}","templated":true}]}}