{"id":103338,"date":"2025-11-29T17:49:13","date_gmt":"2025-11-29T17:49:13","guid":{"rendered":"https:\/\/www.europesays.com\/fi\/103338\/"},"modified":"2025-11-29T17:49:13","modified_gmt":"2025-11-29T17:49:13","slug":"susi-nappasi-suomenpystykorvan-kotiovelta-virroilla-maaseudun-tulevaisuus","status":"publish","type":"post","link":"https:\/\/www.europesays.com\/fi\/103338\/","title":{"rendered":"Susi nappasi suomenpystykorvan kotiovelta Virroilla &#8211; Maaseudun Tulevaisuus"},"content":{"rendered":"<ol>\n<li><a href=\"https:\/\/news.google.com\/rss\/articles\/CBMihAFBVV95cUxPSWtmMFVCbldJdE9yOXBIQ1lEa3BkUmZ3UnRQeGFkN2NDS0d5ZDNUN25RYzZRbVZzWHdFdWFGbDhnY3kyT3V1QnhYRlVwQk5zbk9YTTVPaEF6YkJnTGl6RHc2RkgyOEpLbnFnVmtzZWthZHF3NlNmZDFXYWVIQllKYVFkSlU?oc=5\" target=\"_blank\" rel=\"nofollow noopener\">Susi nappasi suomenpystykorvan kotiovelta Virroilla<\/a>&nbsp;&nbsp;Maaseudun Tulevaisuus<\/li>\n<li><a href=\"https:\/\/news.google.com\/rss\/articles\/CBMiaEFVX3lxTE01Yk5RMk9hZXhlbzh4cEpMdkYtRlNhUm1mU2k4NFR3WHNJSkYwMkJ3b2VvOG0xY0xPZVplSFZWaEJqWGdhbFJZTU1pMVczWFBadl8wMExxTEZHVm91WElPc09jdmgwbE1L?oc=5\" target=\"_blank\" rel=\"nofollow noopener\">Susi nappasi koiran kitaansa suoraan kotiovelta Virroilla<\/a>&nbsp;&nbsp;Aamulehti<\/li>\n<li><a href=\"https:\/\/news.google.com\/rss\/articles\/CBMiXEFVX3lxTE5MTEU1LUtvTXFEN2RuSXFINjFtU0I5cUdXTkU1cGhyNG9mOUxqS1ZHZDRpMnFBVktBeXUtc2ttbEZLWUg5TF90VkRsODNPdVlzUFBmZzcxNmF1RGYz?oc=5\" target=\"_blank\" rel=\"nofollow noopener\">Mets\u00e4st\u00e4j\u00e4liitto: Susi vei koiran kotiovelta Virroilla<\/a>&nbsp;&nbsp;Ilta-Sanomat<\/li>\n<li><a href=\"https:\/\/news.google.com\/rss\/articles\/CBMiUEFVX3lxTE1RTkVHT29DNGgwVjN5R2pLb2wxSWJrVU1wM29hUS03Z09vTHJSdi1YNXBOSUdyUy1vcUQyeUNqNjR0UVVaNnBFakFsWnN4NG9R?oc=5\" target=\"_blank\" rel=\"nofollow noopener\">Susi vei koiran kotiovelta Virroilla \u2013 kuva ei herkille<\/a>&nbsp;&nbsp;Keskisuomalainen<\/li>\n<li><a href=\"https:\/\/news.google.com\/rss\/articles\/CBMiswFBVV95cUxPQkx1RGhCanoxY0xxZUFJb0JXaUVTUC1HNnBmTzJ5OHU2VFlVcDBIbkRtWEllOW91RDRwcnFUVHRBVy1Fa3RTbW83ZWZvaWJCUDNta0p0LVpnX29yc09xei1TdWlHanV2aDZTbGVPQktZOV9jX1pIVnBPNmNZVWcyZU1sLXg2UVFYN0VUV3JISzM0SkpORk9QQVQ3UExRa29mWmxyZmNzRXpHaFBLWkpoTjdjMA?oc=5\" target=\"_blank\" rel=\"nofollow noopener\">Susi vei koiran suoraan kotiovelta Virroilla<\/a>&nbsp;&nbsp;STT Info<\/li>\n<\/ol>\n","protected":false},"excerpt":{"rendered":"Susi nappasi suomenpystykorvan kotiovelta Virroilla&nbsp;&nbsp;Maaseudun Tulevaisuus Susi nappasi koiran kitaansa suoraan kotiovelta Virroilla&nbsp;&nbsp;Aamulehti Mets\u00e4st\u00e4j\u00e4liitto: Susi vei koiran kotiovelta&hellip;\n","protected":false},"author":2,"featured_media":103339,"comment_status":"","ping_status":"","sticky":false,"template":"","format":"standard","meta":{"footnotes":""},"categories":[112],"tags":[33,31,30,118,32,119],"class_list":{"0":"post-103338","1":"post","2":"type-post","3":"status-publish","4":"format-standard","5":"has-post-thumbnail","7":"category-tiede","8":"tag-fi","9":"tag-finland","10":"tag-finnish","11":"tag-science","12":"tag-suomi","13":"tag-tiede"},"share_on_mastodon":{"url":"https:\/\/pubeurope.com\/@fi\/115634252267677974","error":""},"_links":{"self":[{"href":"https:\/\/www.europesays.com\/fi\/wp-json\/wp\/v2\/posts\/103338","targetHints":{"allow":["GET"]}}],"collection":[{"href":"https:\/\/www.europesays.com\/fi\/wp-json\/wp\/v2\/posts"}],"about":[{"href":"https:\/\/www.europesays.com\/fi\/wp-json\/wp\/v2\/types\/post"}],"author":[{"embeddable":true,"href":"https:\/\/www.europesays.com\/fi\/wp-json\/wp\/v2\/users\/2"}],"replies":[{"embeddable":true,"href":"https:\/\/www.europesays.com\/fi\/wp-json\/wp\/v2\/comments?post=103338"}],"version-history":[{"count":0,"href":"https:\/\/www.europesays.com\/fi\/wp-json\/wp\/v2\/posts\/103338\/revisions"}],"wp:featuredmedia":[{"embeddable":true,"href":"https:\/\/www.europesays.com\/fi\/wp-json\/wp\/v2\/media\/103339"}],"wp:attachment":[{"href":"https:\/\/www.europesays.com\/fi\/wp-json\/wp\/v2\/media?parent=103338"}],"wp:term":[{"taxonomy":"category","embeddable":true,"href":"https:\/\/www.europesays.com\/fi\/wp-json\/wp\/v2\/categories?post=103338"},{"taxonomy":"post_tag","embeddable":true,"href":"https:\/\/www.europesays.com\/fi\/wp-json\/wp\/v2\/tags?post=103338"}],"curies":[{"name":"wp","href":"https:\/\/api.w.org\/{rel}","templated":true}]}}