{"id":103342,"date":"2025-11-29T17:53:09","date_gmt":"2025-11-29T17:53:09","guid":{"rendered":"https:\/\/www.europesays.com\/fi\/103342\/"},"modified":"2025-11-29T17:53:09","modified_gmt":"2025-11-29T17:53:09","slug":"panssaroitu-kuorma-auto-suistui-ojaan-huittisissa-kesken-maavoimien-harjoituksen","status":"publish","type":"post","link":"https:\/\/www.europesays.com\/fi\/103342\/","title":{"rendered":"Panssaroitu kuorma-auto suistui ojaan Huittisissa kesken Maavoimien harjoituksen"},"content":{"rendered":"<p class=\"teksti\">Panssaroitu kuorma-auto suistui lauantaina tielt\u00e4 ojaan Huittisten Korvenkyl\u00e4ntiell\u00e4 kello kuuden aikoihin iltap\u00e4iv\u00e4ll\u00e4. Kuorma-auto oli liikkeell\u00e4 Maavoimien alueellisen p\u00e4\u00e4sotaharjoitus Lively Sentry 25:een liittyen. Autossa oli kaksi varusmiest\u00e4, joista kumpikaan ei loukkaantunut tilanteessa vakavasti.<\/p>\n<p class=\"teksti\">Maavoimien tiedotteen mukaan toinen varusmiehist\u00e4 valitti kipua k\u00e4dess\u00e4\u00e4n ja on l\u00e4htenyt tarkastettavaksi S\u00e4kyl\u00e4n varuskunnan terveysasemalle. Kuorma-auton nosto- ja hinausty\u00f6t voivat aiheuttaa hetkitt\u00e4ist\u00e4 liikennehaittaa Korvenkyl\u00e4ntiell\u00e4 lauantai-iltana.<\/p>\n","protected":false},"excerpt":{"rendered":"Panssaroitu kuorma-auto suistui lauantaina tielt\u00e4 ojaan Huittisten Korvenkyl\u00e4ntiell\u00e4 kello kuuden aikoihin iltap\u00e4iv\u00e4ll\u00e4. Kuorma-auto oli liikkeell\u00e4 Maavoimien alueellisen p\u00e4\u00e4sotaharjoitus&hellip;\n","protected":false},"author":2,"featured_media":103343,"comment_status":"","ping_status":"","sticky":false,"template":"","format":"standard","meta":{"footnotes":""},"categories":[12],"tags":[22,23,26,27,33,31,30,17,24,25,28,29,15,18,21,32,19,20,16],"class_list":{"0":"post-103342","1":"post","2":"type-post","3":"status-publish","4":"format-standard","5":"has-post-thumbnail","7":"category-suomi","8":"tag-breaking-news","9":"tag-breakingnews","10":"tag-featured-news","11":"tag-featurednews","12":"tag-fi","13":"tag-finland","14":"tag-finnish","15":"tag-headlines","16":"tag-latest-news","17":"tag-latestnews","18":"tag-main-news","19":"tag-mainnews","20":"tag-news","21":"tag-otsikot","22":"tag-paauutiset","23":"tag-suomi","24":"tag-top-stories","25":"tag-topstories","26":"tag-uutiset"},"share_on_mastodon":{"url":"https:\/\/pubeurope.com\/@fi\/115634268045860744","error":""},"_links":{"self":[{"href":"https:\/\/www.europesays.com\/fi\/wp-json\/wp\/v2\/posts\/103342","targetHints":{"allow":["GET"]}}],"collection":[{"href":"https:\/\/www.europesays.com\/fi\/wp-json\/wp\/v2\/posts"}],"about":[{"href":"https:\/\/www.europesays.com\/fi\/wp-json\/wp\/v2\/types\/post"}],"author":[{"embeddable":true,"href":"https:\/\/www.europesays.com\/fi\/wp-json\/wp\/v2\/users\/2"}],"replies":[{"embeddable":true,"href":"https:\/\/www.europesays.com\/fi\/wp-json\/wp\/v2\/comments?post=103342"}],"version-history":[{"count":0,"href":"https:\/\/www.europesays.com\/fi\/wp-json\/wp\/v2\/posts\/103342\/revisions"}],"wp:featuredmedia":[{"embeddable":true,"href":"https:\/\/www.europesays.com\/fi\/wp-json\/wp\/v2\/media\/103343"}],"wp:attachment":[{"href":"https:\/\/www.europesays.com\/fi\/wp-json\/wp\/v2\/media?parent=103342"}],"wp:term":[{"taxonomy":"category","embeddable":true,"href":"https:\/\/www.europesays.com\/fi\/wp-json\/wp\/v2\/categories?post=103342"},{"taxonomy":"post_tag","embeddable":true,"href":"https:\/\/www.europesays.com\/fi\/wp-json\/wp\/v2\/tags?post=103342"}],"curies":[{"name":"wp","href":"https:\/\/api.w.org\/{rel}","templated":true}]}}