{"id":103346,"date":"2025-11-29T18:06:18","date_gmt":"2025-11-29T18:06:18","guid":{"rendered":"https:\/\/www.europesays.com\/fi\/103346\/"},"modified":"2025-11-29T18:06:18","modified_gmt":"2025-11-29T18:06:18","slug":"radiojuontaja-julkaisi-videon-lapsestaan-pian-alkoi-tapahtua-jotain-kamalaa","status":"publish","type":"post","link":"https:\/\/www.europesays.com\/fi\/103346\/","title":{"rendered":"Radiojuontaja julkaisi videon lapsestaan \u2013 Pian alkoi tapahtua jotain kamalaa"},"content":{"rendered":"<p>Radiojuontaja Ville Tanskanen ja h\u00e4nen lapsensa ovat joutuneet inhottavan kommentoinnin kohteiksi.<\/p>\n<p><img decoding=\"async\" class=\"image image-show image-preview\" src=\"https:\/\/www.europesays.com\/fi\/wp-content\/uploads\/2025\/11\/384a93a3ac7dd3007bc523d552852d2c04d8b354251ed657625e155cf8190a2e.jpg\" alt=\"\"\/><img decoding=\"async\" class=\"image image-show\" src=\"https:\/\/www.europesays.com\/fi\/wp-content\/uploads\/2025\/11\/1764439578_982_384a93a3ac7dd3007bc523d552852d2c04d8b354251ed657625e155cf8190a2e.jpg\" alt=\"\"\/><\/p>\n<p>\u2013 T\u00e4m\u00e4 on pys\u00e4ytt\u00e4v\u00e4\u00e4, Ville Tanskanen sanoo julkaisunsa alle tulleista t\u00f6rkykommenteista. Ville Tanskasen oma albumi<\/p>\n<p class=\"paragraph\">Radiojuontaja <strong>Ville Tanskasen<\/strong> julkaisu sosiaalisessa mediassa on saanut paljon huomiota osakseen \u2013 hyv\u00e4ss\u00e4 ja pahassa.<\/p>\n<p class=\"paragraph\">Tanskanen kuvasi sattumalta ruokakaupassa videota, kun yht\u00e4kki\u00e4 h\u00e4nen lapsensa sanoi \u201dhyi helvetti\u201d n\u00e4hty\u00e4\u00e4n kalatiskille asetetun verisen kalan.<\/p>\n<p class=\"paragraph\">Nelivuotiaan lapsen spontaani reaktio tallentui videolle, jonka Tanskanen p\u00e4\u00e4tti julkaista my\u00f6hemmin Instagramissa.<\/p>\n<p class=\"paragraph\">Sitten r\u00e4j\u00e4hti, Tanskanen sanoo Iltalehdelle.<\/p>\n<p class=\"paragraph\">Julkaisu ker\u00e4si nopeasti satoja tuhansia n\u00e4ytt\u00f6kertoja ja yli 10 000 tykk\u00e4yst\u00e4. Kommenttikent\u00e4ss\u00e4 moni kertoi ilahtuneensa ja huvittuneensa n\u00e4kem\u00e4st\u00e4\u00e4n.<\/p>\n<p class=\"paragraph\">\u2013 Se oli musta tosi hauska ja hellytt\u00e4v\u00e4 juttu, Tanskanen kertoo.<\/p>\n<p class=\"paragraph\">Pian Tanskanen kuitenkin huomasi, ett\u00e4 kommenttien s\u00e4vy muuttui.<\/p>\n<p>\u201dRyhti\u00e4 siihen kasvatukseen\u201d<\/p>\n<p class=\"paragraph\">Kommenttikentt\u00e4\u00e4n alkoi sataa inhottavia kommentteja yhden kirosanan takia, Tanskanen kertoo.<\/p>\n<p class=\"paragraph\">Osa kommenteista oli todella synkki\u00e4, h\u00e4n harmittelee.<\/p>\n<p class=\"paragraph\">\u2013 Joku ehdotti, ett\u00e4 mene poikasi kanssa kalaan. Sitten joku kommentoi siihen, ett\u00e4 voisit tehd\u00e4 palveluksen, etk\u00e4 laita pelastusliivej\u00e4 p\u00e4\u00e4lle, Tanskanen kertoo.<\/p>\n<p class=\"paragraph\">Tanskanen huomauttaa, ett\u00e4 osa kommenteista on mennyt niin pitk\u00e4lle, ett\u00e4 niiss\u00e4 jopa kehotetaan kohdistamaan lapseen v\u00e4kivaltaa, kuten \u201cluunappien\u201d antamista.<\/p>\n<p class=\"paragraph\">Julkaisun ohessa on muun muassa seuraavanlaisia kommentteja:<\/p>\n<p class=\"paragraph\">\u2013 Hyi helvetti! Mik\u00e4 kakara, er\u00e4s k\u00e4ytt\u00e4j\u00e4 kirjoitti.<\/p>\n<p class=\"paragraph\">\u2013 Ryhti\u00e4 siihen kasvatukseen. Kielenk\u00e4yt\u00f6st\u00e4 nasahtaa luunappia tai tukkap\u00f6l\u00e4ytyst\u00e4, toinen kirjoitti.<\/p>\n<p class=\"paragraph\">\u2013 Surullista, ett\u00e4 noin nuori lapsi puhuu noin, kommenttikent\u00e4ss\u00e4 lukee.<\/p>\n<p>\u201dPys\u00e4ytt\u00e4v\u00e4\u00e4\u201d<\/p>\n<p class=\"paragraph\">Tanskanen kertoo yll\u00e4ttyneens\u00e4, ett\u00e4 ihmiset reagoivat niin vahvasti videoon, jossa esiintyy pieni lapsi.<\/p>\n<p class=\"paragraph\">\u2013 Videota v\u00e4itettiin ala-arvoiseksi, vanhemmuuttani kritisoitiin ja lopulta kehotettiin jopa hukkumaan, Tanskanen sanoo.<\/p>\n<p class=\"paragraph\">\u2013 T\u00e4m\u00e4 on pys\u00e4ytt\u00e4v\u00e4\u00e4, h\u00e4n summaa.<\/p>\n<p>Ville Tanskanen ty\u00f6skentelee Suomir\u00e4p-kanavan juontajana. Niko Tiainen<\/p>\n<p class=\"paragraph\">Aluksi Tanskanen vastasi t\u00f6rkykommentteihin tyylilleen uskollisena sarkasmilla ja huumorilla.<\/p>\n<p class=\"paragraph\">Ilkeiden kommenttien m\u00e4\u00e4r\u00e4 sai kuitenkin Tanskasen mielen matalaksi.<\/p>\n<p class=\"paragraph\">Se, ett\u00e4 nelivuotiaasta lapsesta, h\u00e4nen olemuksestaan, h\u00e4nen is\u00e4st\u00e4\u00e4n ja kasvatustavasta tehd\u00e4\u00e4n olettamuksia muutaman sekunnin videon takia, on absurdia, Tanskanen sanoo.<\/p>\n<p class=\"paragraph\">H\u00e4nest\u00e4 on t\u00e4rke\u00e4\u00e4 tuoda esille aikuisten tapaa kommentoida lapsia sosiaalisessa mediassa.<\/p>\n<p class=\"paragraph\">\u2013 Toivottavasti yritett\u00e4isiin muistaa, ett\u00e4 videon takana on ihan oikea pieni lapsi ja h\u00e4nest\u00e4 huolta pit\u00e4v\u00e4 is\u00e4.<\/p>\n","protected":false},"excerpt":{"rendered":"Radiojuontaja Ville Tanskanen ja h\u00e4nen lapsensa ovat joutuneet inhottavan kommentoinnin kohteiksi. \u2013 T\u00e4m\u00e4 on pys\u00e4ytt\u00e4v\u00e4\u00e4, Ville Tanskanen sanoo&hellip;\n","protected":false},"author":2,"featured_media":103347,"comment_status":"","ping_status":"","sticky":false,"template":"","format":"standard","meta":{"footnotes":""},"categories":[136],"tags":[407,137,33,31,30,101,408,99,100,98,32,102,109,4447],"class_list":{"0":"post-103346","1":"post","2":"type-post","3":"status-publish","4":"format-standard","5":"has-post-thumbnail","7":"category-julkkikset","8":"tag-celebrities","9":"tag-entertainment","10":"tag-fi","11":"tag-finland","12":"tag-finnish","13":"tag-ihmissuhteet","14":"tag-julkkikset","15":"tag-lapset","16":"tag-lapset-ja-nuoret","17":"tag-perhe","18":"tag-suomi","19":"tag-vanhemmat","20":"tag-viihde","21":"tag-viikko"},"share_on_mastodon":{"url":"https:\/\/pubeurope.com\/@fi\/115634319398252312","error":""},"_links":{"self":[{"href":"https:\/\/www.europesays.com\/fi\/wp-json\/wp\/v2\/posts\/103346","targetHints":{"allow":["GET"]}}],"collection":[{"href":"https:\/\/www.europesays.com\/fi\/wp-json\/wp\/v2\/posts"}],"about":[{"href":"https:\/\/www.europesays.com\/fi\/wp-json\/wp\/v2\/types\/post"}],"author":[{"embeddable":true,"href":"https:\/\/www.europesays.com\/fi\/wp-json\/wp\/v2\/users\/2"}],"replies":[{"embeddable":true,"href":"https:\/\/www.europesays.com\/fi\/wp-json\/wp\/v2\/comments?post=103346"}],"version-history":[{"count":0,"href":"https:\/\/www.europesays.com\/fi\/wp-json\/wp\/v2\/posts\/103346\/revisions"}],"wp:featuredmedia":[{"embeddable":true,"href":"https:\/\/www.europesays.com\/fi\/wp-json\/wp\/v2\/media\/103347"}],"wp:attachment":[{"href":"https:\/\/www.europesays.com\/fi\/wp-json\/wp\/v2\/media?parent=103346"}],"wp:term":[{"taxonomy":"category","embeddable":true,"href":"https:\/\/www.europesays.com\/fi\/wp-json\/wp\/v2\/categories?post=103346"},{"taxonomy":"post_tag","embeddable":true,"href":"https:\/\/www.europesays.com\/fi\/wp-json\/wp\/v2\/tags?post=103346"}],"curies":[{"name":"wp","href":"https:\/\/api.w.org\/{rel}","templated":true}]}}