{"id":103350,"date":"2025-11-29T18:14:08","date_gmt":"2025-11-29T18:14:08","guid":{"rendered":"https:\/\/www.europesays.com\/fi\/103350\/"},"modified":"2025-11-29T18:14:08","modified_gmt":"2025-11-29T18:14:08","slug":"jaajo-linnonmaan-uusi-kirja-paljastui-salaisuusprojekti-yllatti-kaikki","status":"publish","type":"post","link":"https:\/\/www.europesays.com\/fi\/103350\/","title":{"rendered":"Jaajo Linnonmaan uusi kirja paljastui \u2013 Salaisuusprojekti yll\u00e4tti kaikki"},"content":{"rendered":"<p>            Timo Korhonen\n        <\/p>\n<p class=\"subtitle \">Jaajo oli pit\u00e4nyt uutista sis\u00e4ll\u00e4\u00e4n jo tovin.<\/p>\n<p class=\"article-content article-content-width !bg-background\">Juontaja , 47, uusi salaisuusprojekti palajstui, kun h\u00e4nen assistenttinsa  julkaisi asiasta ilmoituksen omaan <a href=\"https:\/\/www.linkedin.com\/feed\/update\/urn:li:activity:7399866152535068672\/\" target=\"_blank\" rel=\"nofollow noopener\">LinkedIn<\/a>-profiiliinsa aiemmin t\u00e4ll\u00e4 viikolla.<\/p>\n<p class=\"font-weight-bold m-font-weight-bold article-content article-content-width !bg-background\">Katso my\u00f6s! Seiskan bisneshaukka\u00a0 \u2013 Jaajo Linnonmaa:<\/p>\n<p class=\"article-content article-content-width !bg-background\">Assistentti paljasti Jaajon kirjoittaneen uutta kirjaa jo tovin.\u00a0<\/p>\n<p>N\u00e4in Jaajo kommentoi!<\/p>\n<p class=\"article-content article-content-width !bg-background\">Assistentti-Elina kertoo julkaisussaan p\u00e4\u00e4sseens\u00e4 omalla tavallaan mukaan kirjaprojektiin.<\/p>\n<p class=\"article-content article-content-width !bg-background\"> \u2013 T\u00e4n\u00e4\u00e4n p\u00e4\u00e4sin taas tekem\u00e4\u00e4n t\u00f6iss\u00e4 jotain, mit\u00e4 en v\u00e4ltt\u00e4m\u00e4tt\u00e4 ajatellut koskaan tekev\u00e4ni. Jaajo on kirjoittanut tovin kirjaa, eik\u00e4 ole hiiskunut projektistaan sen enemp\u00e4\u00e4.\ud83e\udd2bT\u00e4n\u00e4\u00e4n aamusta sain pyynn\u00f6n tulostaa ekan version ja lukea sen Jaajolle \u00e4\u00e4neen.\ud83e\udd29H\u00e4n kirjasi yl\u00f6s, miss\u00e4 nauroin ja mit\u00e4 en ymm\u00e4rt\u00e4nyt. Tehtiin muistiinpanoja ja sitten korjattiin kirjoitusvirheit\u00e4, h\u00e4n paljastaa.<\/p>\n<p>        <a itemprop=\"url\" href=\"https:\/\/www.seiska.fi\/vain-seiskassa\/jaajo-linnonmaa-lataa-tayslaidallisen-sointu-borgista\/1613721\" rel=\"nofollow noopener\" target=\"_blank\"><\/p>\n<p>\nJaajo Linnonmaa\n<\/p>\n<p class=\"section-date\">\n        <strong class=\"article-section\" data-section=\"vain seiskassa\"><br \/>\n            vain seiskassa<br \/>\n        <\/strong><br \/>\n        16.2. 18:00\n    <\/p>\n<p>Jaajo Linnonmaa lataa t\u00e4yslaidallisen Sointu Borgista\n    <\/p>\n<p itemprop=\"description\" class=\"subtitle \">\n    Sointu kertoi Seiskalle aiemmin t\u00e4ll\u00e4 viikolla, ettei h\u00e4nell\u00e4 ole mink\u00e4\u00e4nlaisia v\u00e4lej\u00e4 Jaajon kanssa.\n<\/p>\n<p>        <\/a><\/p>\n<p class=\"article-content article-content-width !bg-background\">Jaajo kommentoi assistenttinsa julkaisua huvittuneena.<\/p>\n<p class=\"article-content article-content-width !bg-background\"> \u2013\u00a0Joo, \u00e4\u00e4nikirjat on niiiiiiiin so last season. Paljon kivempaa, kun joku lukee \u00e4\u00e4neen. Varsinkin nyt kun olen ostanut tuon hierontatuolin, niin t\u00e4st\u00e4 vois tehd\u00e4 ihan viikottaisen perinteen, h\u00e4n letkauttaa.<\/p>\n<p class=\"article-content article-content-width !bg-background\">Jaajo vihjaili omasta kirjaprojektistaan my\u00f6s omalla<a href=\"https:\/\/www.instagram.com\/pelaaja2\/?hl=fi\" target=\"_blank\" rel=\"nofollow noopener\"> Instagram<\/a>-tilill\u00e4\u00e4n torstaina (27.11.).<\/p>\n<p class=\"article-content article-content-width !bg-background\"> \u2013 Moneen vuoteen eka syksy, ett\u00e4 ei ole mit\u00e4\u00e4n tv-ohjelmaa kuvattavana. T\u00e4\u00e4 on avannut mahdollisuuden keskitty\u00e4 vanhaan ja kehitell\u00e4 uutta. Olen taas monen vuoden tauon j\u00e4lkeen l\u00f6yt\u00e4nyt kirjoittamisen \ud83d\udcdd Saatte pidemm\u00e4n stoorin my\u00f6hemmin, kun on enemm\u00e4n kerrottavaa, Jaajo myh\u00e4ili julkaisussaan.<\/p>\n<p>        <a itemprop=\"url\" href=\"https:\/\/www.seiska.fi\/katso\/jaajo-linnonmaalta-yllatysilmoitus\/1434878\" rel=\"nofollow noopener\" target=\"_blank\"><\/p>\n<p class=\"section-date\">\n        <strong class=\"article-section\" data-section=\"katso\"><br \/>\n            katso<br \/>\n        <\/strong><br \/>\n        19.8.2024 14:15\n    <\/p>\n<p>Jaajo Linnonmaalta yll\u00e4tysilmoitus\n    <\/p>\n<p itemprop=\"description\" class=\"subtitle \">\n    Jaajo Linnonmaa paljasti, mit\u00e4 puuhaa seuraavaksi.\n<\/p>\n<p>        <\/a><\/p>\n<p>Diilist\u00e4 pois<\/p>\n<p class=\"article-content article-content-width !bg-background\">Jaajo ilmoitti aiemmin t\u00e4n\u00e4vuonna j\u00e4tt\u00e4ytyv\u00e4ns\u00e4 supersuositusta bisnes-ohjelma Diilist\u00e4, jota h\u00e4n on luotsannut jo viiden kauden verran. Syy lopettamiseen oli Jaajon mukaan ohjelman viem\u00e4 aika.<\/p>\n<p class=\"italic m-italic article-content article-content-width !bg-background\"> \u2013 Fakta on se, ett\u00e4 kun syksy kuvataan\u00a0Diili\u00e4\u00a0ja kev\u00e4t sit\u00e4 promotaan, niin kuusi kuukautta keskittymist\u00e4 tv-ohjelmaan sy\u00f6 pahasti resursseja muista duuneista ja perhe-el\u00e4m\u00e4st\u00e4,\u00a0Jaajo selvensi Instagramissaan.<\/p>\n<p class=\"article-content article-content-width !bg-background\">Jaajo paljasti kes\u00e4kuussa julkaistussa <a href=\"https:\/\/www.mtvuutiset.fi\/artikkeli\/yksi-juontotyo-poikii-vuosienkin-jalkeen-huutelua-jaajo-linnonmaalle-se-on-status-joka-on-jaanyt\/9172358\" target=\"_blank\" rel=\"nofollow noopener\">Huomenta Suomi<\/a> -l\u00e4hetyksess\u00e4 olevansa kev\u00e4\u00e4ll\u00e4 kuitenkin mukana Diili-podcastissa.<\/p>\n<p><script async src=\"\/\/www.instagram.com\/embed.js\"><\/script><\/p>\n","protected":false},"excerpt":{"rendered":"Timo Korhonen Jaajo oli pit\u00e4nyt uutista sis\u00e4ll\u00e4\u00e4n jo tovin. Juontaja , 47, uusi salaisuusprojekti palajstui, kun h\u00e4nen assistenttinsa&hellip;\n","protected":false},"author":2,"featured_media":103351,"comment_status":"","ping_status":"","sticky":false,"template":"","format":"standard","meta":{"footnotes":""},"categories":[130],"tags":[2678,19626,137,33,31,30,2681,19625,212,6617,32,109],"class_list":{"0":"post-103350","1":"post","2":"type-post","3":"status-publish","4":"format-standard","5":"has-post-thumbnail","7":"category-viihde","8":"tag-diili","9":"tag-elina-ekstrom","10":"tag-entertainment","11":"tag-fi","12":"tag-finland","13":"tag-finnish","14":"tag-jaajo-linnonmaa","15":"tag-kirjaprojekti","16":"tag-lifestyle","17":"tag-linkedin","18":"tag-suomi","19":"tag-viihde"},"share_on_mastodon":{"url":"https:\/\/pubeurope.com\/@fi\/115634350570282591","error":""},"_links":{"self":[{"href":"https:\/\/www.europesays.com\/fi\/wp-json\/wp\/v2\/posts\/103350","targetHints":{"allow":["GET"]}}],"collection":[{"href":"https:\/\/www.europesays.com\/fi\/wp-json\/wp\/v2\/posts"}],"about":[{"href":"https:\/\/www.europesays.com\/fi\/wp-json\/wp\/v2\/types\/post"}],"author":[{"embeddable":true,"href":"https:\/\/www.europesays.com\/fi\/wp-json\/wp\/v2\/users\/2"}],"replies":[{"embeddable":true,"href":"https:\/\/www.europesays.com\/fi\/wp-json\/wp\/v2\/comments?post=103350"}],"version-history":[{"count":0,"href":"https:\/\/www.europesays.com\/fi\/wp-json\/wp\/v2\/posts\/103350\/revisions"}],"wp:featuredmedia":[{"embeddable":true,"href":"https:\/\/www.europesays.com\/fi\/wp-json\/wp\/v2\/media\/103351"}],"wp:attachment":[{"href":"https:\/\/www.europesays.com\/fi\/wp-json\/wp\/v2\/media?parent=103350"}],"wp:term":[{"taxonomy":"category","embeddable":true,"href":"https:\/\/www.europesays.com\/fi\/wp-json\/wp\/v2\/categories?post=103350"},{"taxonomy":"post_tag","embeddable":true,"href":"https:\/\/www.europesays.com\/fi\/wp-json\/wp\/v2\/tags?post=103350"}],"curies":[{"name":"wp","href":"https:\/\/api.w.org\/{rel}","templated":true}]}}