{"id":103352,"date":"2025-11-29T18:18:08","date_gmt":"2025-11-29T18:18:08","guid":{"rendered":"https:\/\/www.europesays.com\/fi\/103352\/"},"modified":"2025-11-29T18:18:08","modified_gmt":"2025-11-29T18:18:08","slug":"saksan-aarioikeisto-perusti-uuden-nuoriso-osaston","status":"publish","type":"post","link":"https:\/\/www.europesays.com\/fi\/103352\/","title":{"rendered":"Saksan \u00e4\u00e4rioikeisto perusti uuden nuoriso-osaston"},"content":{"rendered":"<p><strong class=\"typography-bold\">Vastaperustettu nuoriso-osasto pyrit\u00e4\u00e4n pit\u00e4m\u00e4\u00e4n edelt\u00e4j\u00e4\u00e4ns\u00e4 tiukemmin emopuolueen ohjauksessa.<\/strong><\/p>\n<p>\u00c4\u00e4rioikeistolaiseksi m\u00e4\u00e4ritelty Vaihtoehto Saksalle -puolue (AfD) on perustanut t\u00e4n\u00e4\u00e4n uuden nuoriso-osaston Saksan Giesseniss\u00e4.<\/p>\n<p>Uusi osasto on nimelt\u00e4\u00e4n Generation Deutschland (GD), ja sen johtoon on valittu 28-vuotias <strong class=\"typography-bold\">Jean-Pascal Hohm<\/strong>, AfD kertoi X-viestipalvelussa.<\/p>\n<p>GD:n on m\u00e4\u00e4r\u00e4 paikata alkuvuonna lakkautetun Junge Alternative -nuorisoj\u00e4rjest\u00f6n j\u00e4tt\u00e4m\u00e4 aukko. Junge Alternativen toiminta lopetettiin, sill\u00e4 viranomaiset katsoivat sen olevan \u00e4\u00e4riryhm\u00e4.<\/p>\n<p>Vastaperustettu nuoriso-osasto pyrit\u00e4\u00e4n pit\u00e4m\u00e4\u00e4n edelt\u00e4j\u00e4\u00e4ns\u00e4 tiukemmin emopuolueen ohjauksessa.<\/p>\n<p><strong class=\"typography-bold\">Lue lis\u00e4\u00e4: <\/strong><a class=\"underline\" data-testid=\"internal-link\" role=\"link\" data-sentry-element=\"Link\" data-sentry-component=\"InternalLink\" data-sentry-source-file=\"InternalLink.tsx\" href=\"https:\/\/www.mtvuutiset.fi\/artikkeli\/saksan-aarioikeisto-haluaa-perustaa-uuden-nuoriso-osaston\/9263032\" rel=\"nofollow noopener\" target=\"_blank\"><strong class=\"typography-bold\">Saksan \u00e4\u00e4rioikeisto haluaa perustaa uuden nuoriso-osaston<\/strong><\/a><\/p>\n","protected":false},"excerpt":{"rendered":"Vastaperustettu nuoriso-osasto pyrit\u00e4\u00e4n pit\u00e4m\u00e4\u00e4n edelt\u00e4j\u00e4\u00e4ns\u00e4 tiukemmin emopuolueen ohjauksessa. \u00c4\u00e4rioikeistolaiseksi m\u00e4\u00e4ritelty Vaihtoehto Saksalle -puolue (AfD) on perustanut t\u00e4n\u00e4\u00e4n uuden&hellip;\n","protected":false},"author":2,"featured_media":103353,"comment_status":"","ping_status":"","sticky":false,"template":"","format":"standard","meta":{"footnotes":""},"categories":[14],"tags":[22,23,26,27,33,31,30,17,24,25,28,29,15,18,21,32,19,20,56,16,59,60,61],"class_list":{"0":"post-103352","1":"post","2":"type-post","3":"status-publish","4":"format-standard","5":"has-post-thumbnail","7":"category-ulkomaat","8":"tag-breaking-news","9":"tag-breakingnews","10":"tag-featured-news","11":"tag-featurednews","12":"tag-fi","13":"tag-finland","14":"tag-finnish","15":"tag-headlines","16":"tag-latest-news","17":"tag-latestnews","18":"tag-main-news","19":"tag-mainnews","20":"tag-news","21":"tag-otsikot","22":"tag-paauutiset","23":"tag-suomi","24":"tag-top-stories","25":"tag-topstories","26":"tag-ulkomaat","27":"tag-uutiset","28":"tag-world","29":"tag-world-news","30":"tag-worldnews"},"share_on_mastodon":{"url":"https:\/\/pubeurope.com\/@fi\/115634366331644753","error":""},"_links":{"self":[{"href":"https:\/\/www.europesays.com\/fi\/wp-json\/wp\/v2\/posts\/103352","targetHints":{"allow":["GET"]}}],"collection":[{"href":"https:\/\/www.europesays.com\/fi\/wp-json\/wp\/v2\/posts"}],"about":[{"href":"https:\/\/www.europesays.com\/fi\/wp-json\/wp\/v2\/types\/post"}],"author":[{"embeddable":true,"href":"https:\/\/www.europesays.com\/fi\/wp-json\/wp\/v2\/users\/2"}],"replies":[{"embeddable":true,"href":"https:\/\/www.europesays.com\/fi\/wp-json\/wp\/v2\/comments?post=103352"}],"version-history":[{"count":0,"href":"https:\/\/www.europesays.com\/fi\/wp-json\/wp\/v2\/posts\/103352\/revisions"}],"wp:featuredmedia":[{"embeddable":true,"href":"https:\/\/www.europesays.com\/fi\/wp-json\/wp\/v2\/media\/103353"}],"wp:attachment":[{"href":"https:\/\/www.europesays.com\/fi\/wp-json\/wp\/v2\/media?parent=103352"}],"wp:term":[{"taxonomy":"category","embeddable":true,"href":"https:\/\/www.europesays.com\/fi\/wp-json\/wp\/v2\/categories?post=103352"},{"taxonomy":"post_tag","embeddable":true,"href":"https:\/\/www.europesays.com\/fi\/wp-json\/wp\/v2\/tags?post=103352"}],"curies":[{"name":"wp","href":"https:\/\/api.w.org\/{rel}","templated":true}]}}