{"id":103354,"date":"2025-11-29T18:19:10","date_gmt":"2025-11-29T18:19:10","guid":{"rendered":"https:\/\/www.europesays.com\/fi\/103354\/"},"modified":"2025-11-29T18:19:10","modified_gmt":"2025-11-29T18:19:10","slug":"sirpalle-on-edessa-kaikkien-aikojen-vaikein-joulu-tylyt-terveiset-paattajille","status":"publish","type":"post","link":"https:\/\/www.europesays.com\/fi\/103354\/","title":{"rendered":"Sirpalle on edess\u00e4 kaikkien aikojen vaikein joulu \u2013 Tylyt terveiset p\u00e4\u00e4tt\u00e4jille"},"content":{"rendered":"<p>Kun joulun budjetti on nolla euroa. Iltalehden lukijat kertovat, miten ty\u00f6tt\u00f6myys, sairaudet ja el\u00e4m\u00e4n vastoink\u00e4ymiset vaikuttavat joulun viettoon ja sen budjetointiin. Terveisi\u00e4 l\u00e4htee my\u00f6s hallitukselle.<\/p>\n<p><img decoding=\"async\" class=\"image image-show image-preview\" src=\"https:\/\/www.europesays.com\/fi\/wp-content\/uploads\/2025\/11\/60ad2fbd22abc35d4519cb429213579bc8814a964416b1d6df3f571752a2f760.jpg\" alt=\"\"\/><img decoding=\"async\" class=\"image image-show\" src=\"https:\/\/www.europesays.com\/fi\/wp-content\/uploads\/2025\/11\/1764440350_188_60ad2fbd22abc35d4519cb429213579bc8814a964416b1d6df3f571752a2f760.jpg\" alt=\"\"\/><\/p>\n<p>Yh\u00e4 useampi suomalainen el\u00e4\u00e4 t\u00e4n\u00e4 vuonna avustusten ja tukien varassa. Kuvituskuva. Pasi Liesimaa\/IL<\/p>\n<p class=\"paragraph\">Sirpan ja Mikon joulu on vaatimaton. Eniten tilanteesta k\u00e4rsiv\u00e4t lapset. Molemmat ovat sit\u00e4 mielt\u00e4, ett\u00e4 t\u00e4st\u00e4 joulusta tulee kaikkien aikojen vaikein.<\/p>\n<p class=\"paragraph\">T\u00e4ss\u00e4 jutussa puhuvat Iltalehden lukijat, joiden joulubudjetti on sata euroa tai sen alle.<\/p>\n<p class=\"paragraph\">Monet kertovat, ett\u00e4 budjetti on py\u00f6re\u00e4 nolla. Tarinoiden taustalla on ty\u00f6tt\u00f6myytt\u00e4, sairautta, yksin\u00e4isyytt\u00e4 ja lukuisia el\u00e4m\u00e4n vastoink\u00e4ymisi\u00e4.<\/p>\n<p class=\"paragraph\">Ongelmana ei ole pelk\u00e4st\u00e4\u00e4n joulun budjetti, vaan arkikin on niukka. Useampi kyselyyn vastannut kertoo, ett\u00e4 joutuu miettim\u00e4\u00e4n omaisuuden myymist\u00e4, ett\u00e4 olisi varaa ruokaan. Rahaa menee monella my\u00f6s hankalassa el\u00e4m\u00e4ntilanteessa olevan l\u00e4heisen tukemiseen.<\/p>\n<p class=\"paragraph\">Tiukka taloustilanne on monien kohdalla kiristynyt entisest\u00e4\u00e4n kuluneen vuoden aikana.<\/p>\n<p class=\"paragraph\">\u2013 T\u00e4st\u00e4 tulee kaikkein pahin joulu. Aina ennen olen pystynyt j\u00e4rjest\u00e4m\u00e4\u00e4n lapsille ylt\u00e4kyll\u00e4isen joulun tavalla tai toisella. T\u00e4n\u00e4 vuonna on t\u00e4ysin erilainen tilanne, tiivist\u00e4\u00e4 kuusikymppinen <strong>Sirpa<\/strong>.<\/p>\n<p class=\"paragraph\">Jokainen haastatelluista ottaa itsen\u00e4isesti esiin hallituksen p\u00e4\u00e4t\u00f6kset tukiin ja niiden vaikutukset sek\u00e4 perusarkeen ett\u00e4 joulun juhlistamiseen.<\/p>\n<p class=\"paragraph\">\u2013 T\u00e4m\u00e4 hallitus on kuin huono avioliitto. Huono puoliso lupaa, ett\u00e4 kaikki menee ihan hyvin, mutta nyt ollaankin tarkkailuluokalla! Avioliitto perustuu rehellisyydelle, mutta huono avioliitto p\u00e4\u00e4tyy avioeroon.<\/p>\n<p>Joulu leip\u00e4jonosta<\/p>\n<p class=\"paragraph\">Varsinaissuomalainen <strong>Mikko<\/strong>, 55, kertoo, ettei el\u00e4m\u00e4ntilanne mahdollista t\u00e4ll\u00e4 hetkell\u00e4 perinteisen joulun valmistamista.<\/p>\n<p class=\"paragraph\">\u2013 En pid\u00e4 joulusta. Se ei ole sellainen juhla, kuten ennen oli. Nyt kaikki py\u00f6rii kaupallisuuden ymp\u00e4rill\u00e4.<\/p>\n<p class=\"paragraph\">Mikko on parhaillaan ty\u00f6tt\u00f6m\u00e4n\u00e4, ja tulot koostuvat ty\u00f6markkinatuesta ja vammaistuesta. Inflaatio on entisest\u00e4\u00e4n kaventanut talouden budjetointia.<\/p>\n<p class=\"paragraph\">\u2013 Joulubudjettini on reilusti alle 50 euroa, ei ole lahjoja kenellek\u00e4\u00e4n. Sy\u00f6n, mit\u00e4 pakkasesta ja leip\u00e4jonosta saa. Ainoat lahjat saan kaupungin v\u00e4h\u00e4varaisille tarkoitetusta lahjoituksesta.<\/p>\n<p class=\"paragraph\">Kaupungin joululahja on perinteisesti ollut 50 euron lahjakortti kauppaan. Jos t\u00e4n\u00e4 vuonna tulee lahjakortti, Mikko antaisi sen lapsilleen k\u00e4ytt\u00f6\u00f6n. H\u00e4n tapaa lapsiaan kerran kuussa, sill\u00e4 he ovat t\u00e4ll\u00e4 hetkell\u00e4 sijoituksessa.<\/p>\n<p class=\"paragraph\">Mikko viett\u00e4\u00e4 joulua yhdess\u00e4 puolisonsa kanssa.<\/p>\n<p>Leip\u00e4jono Hurstin valinnan edustalla Kalliossa. Kuvituskuva. Antti Mannermaa<\/p>\n<p>Tiukka vuosi<\/p>\n<p class=\"paragraph\">Kuusikymppinen Sirpa asuu yhdess\u00e4 teini-ik\u00e4isen poikansa kanssa Pohjanmaalla. Pojan is\u00e4 osallistuu t\u00e4m\u00e4n menoihin, mutta siit\u00e4 huolimatta arki on ollut perheess\u00e4 kuluneen vuoden aikana tiukkaa. Harrastuksiin ei ole varaa ja asumisen kustannusten lis\u00e4ksi syrj\u00e4ss\u00e4 asuvan tulee pit\u00e4\u00e4 huolta autosta.<\/p>\n<p class=\"paragraph\">Osa-aikael\u00e4kkeen ja ty\u00f6tt\u00f6myyskorvauksen j\u00e4lkeen Sirpan tilill\u00e4 on kuukaudessa 700 euroa. Suojaosuuden poistumisen ja p\u00e4iv\u00e4rahan v\u00e4henemisen j\u00e4lkeen etuuksista l\u00e4hti useita satoja euroja.<\/p>\n<p class=\"paragraph\">\u2013 Ei ostella mit\u00e4\u00e4n muuta kuin ruokaa jouluksi. Puhelinliittym\u00e4\u00e4 ladataan, jos rahaa j\u00e4\u00e4. Joulu vietet\u00e4\u00e4n kotona. Ei paketteja ja kinkku on mahdollisimman pieni. Ei m\u00e4ss\u00e4t\u00e4 mahan t\u00e4ydelt\u00e4. Pojalle haluan varata v\u00e4h\u00e4n jouluherkkuja.<\/p>\n<p class=\"paragraph\">\u2013 Seurakunta on ihana. Sielt\u00e4 saa lahjoituksena joulukassin.<\/p>\n<p class=\"paragraph\">Sirpa kertoo, ett\u00e4 jos h\u00e4n viett\u00e4isi yksin joulun, h\u00e4nelle riitt\u00e4isi sinappi kinkun p\u00e4\u00e4lle. Lapsen vuoksi h\u00e4n yritt\u00e4\u00e4 kuitenkin panostaa ja luoda joulun tunnelmaa. H\u00e4n ei halua, ett\u00e4 lapsi joutuisi k\u00e4rsim\u00e4\u00e4n enemp\u00e4\u00e4.<\/p>\n<p class=\"paragraph\">Joulun tunnelmaksi Sirpalle riitt\u00e4\u00e4 joulun rauha, yhdess\u00e4 olo, ruoan sy\u00f6minen ja ehk\u00e4 hyv\u00e4n elokuvan katsominen televisiosta.<\/p>\n<p class=\"paragraph\">\u2013 Ja jos tulee valkea joulu ja lunta pihalle, olisi todella kaunista! Voisi laittaa j\u00e4\u00e4lyhdyt pihalle.<\/p>\n<p class=\"paragraph\">Haastateltavat esiintyv\u00e4t jutussa pelk\u00e4st\u00e4\u00e4n etunimill\u00e4\u00e4n arkaluontoisen aiheen vuoksi.<\/p>\n","protected":false},"excerpt":{"rendered":"Kun joulun budjetti on nolla euroa. Iltalehden lukijat kertovat, miten ty\u00f6tt\u00f6myys, sairaudet ja el\u00e4m\u00e4n vastoink\u00e4ymiset vaikuttavat joulun viettoon&hellip;\n","protected":false},"author":2,"featured_media":103355,"comment_status":"","ping_status":"","sticky":false,"template":"","format":"standard","meta":{"footnotes":""},"categories":[12],"tags":[35,22,23,26,27,33,31,30,17,101,3674,99,100,24,25,28,29,15,18,21,98,32,19,20,16],"class_list":{"0":"post-103354","1":"post","2":"type-post","3":"status-publish","4":"format-standard","5":"has-post-thumbnail","7":"category-suomi","8":"tag-24h","9":"tag-breaking-news","10":"tag-breakingnews","11":"tag-featured-news","12":"tag-featurednews","13":"tag-fi","14":"tag-finland","15":"tag-finnish","16":"tag-headlines","17":"tag-ihmissuhteet","18":"tag-juhla-ja-vapaapaivat","19":"tag-lapset","20":"tag-lapset-ja-nuoret","21":"tag-latest-news","22":"tag-latestnews","23":"tag-main-news","24":"tag-mainnews","25":"tag-news","26":"tag-otsikot","27":"tag-paauutiset","28":"tag-perhe","29":"tag-suomi","30":"tag-top-stories","31":"tag-topstories","32":"tag-uutiset"},"share_on_mastodon":{"url":"https:\/\/pubeurope.com\/@fi\/115634370508710069","error":""},"_links":{"self":[{"href":"https:\/\/www.europesays.com\/fi\/wp-json\/wp\/v2\/posts\/103354","targetHints":{"allow":["GET"]}}],"collection":[{"href":"https:\/\/www.europesays.com\/fi\/wp-json\/wp\/v2\/posts"}],"about":[{"href":"https:\/\/www.europesays.com\/fi\/wp-json\/wp\/v2\/types\/post"}],"author":[{"embeddable":true,"href":"https:\/\/www.europesays.com\/fi\/wp-json\/wp\/v2\/users\/2"}],"replies":[{"embeddable":true,"href":"https:\/\/www.europesays.com\/fi\/wp-json\/wp\/v2\/comments?post=103354"}],"version-history":[{"count":0,"href":"https:\/\/www.europesays.com\/fi\/wp-json\/wp\/v2\/posts\/103354\/revisions"}],"wp:featuredmedia":[{"embeddable":true,"href":"https:\/\/www.europesays.com\/fi\/wp-json\/wp\/v2\/media\/103355"}],"wp:attachment":[{"href":"https:\/\/www.europesays.com\/fi\/wp-json\/wp\/v2\/media?parent=103354"}],"wp:term":[{"taxonomy":"category","embeddable":true,"href":"https:\/\/www.europesays.com\/fi\/wp-json\/wp\/v2\/categories?post=103354"},{"taxonomy":"post_tag","embeddable":true,"href":"https:\/\/www.europesays.com\/fi\/wp-json\/wp\/v2\/tags?post=103354"}],"curies":[{"name":"wp","href":"https:\/\/api.w.org\/{rel}","templated":true}]}}