{"id":103356,"date":"2025-11-29T18:20:09","date_gmt":"2025-11-29T18:20:09","guid":{"rendered":"https:\/\/www.europesays.com\/fi\/103356\/"},"modified":"2025-11-29T18:20:09","modified_gmt":"2025-11-29T18:20:09","slug":"kmv-lehti-pinja-19-ystavineen-loysi-kadonneen-vanhuksen","status":"publish","type":"post","link":"https:\/\/www.europesays.com\/fi\/103356\/","title":{"rendered":"KMV-lehti: Pinja, 19, yst\u00e4vineen l\u00f6ysi kadonneen vanhuksen"},"content":{"rendered":"<p>Poliisi kiitti nuoria esimerkillisest\u00e4 toiminnasta.<\/p>\n<p class=\"article-body mb-nof-24 px-nof-16\">M\u00e4ntt\u00e4l\u00e4inen <a class=\"article-personlink\" href=\"https:\/\/www.is.fi\/haku\/?query=Pinja%20M%C3%A4kinen\" rel=\"nofollow noopener\" target=\"_blank\">Pinja M\u00e4kinen<\/a>, 19, yst\u00e4vineen l\u00f6ysi kadonneen miehen Vilppulassa 22.\u201323. marraskuuta v\u00e4lisen\u00e4 y\u00f6n\u00e4, kertoo <a class=\"article-genericlink\" href=\"https:\/\/www.kmvlehti.fi\/uutiset\/art-2000011659528.html\" rel=\"nofollow noopener\" target=\"_blank\">KMV-lehti<\/a>. M\u00e4kinen oli yhdess\u00e4 sisarustensa, yst\u00e4viens\u00e4 ja seurustelukumppaninsa kanssa kahdella autolla liikkeell\u00e4 M\u00e4nt\u00e4ss\u00e4, kun he saivat kuulla hoitolaitoksesta eksyneest\u00e4 miehest\u00e4 Whatsapp-ryhm\u00e4n kautta.<\/p>\n<p class=\"article-body mb-nof-24 px-nof-16\">Pinjan sisarukset <a class=\"article-personlink\" href=\"https:\/\/www.is.fi\/haku\/?query=Ronja\" rel=\"nofollow noopener\" target=\"_blank\">Ronja <\/a>ja <a class=\"article-personlink\" href=\"https:\/\/www.is.fi\/haku\/?query=Jerry%20M%C3%A4kinen\" rel=\"nofollow noopener\" target=\"_blank\">Jerry M\u00e4kinen<\/a> olivat aiemmin illalla n\u00e4hneet miehen Vilppulassa. He soittivat h\u00e4t\u00e4keskukseen. Samaan aikaan Pinja M\u00e4kinen l\u00e4hti autokuntansa kanssa Vilppulaan ja l\u00f6ysiv\u00e4t miehen k\u00e4velem\u00e4ss\u00e4 py\u00f6r\u00e4tiell\u00e4 l\u00e4hell\u00e4 huoltoasemaa. He pys\u00e4yttiv\u00e4t miehen ja tiedustelivat, mihin h\u00e4n oli matkalla.<\/p>\n<p class=\"article-body mb-nof-24 px-nof-16\">\u2013 Mies kertoi harhailevansa ja olevansa menossa asuntolalle, mutta vaikutti silt\u00e4, ettei h\u00e4n ollut kunnossa. H\u00e4nell\u00e4 oli toppatakki, pipo ja hanskat, mutta jalassa vain huopatohvelit, Pinja M\u00e4kinen kertoi lehdelle.<\/p>\n<p class=\"article-body mb-nof-24 px-nof-16\">Nuoret tarjosivat miehelle paikkaa l\u00e4mpim\u00e4st\u00e4 autosta ja soittivat h\u00e4t\u00e4keskukseen. Poliisi saapui pian paikalle ja kiitti nuoria. My\u00f6hemmin poliisi toisti kiitoksensa esimerkillisest\u00e4 toiminnasta ja v\u00e4litt\u00e4misest\u00e4 sosiaalisessa mediassa.<\/p>\n<p class=\"article-body mb-nof-24 px-nof-16\">KMV-lehden mukaan t\u00e4m\u00e4 ei ollut ensimm\u00e4inen kerta, kun M\u00e4kinen l\u00f6yt\u00e4\u00e4 kadonneen. Viimeksi lokakuussa h\u00e4n l\u00f6ysi yst\u00e4v\u00e4ns\u00e4 kanssa i\u00e4kk\u00e4\u00e4n naisen Mustanlahden risteyksest\u00e4 aamunelj\u00e4lt\u00e4.<\/p>\n","protected":false},"excerpt":{"rendered":"Poliisi kiitti nuoria esimerkillisest\u00e4 toiminnasta. M\u00e4ntt\u00e4l\u00e4inen Pinja M\u00e4kinen, 19, yst\u00e4vineen l\u00f6ysi kadonneen miehen Vilppulassa 22.\u201323. marraskuuta v\u00e4lisen\u00e4 y\u00f6n\u00e4,&hellip;\n","protected":false},"author":2,"featured_media":103357,"comment_status":"","ping_status":"","sticky":false,"template":"","format":"standard","meta":{"footnotes":""},"categories":[5],"tags":[22,23,26,27,33,31,30,17,34,24,25,28,29,15,18,21,32,19,20,16],"class_list":{"0":"post-103356","1":"post","2":"type-post","3":"status-publish","4":"format-standard","5":"has-post-thumbnail","7":"category-otsikot","8":"tag-breaking-news","9":"tag-breakingnews","10":"tag-featured-news","11":"tag-featurednews","12":"tag-fi","13":"tag-finland","14":"tag-finnish","15":"tag-headlines","16":"tag-ilta-sanomat","17":"tag-latest-news","18":"tag-latestnews","19":"tag-main-news","20":"tag-mainnews","21":"tag-news","22":"tag-otsikot","23":"tag-paauutiset","24":"tag-suomi","25":"tag-top-stories","26":"tag-topstories","27":"tag-uutiset"},"share_on_mastodon":{"url":"https:\/\/pubeurope.com\/@fi\/115634374090840239","error":""},"_links":{"self":[{"href":"https:\/\/www.europesays.com\/fi\/wp-json\/wp\/v2\/posts\/103356","targetHints":{"allow":["GET"]}}],"collection":[{"href":"https:\/\/www.europesays.com\/fi\/wp-json\/wp\/v2\/posts"}],"about":[{"href":"https:\/\/www.europesays.com\/fi\/wp-json\/wp\/v2\/types\/post"}],"author":[{"embeddable":true,"href":"https:\/\/www.europesays.com\/fi\/wp-json\/wp\/v2\/users\/2"}],"replies":[{"embeddable":true,"href":"https:\/\/www.europesays.com\/fi\/wp-json\/wp\/v2\/comments?post=103356"}],"version-history":[{"count":0,"href":"https:\/\/www.europesays.com\/fi\/wp-json\/wp\/v2\/posts\/103356\/revisions"}],"wp:featuredmedia":[{"embeddable":true,"href":"https:\/\/www.europesays.com\/fi\/wp-json\/wp\/v2\/media\/103357"}],"wp:attachment":[{"href":"https:\/\/www.europesays.com\/fi\/wp-json\/wp\/v2\/media?parent=103356"}],"wp:term":[{"taxonomy":"category","embeddable":true,"href":"https:\/\/www.europesays.com\/fi\/wp-json\/wp\/v2\/categories?post=103356"},{"taxonomy":"post_tag","embeddable":true,"href":"https:\/\/www.europesays.com\/fi\/wp-json\/wp\/v2\/tags?post=103356"}],"curies":[{"name":"wp","href":"https:\/\/api.w.org\/{rel}","templated":true}]}}