{"id":103358,"date":"2025-11-29T18:32:08","date_gmt":"2025-11-29T18:32:08","guid":{"rendered":"https:\/\/www.europesays.com\/fi\/103358\/"},"modified":"2025-11-29T18:32:08","modified_gmt":"2025-11-29T18:32:08","slug":"katja-stahl-ja-heikki-paasonen-kertovat-miksi-he-ovat-taitavia-ja-luontevia-tv-juontajia","status":"publish","type":"post","link":"https:\/\/www.europesays.com\/fi\/103358\/","title":{"rendered":"Katja St\u00e5hl ja Heikki Paasonen kertovat, miksi he ovat taitavia ja luontevia tv-juontajia"},"content":{"rendered":"<p>Televisio|Katja St\u00e5hl sanoo olevansa voimakkaasti l\u00e4sn\u00e4, kuin transsissa. Heikki Paasonen kuuntelee, tarkkailee virett\u00e4 ja puhuu kuin kaverilleen.<\/p>\n<p class=\"article-body mb-nof-24 px-nof-16\">Siell\u00e4 h\u00e4n taas on tv-ruudussa, tuttu juontaja. Katsoo silmiin, jutustelee mukavia ja kertoo, mit\u00e4 seuraavaksi tapahtuu. H\u00e4n kuljettaa yleis\u00f6\u00e4 vaivatta mukanaan tilanteesta toiseen. Miten helppoa onkaan katsojana hyp\u00e4t\u00e4 kyytiin.<\/p>\n<p class=\"article-body mb-nof-24 px-nof-16\">Viihtyis\u00e4n tunnelman luominen on taito, joka vaikuttaa olevan hyvill\u00e4 juontajilla kuin luonnostaan.<\/p>\n","protected":false},"excerpt":{"rendered":"Televisio|Katja St\u00e5hl sanoo olevansa voimakkaasti l\u00e4sn\u00e4, kuin transsissa. Heikki Paasonen kuuntelee, tarkkailee virett\u00e4 ja puhuu kuin kaverilleen. Siell\u00e4&hellip;\n","protected":false},"author":2,"featured_media":103359,"comment_status":"","ping_status":"","sticky":false,"template":"","format":"standard","meta":{"footnotes":""},"categories":[136],"tags":[407,137,33,31,30,46,408,32,109],"class_list":{"0":"post-103358","1":"post","2":"type-post","3":"status-publish","4":"format-standard","5":"has-post-thumbnail","7":"category-julkkikset","8":"tag-celebrities","9":"tag-entertainment","10":"tag-fi","11":"tag-finland","12":"tag-finnish","13":"tag-helsingin-sanomat","14":"tag-julkkikset","15":"tag-suomi","16":"tag-viihde"},"share_on_mastodon":{"url":"https:\/\/pubeurope.com\/@fi\/115634421307416030","error":""},"_links":{"self":[{"href":"https:\/\/www.europesays.com\/fi\/wp-json\/wp\/v2\/posts\/103358","targetHints":{"allow":["GET"]}}],"collection":[{"href":"https:\/\/www.europesays.com\/fi\/wp-json\/wp\/v2\/posts"}],"about":[{"href":"https:\/\/www.europesays.com\/fi\/wp-json\/wp\/v2\/types\/post"}],"author":[{"embeddable":true,"href":"https:\/\/www.europesays.com\/fi\/wp-json\/wp\/v2\/users\/2"}],"replies":[{"embeddable":true,"href":"https:\/\/www.europesays.com\/fi\/wp-json\/wp\/v2\/comments?post=103358"}],"version-history":[{"count":0,"href":"https:\/\/www.europesays.com\/fi\/wp-json\/wp\/v2\/posts\/103358\/revisions"}],"wp:featuredmedia":[{"embeddable":true,"href":"https:\/\/www.europesays.com\/fi\/wp-json\/wp\/v2\/media\/103359"}],"wp:attachment":[{"href":"https:\/\/www.europesays.com\/fi\/wp-json\/wp\/v2\/media?parent=103358"}],"wp:term":[{"taxonomy":"category","embeddable":true,"href":"https:\/\/www.europesays.com\/fi\/wp-json\/wp\/v2\/categories?post=103358"},{"taxonomy":"post_tag","embeddable":true,"href":"https:\/\/www.europesays.com\/fi\/wp-json\/wp\/v2\/tags?post=103358"}],"curies":[{"name":"wp","href":"https:\/\/api.w.org\/{rel}","templated":true}]}}