{"id":103362,"date":"2025-11-29T18:39:09","date_gmt":"2025-11-29T18:39:09","guid":{"rendered":"https:\/\/www.europesays.com\/fi\/103362\/"},"modified":"2025-11-29T18:39:09","modified_gmt":"2025-11-29T18:39:09","slug":"yllattava-suomalaisehdokas-palkintokorokkeelle-ja-kolme-muuta-puheenaihetta-ampumahiihtokaudesta-yle","status":"publish","type":"post","link":"https:\/\/www.europesays.com\/fi\/103362\/","title":{"rendered":"Yll\u00e4tt\u00e4v\u00e4 suomalaisehdokas palkintokorokkeelle ja kolme muuta puheenaihetta ampumahiihtokaudesta &#8211; Yle"},"content":{"rendered":"<ol>\n<li><a href=\"https:\/\/news.google.com\/rss\/articles\/CBMiQkFVX3lxTE1yTkIxRmtxUDB1a295VktQc2ZLU1R3TDlDaGtPZ3dQRlFVc2tMSmRLTkt2Xy1rMVZoVnNyOVQtMmx1QQ?oc=5\" target=\"_blank\" rel=\"nofollow noopener\">Yll\u00e4tt\u00e4v\u00e4 suomalaisehdokas palkintokorokkeelle ja kolme muuta puheenaihetta ampumahiihtokaudesta<\/a>&nbsp;&nbsp;Yle<\/li>\n<li><a href=\"https:\/\/news.google.com\/rss\/articles\/CBMiggFBVV95cUxOVmlubUxSWW95MDNHbUNybHhINjFXaEp0bXZ5R2NYVm12VXVQSmQtU3h3dUhITWVFaFVfTjNEUFVUNW1zOGlPTXNNQUlnYlNkSkt4U184MzFxM2kzSzBRZi1QcVFhV295bDMtX0ZtZDJSNEVwSnVkRVNIbzdTVXFDZnh3?oc=5\" target=\"_blank\" rel=\"nofollow noopener\">Suvi Minkkiselt\u00e4 mahtihiihto<\/a>&nbsp;&nbsp;Iltalehti<\/li>\n<li><a href=\"https:\/\/news.google.com\/rss\/articles\/CBMiSkFVX3lxTE12MUJrUFdTZDJwVkZSbldtd3hKTThlZzh1cnYzUEdEdW1HVlhfaEJ6SUl1SV9qVzRGbVRjdHlhSE5TSlgyYnJNeW5R?oc=5\" target=\"_blank\" rel=\"nofollow noopener\">Suomen ampumahiihtonaiset kuudensia Ruotsissa, miehet j\u00e4iv\u00e4t kauas k\u00e4rjest\u00e4<\/a>&nbsp;&nbsp;Etel\u00e4-Suomen Sanomat<\/li>\n<li><a href=\"https:\/\/news.google.com\/rss\/articles\/CBMikgFBVV95cUxNaTFwbFpwQ1FPbTltMVlxOWFjWHlfOXdITy1VcDI5am9aMjEtZHQxSjI0VV9XazhRX3JaRWtEekJrLWt6ZEl3X0J3bWx4Nmp1YXpQZmNTQ0NvbnAtUnNSZHVkV0xyak0tVVdYcjRSZW1oZmlWQ3lpUTdLbHVnY19KTnhSeVprYmZQcmxfTnFseEtfQQ?oc=5\" target=\"_blank\" rel=\"nofollow noopener\">Suomelta mainio onnistuminen ampumahiihdossa<\/a>&nbsp;&nbsp;mtvuutiset.fi<\/li>\n<li><a href=\"https:\/\/news.google.com\/rss\/articles\/CBMixAFBVV95cUxQdzdtV0pLZkhSM3ZWVHZIRkc5aHdkMUUyNnZOclF6cm5ucmlERUI2WDUxaEhpc1JpYklWbUplcDJjSmxaMnE1eVdSQ3Myc0dZNExUdFpmMVhhbVR3SW9kSjlYY1E2ZDBkbmN1aWREZUJ5c1FveWNyN1M1bTJEbk96Vzl1SGl4dmItWWd6Yk5MRUlMSWs2SnhleDJfaFFCaS13UUtyLXFWUkhENnNOTDBBSWJPU3J0RGk5UUFnRlE1V2xXNzRh?oc=5\" target=\"_blank\" rel=\"nofollow noopener\">Tekik\u00f6 Suvi Minkkinen katastrofaalisen virheen? Kaisa M\u00e4k\u00e4r\u00e4iselt\u00e4 karua vihjailua Ylelle<\/a>&nbsp;&nbsp;SuomiUrheilu<\/li>\n<\/ol>\n","protected":false},"excerpt":{"rendered":"Yll\u00e4tt\u00e4v\u00e4 suomalaisehdokas palkintokorokkeelle ja kolme muuta puheenaihetta ampumahiihtokaudesta&nbsp;&nbsp;Yle Suvi Minkkiselt\u00e4 mahtihiihto&nbsp;&nbsp;Iltalehti Suomen ampumahiihtonaiset kuudensia Ruotsissa, miehet j\u00e4iv\u00e4t kauas&hellip;\n","protected":false},"author":2,"featured_media":103363,"comment_status":"","ping_status":"","sticky":false,"template":"","format":"standard","meta":{"footnotes":""},"categories":[158],"tags":[2094,33,31,30,17958,19627,19628,2776,2668,159,32,12272,160],"class_list":{"0":"post-103362","1":"post","2":"type-post","3":"status-publish","4":"format-standard","5":"has-post-thumbnail","7":"category-urheilu","8":"tag-ampumahiihto","9":"tag-fi","10":"tag-finland","11":"tag-finnish","12":"tag-kaisa-makarainen","13":"tag-naisten-ampumahiihto","14":"tag-olli-hiidensalo","15":"tag-olympialaiset","16":"tag-pohjoismaiset-hiihtolajit","17":"tag-sports","18":"tag-suomi","19":"tag-suvi-minkkinen","20":"tag-urheilu"},"share_on_mastodon":{"url":"https:\/\/pubeurope.com\/@fi\/115634448955794308","error":""},"_links":{"self":[{"href":"https:\/\/www.europesays.com\/fi\/wp-json\/wp\/v2\/posts\/103362","targetHints":{"allow":["GET"]}}],"collection":[{"href":"https:\/\/www.europesays.com\/fi\/wp-json\/wp\/v2\/posts"}],"about":[{"href":"https:\/\/www.europesays.com\/fi\/wp-json\/wp\/v2\/types\/post"}],"author":[{"embeddable":true,"href":"https:\/\/www.europesays.com\/fi\/wp-json\/wp\/v2\/users\/2"}],"replies":[{"embeddable":true,"href":"https:\/\/www.europesays.com\/fi\/wp-json\/wp\/v2\/comments?post=103362"}],"version-history":[{"count":0,"href":"https:\/\/www.europesays.com\/fi\/wp-json\/wp\/v2\/posts\/103362\/revisions"}],"wp:featuredmedia":[{"embeddable":true,"href":"https:\/\/www.europesays.com\/fi\/wp-json\/wp\/v2\/media\/103363"}],"wp:attachment":[{"href":"https:\/\/www.europesays.com\/fi\/wp-json\/wp\/v2\/media?parent=103362"}],"wp:term":[{"taxonomy":"category","embeddable":true,"href":"https:\/\/www.europesays.com\/fi\/wp-json\/wp\/v2\/categories?post=103362"},{"taxonomy":"post_tag","embeddable":true,"href":"https:\/\/www.europesays.com\/fi\/wp-json\/wp\/v2\/tags?post=103362"}],"curies":[{"name":"wp","href":"https:\/\/api.w.org\/{rel}","templated":true}]}}