{"id":103366,"date":"2025-11-29T18:44:09","date_gmt":"2025-11-29T18:44:09","guid":{"rendered":"https:\/\/www.europesays.com\/fi\/103366\/"},"modified":"2025-11-29T18:44:09","modified_gmt":"2025-11-29T18:44:09","slug":"presidentti-niinisto-drlle-yhdysvaltain-rauhansuunnitelma-osoittaa-etta-euroopan-pitaisi-keskustella-venajan-kanssa-uutisia-lyhyesti","status":"publish","type":"post","link":"https:\/\/www.europesays.com\/fi\/103366\/","title":{"rendered":"Presidentti Niinist\u00f6 DR:lle: Yhdysvaltain rauhansuunnitelma osoittaa, ett\u00e4 Euroopan pit\u00e4isi keskustella Ven\u00e4j\u00e4n kanssa | Uutisia lyhyesti"},"content":{"rendered":"<p class=\"aw-1gybjub aw-5vja16 kEtdKx kmuxyA yle__article__paragraph\">Niinist\u00f6n mielest\u00e4 Euroopan on istuttava neuvottelup\u00f6yd\u00e4ss\u00e4, kun p\u00e4\u00e4t\u00f6ksi\u00e4 Ukrainasta ja Euroopasta tehd\u00e4\u00e4n.<\/p>\n<p><img decoding=\"async\" alt=\"Sauli Niinist\u00f6 TV-studiossa.\" src=\"https:\/\/www.europesays.com\/fi\/wp-content\/uploads\/2025\/11\/39-15581296922fb7d75b24.jpeg\" class=\"aw-1l9m598 hKVVvP\"\/><\/p>\n<p>Avaa kuvien katselu<\/p>\n<p>Presidentti Sauli Niinist\u00f6 on yh\u00e4 sit\u00e4 mielt\u00e4, ett\u00e4 Euroopan pit\u00e4isi keskustella Ven\u00e4j\u00e4n kanssa. Kuva: Petteri B\u00fclow \/ Yle<\/p>\n<p class=\"aw-1gybjub aw-1p7kakr kEtdKx cEmitX yle__article__paragraph\">Euroopan pit\u00e4isi k\u00e4yd\u00e4 my\u00f6s suoria keskusteluja Ven\u00e4j\u00e4n kanssa, kun hy\u00f6kk\u00e4yssotaa Ukrainaan pyrit\u00e4\u00e4n lopettamaan, presidentti <strong class=\"aw-ak79eh KyCXm yle__article__strong\">Sauli Niinist\u00f6<\/strong> <a class=\"aw-iao6s4 iHOxEa yle__article__link\" href=\"https:\/\/yle.fi\/a\/74-20193236\" role=\"link\" rel=\"nofollow noopener\" target=\"_blank\">sanoi Ylelle<\/a> pari viikkoa sitten.<\/p>\n<p class=\"aw-1gybjub aw-1p7kakr kEtdKx cEmitX yle__article__paragraph\">H\u00e4n toisti saman sanoman Tanskan <a class=\"aw-iao6s4 iHOxEa yle__article__link\" href=\"https:\/\/www.dr.dk\/nyheder\/udland\/eu\/finlands-ekspraesident-var-i-aarevis-i-taet-kontakt-med-putin-nu-opfordrer-han-europaeerne-til-igen\" role=\"link\" rel=\"nofollow noopener\" target=\"_blank\">yleisradioyhti\u00f6 DR:n<\/a> haastattelussa lauantaina ja viittasi Yhdysvaltain rauhanluonnokseen, joka tuli julki viime viikolla.<\/p>\n<p class=\"aw-1gybjub aw-1p7kakr kEtdKx cEmitX yle__article__paragraph\">\u2013 N\u00e4imme 28-kohtaisen suunnitelman kanssa, ett\u00e4 siin\u00e4 oli monia Eurooppaa koskevia asioita, joihin meill\u00e4 ei ollut osaa eik\u00e4 arpaa, Niinist\u00f6 sanoi DR:lle.<\/p>\n<p class=\"aw-1gybjub aw-1p7kakr kEtdKx cEmitX yle__article__paragraph\">Eurooppalaiset johtajat ovat toistuvasti korostaneet, ett\u00e4 mit\u00e4\u00e4n p\u00e4\u00e4t\u00f6ksi\u00e4 Ukrainasta tai Euroopasta ei voida tehd\u00e4 ilman, ett\u00e4 he itse istuvat neuvottelup\u00f6yd\u00e4ss\u00e4. Mutta se vaatii suoraa yhteytt\u00e4, huomauttaa Sauli Niinist\u00f6.<\/p>\n<p class=\"aw-1gybjub aw-1p7kakr kEtdKx cEmitX yle__article__paragraph\">\u2013 Olen vakuuttunut siit\u00e4, ett\u00e4 Ven\u00e4j\u00e4 yritt\u00e4\u00e4 saada Ukrainan rauhansopimukseen mukaan elementtej\u00e4, jotka koskevat eurooppalaista turvallisuusarkkitehtuuria. He ovat pyrkineet siihen jo vuosien ajan. Siksi eurooppalaisten t\u00e4ytyy olla mukana. T\u00e4ss\u00e4 on kyse Euroopasta.<\/p>\n<p class=\"aw-1gybjub aw-1p7kakr kEtdKx cEmitX yle__article__paragraph\">Yhdysvaltain <a class=\"aw-iao6s4 iHOxEa yle__article__link\" href=\"https:\/\/yle.fi\/a\/74-20195365\" role=\"link\" rel=\"nofollow noopener\" target=\"_blank\">rauhanluonnoksessa<\/a> sanottiin muun muassa, ett\u00e4 Ven\u00e4j\u00e4n, Ukrainan ja Euroopan v\u00e4lill\u00e4 solmitaan kattava hy\u00f6kk\u00e4\u00e4m\u00e4tt\u00f6myyssopimus. Lis\u00e4ksi siihen sis\u00e4ltyi odotus, ett\u00e4 Ven\u00e4j\u00e4 ei hy\u00f6kk\u00e4\u00e4 naapurimaihin eik\u00e4 Nato laajene en\u00e4\u00e4.<\/p>\n","protected":false},"excerpt":{"rendered":"Niinist\u00f6n mielest\u00e4 Euroopan on istuttava neuvottelup\u00f6yd\u00e4ss\u00e4, kun p\u00e4\u00e4t\u00f6ksi\u00e4 Ukrainasta ja Euroopasta tehd\u00e4\u00e4n. Avaa kuvien katselu Presidentti Sauli Niinist\u00f6&hellip;\n","protected":false},"author":2,"featured_media":103367,"comment_status":"","ping_status":"","sticky":false,"template":"","format":"standard","meta":{"footnotes":""},"categories":[14],"tags":[22,23,26,27,33,31,30,17,24,25,28,29,15,18,21,637,4083,1553,32,19,20,546,56,16,547,987,59,60,61],"class_list":{"0":"post-103366","1":"post","2":"type-post","3":"status-publish","4":"format-standard","5":"has-post-thumbnail","7":"category-ulkomaat","8":"tag-breaking-news","9":"tag-breakingnews","10":"tag-featured-news","11":"tag-featurednews","12":"tag-fi","13":"tag-finland","14":"tag-finnish","15":"tag-headlines","16":"tag-latest-news","17":"tag-latestnews","18":"tag-main-news","19":"tag-mainnews","20":"tag-news","21":"tag-otsikot","22":"tag-paauutiset","23":"tag-politiikka","24":"tag-rauhanneuvottelut","25":"tag-sauli-niinisto","26":"tag-suomi","27":"tag-top-stories","28":"tag-topstories","29":"tag-turvallisuus","30":"tag-ulkomaat","31":"tag-uutiset","32":"tag-venaja","33":"tag-venajan-hyokkays","34":"tag-world","35":"tag-world-news","36":"tag-worldnews"},"share_on_mastodon":{"url":"https:\/\/pubeurope.com\/@fi\/115634468799797181","error":""},"_links":{"self":[{"href":"https:\/\/www.europesays.com\/fi\/wp-json\/wp\/v2\/posts\/103366","targetHints":{"allow":["GET"]}}],"collection":[{"href":"https:\/\/www.europesays.com\/fi\/wp-json\/wp\/v2\/posts"}],"about":[{"href":"https:\/\/www.europesays.com\/fi\/wp-json\/wp\/v2\/types\/post"}],"author":[{"embeddable":true,"href":"https:\/\/www.europesays.com\/fi\/wp-json\/wp\/v2\/users\/2"}],"replies":[{"embeddable":true,"href":"https:\/\/www.europesays.com\/fi\/wp-json\/wp\/v2\/comments?post=103366"}],"version-history":[{"count":0,"href":"https:\/\/www.europesays.com\/fi\/wp-json\/wp\/v2\/posts\/103366\/revisions"}],"wp:featuredmedia":[{"embeddable":true,"href":"https:\/\/www.europesays.com\/fi\/wp-json\/wp\/v2\/media\/103367"}],"wp:attachment":[{"href":"https:\/\/www.europesays.com\/fi\/wp-json\/wp\/v2\/media?parent=103366"}],"wp:term":[{"taxonomy":"category","embeddable":true,"href":"https:\/\/www.europesays.com\/fi\/wp-json\/wp\/v2\/categories?post=103366"},{"taxonomy":"post_tag","embeddable":true,"href":"https:\/\/www.europesays.com\/fi\/wp-json\/wp\/v2\/tags?post=103366"}],"curies":[{"name":"wp","href":"https:\/\/api.w.org\/{rel}","templated":true}]}}