{"id":103368,"date":"2025-11-29T18:45:10","date_gmt":"2025-11-29T18:45:10","guid":{"rendered":"https:\/\/www.europesays.com\/fi\/103368\/"},"modified":"2025-11-29T18:45:10","modified_gmt":"2025-11-29T18:45:10","slug":"vakava-onnettomuus-tikkurilassa-auto-pain-ravintolan-terassia","status":"publish","type":"post","link":"https:\/\/www.europesays.com\/fi\/103368\/","title":{"rendered":"Vakava onnettomuus Tikkurilassa \u2013 Auto p\u00e4in ravintolan terassia"},"content":{"rendered":"<p>Auto suistui p\u00e4in ravintolan terassia Tikkurilassa.<\/p>\n<p class=\"paragraph\">Vantaan Tikkurilassa tapahtui lauantai-iltana kahden henkil\u00f6auton kolari.<\/p>\n<p class=\"paragraph\">Poliisi kertoo, ett\u00e4 toinen autoista suistui p\u00e4in ravintolan terassia risteyksess\u00e4 tapahtuneen t\u00f6rm\u00e4yksen j\u00e4lkeen.<\/p>\n<p class=\"paragraph\">Pelastuslaitoksen tiedotteen mukaan toinen auto t\u00f6rm\u00e4si liikennetolppaan.<\/p>\n<p class=\"paragraph\">Onnettomuus tapahtui Talvikkitiell\u00e4 kello 19.20. Paikalla on useita poliisin ja pelastuslaitoksen yksik\u00f6it\u00e4.<\/p>\n<p class=\"paragraph\">Vantaalainen <strong>Siiri Niemisalo<\/strong> ajoi puolisonsa kanssa onnettomuuspaikan ohi. Niemisalon mukaan paikalla oli noin 3\u20134 ambulanssia.<\/p>\n<p class=\"paragraph\">\u2013 Tikkurilan keskustaan p\u00e4in menev\u00e4 tie oli suljettu, Niemisalo kertoi.<\/p>\n<p class=\"paragraph\">Uutinen p\u00e4ivittyy.<\/p>\n<p><img decoding=\"async\" class=\"image image-show image-preview\" src=\"https:\/\/www.europesays.com\/fi\/wp-content\/uploads\/2025\/11\/cf90b3f64e6f580647533864c7e5fd9f6ccf3d78104e5a9cbe55f5b3371c9cc9.png\" alt=\"\"\/><img decoding=\"async\" class=\"image image-show\" src=\"https:\/\/www.europesays.com\/fi\/wp-content\/uploads\/2025\/11\/1764441910_171_cf90b3f64e6f580647533864c7e5fd9f6ccf3d78104e5a9cbe55f5b3371c9cc9.png\" alt=\"\"\/><\/p>\n<p>Paikalla on useita poliisin ja pelastuslaitoksen yksik\u00f6it\u00e4. Kuvakaappaus videolta<\/p>\n","protected":false},"excerpt":{"rendered":"Auto suistui p\u00e4in ravintolan terassia Tikkurilassa. Vantaan Tikkurilassa tapahtui lauantai-iltana kahden henkil\u00f6auton kolari. Poliisi kertoo, ett\u00e4 toinen autoista&hellip;\n","protected":false},"author":2,"featured_media":103369,"comment_status":"","ping_status":"","sticky":false,"template":"","format":"standard","meta":{"footnotes":""},"categories":[12],"tags":[35,648,22,23,26,27,33,31,30,17,2187,24,25,121,28,29,15,18,21,950,32,128,19,20,16],"class_list":{"0":"post-103368","1":"post","2":"type-post","3":"status-publish","4":"format-standard","5":"has-post-thumbnail","7":"category-suomi","8":"tag-24h","9":"tag-autot","10":"tag-breaking-news","11":"tag-breakingnews","12":"tag-featured-news","13":"tag-featurednews","14":"tag-fi","15":"tag-finland","16":"tag-finnish","17":"tag-headlines","18":"tag-kulkuneuvot","19":"tag-latest-news","20":"tag-latestnews","21":"tag-liikenne-ja-kuljetus","22":"tag-main-news","23":"tag-mainnews","24":"tag-news","25":"tag-otsikot","26":"tag-paauutiset","27":"tag-raskas-liikenne","28":"tag-suomi","29":"tag-tieliikenne","30":"tag-top-stories","31":"tag-topstories","32":"tag-uutiset"},"share_on_mastodon":{"url":"https:\/\/pubeurope.com\/@fi\/115634472835030123","error":""},"_links":{"self":[{"href":"https:\/\/www.europesays.com\/fi\/wp-json\/wp\/v2\/posts\/103368","targetHints":{"allow":["GET"]}}],"collection":[{"href":"https:\/\/www.europesays.com\/fi\/wp-json\/wp\/v2\/posts"}],"about":[{"href":"https:\/\/www.europesays.com\/fi\/wp-json\/wp\/v2\/types\/post"}],"author":[{"embeddable":true,"href":"https:\/\/www.europesays.com\/fi\/wp-json\/wp\/v2\/users\/2"}],"replies":[{"embeddable":true,"href":"https:\/\/www.europesays.com\/fi\/wp-json\/wp\/v2\/comments?post=103368"}],"version-history":[{"count":0,"href":"https:\/\/www.europesays.com\/fi\/wp-json\/wp\/v2\/posts\/103368\/revisions"}],"wp:featuredmedia":[{"embeddable":true,"href":"https:\/\/www.europesays.com\/fi\/wp-json\/wp\/v2\/media\/103369"}],"wp:attachment":[{"href":"https:\/\/www.europesays.com\/fi\/wp-json\/wp\/v2\/media?parent=103368"}],"wp:term":[{"taxonomy":"category","embeddable":true,"href":"https:\/\/www.europesays.com\/fi\/wp-json\/wp\/v2\/categories?post=103368"},{"taxonomy":"post_tag","embeddable":true,"href":"https:\/\/www.europesays.com\/fi\/wp-json\/wp\/v2\/tags?post=103368"}],"curies":[{"name":"wp","href":"https:\/\/api.w.org\/{rel}","templated":true}]}}