{"id":103371,"date":"2025-11-29T18:58:10","date_gmt":"2025-11-29T18:58:10","guid":{"rendered":"https:\/\/www.europesays.com\/fi\/103371\/"},"modified":"2025-11-29T18:58:10","modified_gmt":"2025-11-29T18:58:10","slug":"kolme-kaisaa-sulkee-ovensa-ilta-sanomat","status":"publish","type":"post","link":"https:\/\/www.europesays.com\/fi\/103371\/","title":{"rendered":"Kolme Kaisaa sulkee ovensa &#8211; Ilta-Sanomat"},"content":{"rendered":"<p>Kolme Kaisaa avattiin Helsingin Kurviin yli 60 vuotta sitten.<\/p>\n<p class=\"article-body mb-nof-24 px-nof-16\">Ikoninen helsinkil\u00e4isravintola Kolme Kaisaa sulkee ovensa.<\/p>\n<p class=\"article-body mb-nof-24 px-nof-16\">Asian Ilta-Sanomille vahvistaa ravintolap\u00e4\u00e4llikk\u00f6 <a class=\"article-personlink\" href=\"https:\/\/www.is.fi\/haku\/?query=Tiina%20Hintikka\" rel=\"nofollow noopener\" target=\"_blank\">Tiina Hintikka<\/a>. Ravintola on ollut toiminnassa jo yli 60 vuoden ajan. Ravintola avattiin kahvilana H\u00e4meentie 29:ss\u00e4 syksyll\u00e4 1964.<\/p>\n<p class=\"article-body mb-nof-24 px-nof-16\">Ravintolan m\u00e4\u00e4r\u00e4aikainen vuokrasopimus p\u00e4\u00e4ttyy, eik\u00e4 ravintolalle saatu neuvoteltua uutta sopimusta, Hintikka kertoo.<\/p>\n<p class=\"article-body mb-nof-24 px-nof-16\">\u2013 Yritimme neuvotella, mutta emme p\u00e4\u00e4sseet yhteisymm\u00e4rrykseen vuokranantajan kanssa, Hintikka sanoo.<\/p>\n<p><img decoding=\"async\" src=\"https:\/\/www.europesays.com\/fi\/wp-content\/uploads\/2025\/11\/1764442690_210_468.jpg\" alt=\"Ravintola on ollut paikallaan 60 vuoden ajan.\" class=\"_Img_1rerz_1\" style=\"aspect-ratio:0.5625\" loading=\"eager\"\/><\/p>\n<p class=\"article-picture-caption\">Ravintola on ollut paikallaan 60 vuoden ajan. Kuva:\u00a0Reetta Multanen \/ IS<\/p>\n<p class=\"article-body mb-nof-24 px-nof-16\">Hintikan mukaan mahdollisesti koko rakennus puretaan muutaman vuoden sis\u00e4ll\u00e4, mik\u00e4 on h\u00e4nen ymm\u00e4rryksens\u00e4 mukaan vaikuttanut vuokrasopimuksen jatkamiseen.<\/p>\n<p class=\"article-body mb-nof-24 px-nof-16\">Hintikalla ei ole viel\u00e4 t\u00e4ysin varmaa tietoa siit\u00e4, milloin ravintolan viimeinen p\u00e4iv\u00e4 koittaa. H\u00e4nen arvionsa mukaan mahdollisesti jo joulukuun puoliv\u00e4liss\u00e4.<\/p>\n<p class=\"article-body mb-nof-24 px-nof-16\">\u2013 Puhutaan viikoista, h\u00e4n lis\u00e4\u00e4.<\/p>\n<p class=\"article-body mb-nof-24 px-nof-16\">Hintikka on ollut Kolmen Kaisan ravintolap\u00e4\u00e4llikk\u00f6n\u00e4 hieman alle kolme vuotta. Helsingin Kurvissa sijaitsevan ravintolan pitk\u00e4 historia on kerrytt\u00e4nyt asiakaskuntaa kuitenkin vuosikymmeni\u00e4.<\/p>\n<p class=\"article-body mb-nof-24 px-nof-16\">\u2013 Sellaisia asiakassuhteita on syntynyt, miss\u00e4 on pitk\u00e4 historia taustalla. Meill\u00e4 on k\u00e4yty vuosikymmeni\u00e4 asiakkaina, niin kyll\u00e4 t\u00e4m\u00e4 heillekin tuntuu olevan kova paikka, Hintikka huokaa.<\/p>\n<p><img decoding=\"async\" src=\"https:\/\/www.europesays.com\/fi\/wp-content\/uploads\/2025\/11\/1764442690_626_468.jpg\" alt=\"Kolme Kaisaa suljetaan, koska vuokrasopimus p\u00e4\u00e4ttyi.\" class=\"_Img_1rerz_1\" style=\"aspect-ratio:1.7777777777777777\" loading=\"eager\"\/><\/p>\n<p class=\"article-picture-caption\">Kolme Kaisaa suljetaan, koska vuokrasopimus p\u00e4\u00e4ttyi. Kuva:\u00a0Reetta Multanen \/ IS<\/p>\n<p class=\"article-body mb-nof-24 px-nof-16\">Hintikka haluaa kiitt\u00e4\u00e4 kaikkia ravintolan asiakkaita kuluneista vuosista.<\/p>\n<p class=\"article-body mb-nof-24 px-nof-16\">\u2013 Hirve\u00e4n, hirve\u00e4n iso kiitos kaikista kuluneista vuosista ja siit\u00e4, millainen yhteis\u00f6 Kaisan asiakkaista on tullut. Se on tosi hienoa n\u00e4hd\u00e4, ett\u00e4 se on kantanut vuosia.<\/p>\n<p class=\"article-body mb-nof-24 px-nof-16\">\u2013 Toivottavasti l\u00f6yt\u00e4isimme jonkun toisen tilan, miss\u00e4 voitaisiin avata uudelleen ja palattaisiin v\u00e4h\u00e4n eri ympyr\u00f6iss\u00e4, Hintikka toivoo.<\/p>\n","protected":false},"excerpt":{"rendered":"Kolme Kaisaa avattiin Helsingin Kurviin yli 60 vuotta sitten. Ikoninen helsinkil\u00e4isravintola Kolme Kaisaa sulkee ovensa. Asian Ilta-Sanomille vahvistaa&hellip;\n","protected":false},"author":2,"featured_media":103372,"comment_status":"","ping_status":"","sticky":false,"template":"","format":"standard","meta":{"footnotes":""},"categories":[136],"tags":[407,137,33,31,30,34,408,32,109],"class_list":{"0":"post-103371","1":"post","2":"type-post","3":"status-publish","4":"format-standard","5":"has-post-thumbnail","7":"category-julkkikset","8":"tag-celebrities","9":"tag-entertainment","10":"tag-fi","11":"tag-finland","12":"tag-finnish","13":"tag-ilta-sanomat","14":"tag-julkkikset","15":"tag-suomi","16":"tag-viihde"},"share_on_mastodon":{"url":"https:\/\/pubeurope.com\/@fi\/115634523698744526","error":""},"_links":{"self":[{"href":"https:\/\/www.europesays.com\/fi\/wp-json\/wp\/v2\/posts\/103371","targetHints":{"allow":["GET"]}}],"collection":[{"href":"https:\/\/www.europesays.com\/fi\/wp-json\/wp\/v2\/posts"}],"about":[{"href":"https:\/\/www.europesays.com\/fi\/wp-json\/wp\/v2\/types\/post"}],"author":[{"embeddable":true,"href":"https:\/\/www.europesays.com\/fi\/wp-json\/wp\/v2\/users\/2"}],"replies":[{"embeddable":true,"href":"https:\/\/www.europesays.com\/fi\/wp-json\/wp\/v2\/comments?post=103371"}],"version-history":[{"count":0,"href":"https:\/\/www.europesays.com\/fi\/wp-json\/wp\/v2\/posts\/103371\/revisions"}],"wp:featuredmedia":[{"embeddable":true,"href":"https:\/\/www.europesays.com\/fi\/wp-json\/wp\/v2\/media\/103372"}],"wp:attachment":[{"href":"https:\/\/www.europesays.com\/fi\/wp-json\/wp\/v2\/media?parent=103371"}],"wp:term":[{"taxonomy":"category","embeddable":true,"href":"https:\/\/www.europesays.com\/fi\/wp-json\/wp\/v2\/categories?post=103371"},{"taxonomy":"post_tag","embeddable":true,"href":"https:\/\/www.europesays.com\/fi\/wp-json\/wp\/v2\/tags?post=103371"}],"curies":[{"name":"wp","href":"https:\/\/api.w.org\/{rel}","templated":true}]}}