{"id":103381,"date":"2025-11-29T19:10:08","date_gmt":"2025-11-29T19:10:08","guid":{"rendered":"https:\/\/www.europesays.com\/fi\/103381\/"},"modified":"2025-11-29T19:10:08","modified_gmt":"2025-11-29T19:10:08","slug":"venaja-droonit-tunkeutuivat-moldovan-ilmatilaan-uutisia-lyhyesti","status":"publish","type":"post","link":"https:\/\/www.europesays.com\/fi\/103381\/","title":{"rendered":"Ven\u00e4j\u00e4 droonit tunkeutuivat Moldovan ilmatilaan | Uutisia lyhyesti"},"content":{"rendered":"<p class=\"aw-1gybjub aw-5vja16 kEtdKx kmuxyA yle__article__paragraph\">Moldova on hakenut EU-j\u00e4senyytt\u00e4, mutta Ven\u00e4j\u00e4 pyrkii pit\u00e4m\u00e4\u00e4n sen vaikutusvallassaan.<\/p>\n<p>20:15\u2022P\u00e4ivitetty 20:16<\/p>\n<p class=\"aw-1gybjub aw-1p7kakr kEtdKx cEmitX yle__article__paragraph\">Ven\u00e4j\u00e4n droonit tunkeutuivat Moldovan ilmatilaan, maan viranomaiset kertoivat lauantaina. Moldovan mukaan kyseess\u00e4 oli jo kolmas tapaus yhdeks\u00e4n viime p\u00e4iv\u00e4n aikana.<\/p>\n<p class=\"aw-1gybjub aw-1p7kakr kEtdKx cEmitX yle__article__paragraph\">Moldovan sis\u00e4ministeri\u00f6n mukaan kaksi droonia tunnistettiin ven\u00e4l\u00e4isiksi. Ne lensiv\u00e4t Moldovan alueen yli, mink\u00e4 vuoksi ilmatila suljettiin noin tunniksi my\u00f6h\u00e4\u00e4n perjantai-iltana. Droonit siirtyiv\u00e4t my\u00f6hemmin Ukrainan alueelle.<\/p>\n<p class=\"aw-1gybjub aw-1p7kakr kEtdKx cEmitX yle__article__paragraph\">Ukrainan presidentti <strong class=\"aw-ak79eh KyCXm yle__article__strong\">Volodymyr Zelenskyi<\/strong> kertoi Ven\u00e4j\u00e4n laukaisseen noin 36 ohjusta ja l\u00e4hes 600 droonia Ukrainaan viime y\u00f6n\u00e4. Ainakin kolme ihmist\u00e4 kuoli ja l\u00e4hes 30 haavoittui.<\/p>\n<p class=\"aw-1gybjub aw-1p7kakr kEtdKx cEmitX yle__article__paragraph\">Moldovan Eurooppa-my\u00f6nteinen presidentti <strong class=\"aw-ak79eh KyCXm yle__article__strong\">Maia Sandu<\/strong> on tuominnut Ven\u00e4j\u00e4n hy\u00f6kk\u00e4yksen Ukrainaan. H\u00e4n on lis\u00e4ksi syytt\u00e4nyt Ven\u00e4j\u00e4\u00e4 pyrkimyksist\u00e4 horjuttaa Moldovan yhteiskuntaa sek\u00e4 yrityksist\u00e4 <a class=\"aw-iao6s4 iHOxEa yle__article__link\" href=\"https:\/\/yle.fi\/a\/74-20185555\" role=\"link\" rel=\"nofollow noopener\" target=\"_blank\">vaikuttaa Moldovan vaaleihin<\/a>.<\/p>\n<p class=\"aw-1gybjub aw-1p7kakr kEtdKx cEmitX yle__article__paragraph\">Moldova haki EU:n j\u00e4senyytt\u00e4, kun Ven\u00e4j\u00e4n aloitti hy\u00f6kk\u00e4yssotansa Ukrainaan vuonna 2022. EU aloitti liittymisneuvottelut Moldovan kanssa viime vuonna.<\/p>\n<p class=\"aw-1gybjub aw-1p7kakr kEtdKx cEmitX yle__article__paragraph\">Ven\u00e4j\u00e4 pyrkii pit\u00e4m\u00e4\u00e4n maata etupiiriss\u00e4\u00e4n.<\/p>\n<p class=\"aw-1gybjub aw-1p7kakr kEtdKx cEmitX yle__article__paragraph\">L\u00e4hde: Reuters<\/p>\n","protected":false},"excerpt":{"rendered":"Moldova on hakenut EU-j\u00e4senyytt\u00e4, mutta Ven\u00e4j\u00e4 pyrkii pit\u00e4m\u00e4\u00e4n sen vaikutusvallassaan. 20:15\u2022P\u00e4ivitetty 20:16 Ven\u00e4j\u00e4n droonit tunkeutuivat Moldovan ilmatilaan, maan&hellip;\n","protected":false},"author":2,"featured_media":74,"comment_status":"","ping_status":"","sticky":false,"template":"","format":"standard","meta":{"footnotes":""},"categories":[14],"tags":[22,23,759,26,27,33,31,30,17,11072,24,25,28,29,2582,15,18,21,32,19,20,546,56,16,547,987,59,60,61],"class_list":{"0":"post-103381","1":"post","2":"type-post","3":"status-publish","4":"format-standard","5":"has-post-thumbnail","7":"category-ulkomaat","8":"tag-breaking-news","9":"tag-breakingnews","10":"tag-droonit","11":"tag-featured-news","12":"tag-featurednews","13":"tag-fi","14":"tag-finland","15":"tag-finnish","16":"tag-headlines","17":"tag-ilmatila","18":"tag-latest-news","19":"tag-latestnews","20":"tag-main-news","21":"tag-mainnews","22":"tag-moldova","23":"tag-news","24":"tag-otsikot","25":"tag-paauutiset","26":"tag-suomi","27":"tag-top-stories","28":"tag-topstories","29":"tag-turvallisuus","30":"tag-ulkomaat","31":"tag-uutiset","32":"tag-venaja","33":"tag-venajan-hyokkays","34":"tag-world","35":"tag-world-news","36":"tag-worldnews"},"share_on_mastodon":{"url":"https:\/\/pubeurope.com\/@fi\/115634570705945967","error":""},"_links":{"self":[{"href":"https:\/\/www.europesays.com\/fi\/wp-json\/wp\/v2\/posts\/103381","targetHints":{"allow":["GET"]}}],"collection":[{"href":"https:\/\/www.europesays.com\/fi\/wp-json\/wp\/v2\/posts"}],"about":[{"href":"https:\/\/www.europesays.com\/fi\/wp-json\/wp\/v2\/types\/post"}],"author":[{"embeddable":true,"href":"https:\/\/www.europesays.com\/fi\/wp-json\/wp\/v2\/users\/2"}],"replies":[{"embeddable":true,"href":"https:\/\/www.europesays.com\/fi\/wp-json\/wp\/v2\/comments?post=103381"}],"version-history":[{"count":0,"href":"https:\/\/www.europesays.com\/fi\/wp-json\/wp\/v2\/posts\/103381\/revisions"}],"wp:featuredmedia":[{"embeddable":true,"href":"https:\/\/www.europesays.com\/fi\/wp-json\/wp\/v2\/media\/74"}],"wp:attachment":[{"href":"https:\/\/www.europesays.com\/fi\/wp-json\/wp\/v2\/media?parent=103381"}],"wp:term":[{"taxonomy":"category","embeddable":true,"href":"https:\/\/www.europesays.com\/fi\/wp-json\/wp\/v2\/categories?post=103381"},{"taxonomy":"post_tag","embeddable":true,"href":"https:\/\/www.europesays.com\/fi\/wp-json\/wp\/v2\/tags?post=103381"}],"curies":[{"name":"wp","href":"https:\/\/api.w.org\/{rel}","templated":true}]}}