{"id":103382,"date":"2025-11-29T19:11:08","date_gmt":"2025-11-29T19:11:08","guid":{"rendered":"https:\/\/www.europesays.com\/fi\/103382\/"},"modified":"2025-11-29T19:11:08","modified_gmt":"2025-11-29T19:11:08","slug":"auto-ajautui-ravintolan-terassille-tikkurilassa-uutissuomalainen","status":"publish","type":"post","link":"https:\/\/www.europesays.com\/fi\/103382\/","title":{"rendered":"Auto ajautui ravintolan terassille Tikkurilassa | Uutissuomalainen"},"content":{"rendered":"<p>Auto ajautui ravintolan terassille Tikkurilassa Vantaalla lauantaina illalla. H\u00e4lytys keskisuuren vasteen liikenneonnettomuudesta tuli kello 19.21.<\/p>\n<p>It\u00e4-Uudenmaan poliisi kertoo tiedotteessaan, ett\u00e4 kaksi autoa kolaroi risteyksess\u00e4, mink\u00e4 seurauksena toinen autoista suistui p\u00e4in ravintolan terassia.<\/p>\n<p>Paikalla on runsaasti poliisin ja pelastuslaitoksen yksik\u00f6it\u00e4.<\/p>\n","protected":false},"excerpt":{"rendered":"Auto ajautui ravintolan terassille Tikkurilassa Vantaalla lauantaina illalla. H\u00e4lytys keskisuuren vasteen liikenneonnettomuudesta tuli kello 19.21. It\u00e4-Uudenmaan poliisi kertoo&hellip;\n","protected":false},"author":2,"featured_media":103383,"comment_status":"","ping_status":"","sticky":false,"template":"","format":"standard","meta":{"footnotes":""},"categories":[12],"tags":[22,23,26,27,33,31,30,17,405,55,24,25,121,28,29,15,18,21,122,54,32,5358,19,20,16,2359],"class_list":{"0":"post-103382","1":"post","2":"type-post","3":"status-publish","4":"format-standard","5":"has-post-thumbnail","7":"category-suomi","8":"tag-breaking-news","9":"tag-breakingnews","10":"tag-featured-news","11":"tag-featurednews","12":"tag-fi","13":"tag-finland","14":"tag-finnish","15":"tag-headlines","16":"tag-helsingin-seutukunta","17":"tag-lainvalvonta","18":"tag-latest-news","19":"tag-latestnews","20":"tag-liikenne-ja-kuljetus","21":"tag-main-news","22":"tag-mainnews","23":"tag-news","24":"tag-otsikot","25":"tag-paauutiset","26":"tag-pelastaminen","27":"tag-pelastuspalvelut","28":"tag-suomi","29":"tag-tikkurila-vantaa","30":"tag-top-stories","31":"tag-topstories","32":"tag-uutiset","33":"tag-vantaa"},"share_on_mastodon":{"url":"https:\/\/pubeurope.com\/@fi\/115634574692986155","error":""},"_links":{"self":[{"href":"https:\/\/www.europesays.com\/fi\/wp-json\/wp\/v2\/posts\/103382","targetHints":{"allow":["GET"]}}],"collection":[{"href":"https:\/\/www.europesays.com\/fi\/wp-json\/wp\/v2\/posts"}],"about":[{"href":"https:\/\/www.europesays.com\/fi\/wp-json\/wp\/v2\/types\/post"}],"author":[{"embeddable":true,"href":"https:\/\/www.europesays.com\/fi\/wp-json\/wp\/v2\/users\/2"}],"replies":[{"embeddable":true,"href":"https:\/\/www.europesays.com\/fi\/wp-json\/wp\/v2\/comments?post=103382"}],"version-history":[{"count":0,"href":"https:\/\/www.europesays.com\/fi\/wp-json\/wp\/v2\/posts\/103382\/revisions"}],"wp:featuredmedia":[{"embeddable":true,"href":"https:\/\/www.europesays.com\/fi\/wp-json\/wp\/v2\/media\/103383"}],"wp:attachment":[{"href":"https:\/\/www.europesays.com\/fi\/wp-json\/wp\/v2\/media?parent=103382"}],"wp:term":[{"taxonomy":"category","embeddable":true,"href":"https:\/\/www.europesays.com\/fi\/wp-json\/wp\/v2\/categories?post=103382"},{"taxonomy":"post_tag","embeddable":true,"href":"https:\/\/www.europesays.com\/fi\/wp-json\/wp\/v2\/tags?post=103382"}],"curies":[{"name":"wp","href":"https:\/\/api.w.org\/{rel}","templated":true}]}}