{"id":103393,"date":"2025-11-29T19:32:09","date_gmt":"2025-11-29T19:32:09","guid":{"rendered":"https:\/\/www.europesays.com\/fi\/103393\/"},"modified":"2025-11-29T19:32:09","modified_gmt":"2025-11-29T19:32:09","slug":"kia-lehmuskoski-paljastaa-yllattavan-parisuhdepaljastuksen","status":"publish","type":"post","link":"https:\/\/www.europesays.com\/fi\/103393\/","title":{"rendered":"Kia Lehmuskoski paljastaa yll\u00e4tt\u00e4v\u00e4n parisuhdepaljastuksen"},"content":{"rendered":"<p>            ATTE KAJOVA\n        <\/p>\n<p class=\"subtitle \">Kia Lehmuskoski jakoi yll\u00e4tt\u00e4v\u00e4n hetken parisuhteestaan.<\/p>\n<p class=\"article-content article-content-width !bg-background\">Tanssii t\u00e4htien kanssa -ohjelmasta tuttu t\u00e4htivalmentaja , 37, jakoi <a href=\"https:\/\/www.instagram.com\/kialehmuskoski\/?hl=fi\" target=\"_blank\" rel=\"nofollow noopener\">Instagram<\/a>-tilill\u00e4\u00e4n perjantaina (28.11.) todellisen yll\u00e4tyshetken parisuhteestaan.<\/p>\n<p class=\"font-weight-bold m-font-weight-bold article-content article-content-width !bg-background\">Katso my\u00f6s! TTK-haastattelussa Kia Lehmuskoski ja Waltteri Torikka:<\/p>\n<p class=\"article-content article-content-width !bg-background\">Kia kertoo videolla aviomiehens\u00e4  olevan todellinen yll\u00e4tysnikkari, ja nyt oli h\u00e4nen vuoronsa saada yll\u00e4tyst\u00e4 osakseen.<\/p>\n<p>Syntt\u00e4riyll\u00e4tys!<\/p>\n<p class=\"article-content article-content-width !bg-background\">Videolla syntym\u00e4p\u00e4ivi\u00e4\u00e4n viett\u00e4v\u00e4 Kimi-rakas saa kokea todellisen yll\u00e4tyshetken, kun Kia kertoo aikovansa vied\u00e4 miehen sy\u00f6m\u00e4\u00e4n.<\/p>\n<p class=\"article-content article-content-width !bg-background\"> \u2013 M\u00e4 aion vied\u00e4 sut sy\u00f6m\u00e4\u00e4n, mut s\u00e4 et tied\u00e4 minne, Kia aloittaa.<\/p>\n<p class=\"article-content article-content-width !bg-background\">Lopulta Kia opasti videolla kumppaninsa kohti modernia kreikkalaista Le Grec -nimist\u00e4 ravintolaa l\u00e4hell\u00e4 Helsingin Esplanadia.<\/p>\n<p class=\"article-content article-content-width !bg-background\">Ravintola tarjoili kaksikolle molempien mieliherkkuja: Kialle margaritoja ja Kimille kreikkalaista ruokaa. Useamman ruokalajin illallisen p\u00e4\u00e4tteeksi Kimi puhalsi viel\u00e4 kynttil\u00e4n kakun p\u00e4\u00e4lt\u00e4. Yll\u00e4tys oli p\u00e4iv\u00e4nsankarille mieluisa ja onnistunut.<\/p>\n<p>        <a itemprop=\"url\" href=\"https:\/\/www.seiska.fi\/katso\/ttk-marko-anttila-ja-kia-lehmuskoski-vaikeuksissa\/1942507\" rel=\"nofollow noopener\" target=\"_blank\"><\/p>\n<p>\nMarko Anttila ja Kia Lehmuskoski\n<\/p>\n<p class=\"section-date\">\n        <strong class=\"article-section\" data-section=\"katso\"><br \/>\n            katso<br \/>\n        <\/strong><br \/>\n        26.9. 13:15\n    <\/p>\n<p>TTK: Marko Anttila ja Kia Lehmuskoski vaikeuksissa\n    <\/p>\n<p itemprop=\"description\" class=\"subtitle \">\n    Tanssii t\u00e4htien kanssa -t\u00e4htiparin viikko ei ole ollut helppo.\n<\/p>\n<p>        <\/a><\/p>\n<p>                <img decoding=\"async\" src=\"https:\/\/www.europesays.com\/fi\/wp-content\/uploads\/2025\/11\/2007303.webp\" width=\"576\" height=\"720\" alt=\"Kia tanssi kuluneella TTK-kaudella j\u00e4\u00e4kiekkot\u00e4hti Marko 'M\u00f6rk\u00f6' Anttilan kanssa. Kaksikko joutui j\u00e4tt\u00e4m\u00e4\u00e4n marraskuun alussa lupaavasti alkaneen kisansa kesken Markon loukattua jalkansa.\" loading=\"lazy\" \/>            <\/p>\n<p>\n            Kia tanssi kuluneella TTK-kaudella j\u00e4\u00e4kiekkot\u00e4hti Marko &#8221;M\u00f6rk\u00f6&#8221; Anttilan kanssa. Kaksikko joutui j\u00e4tt\u00e4m\u00e4\u00e4n marraskuun alussa lupaavasti alkaneen kisansa kesken Markon loukattua jalkansa.<br \/>\n            Timo Korhonen\n        <\/p>\n<p>        <a itemprop=\"url\" href=\"https:\/\/www.seiska.fi\/katso\/ttk-opettaja-kia-lehmuskoski-sai-mullistavan-uutisen\/1921977\" rel=\"nofollow noopener\" target=\"_blank\"><\/p>\n<p>\nTTK-opettaja Kia Lehmuskoski\n<\/p>\n<p class=\"section-date\">\n        <strong class=\"article-section\" data-section=\"katso\"><br \/>\n            katso<br \/>\n        <\/strong><br \/>\n        5.9. 13:29\n    <\/p>\n<p>TTK-opettaja Kia Lehmuskoski sai mullistavan uutisen\n    <\/p>\n<p itemprop=\"description\" class=\"subtitle \">\n    Kia Lehmuskoski tanssii TTK:ssa Marko &#8221;M\u00f6rk\u00f6&#8221; Anttilan parina.\n<\/p>\n<p>        <\/a><\/p>\n<p>Aktiivinen pariskunta<\/p>\n<p class=\"article-content article-content-width !bg-background\">Vuonna 2022 kihlautuneet Kia ja Kimi tanssivat h\u00e4it\u00e4\u00e4n kes\u00e4ll\u00e4 2023, ja nyt aviovuosia on takana jo kaksi. Aktiivinen pariskunta on h\u00f6ps\u00f6tellyt omilla Instagram-tileill\u00e4\u00e4n muun muassa pariakropatia videoilla. Kun Tanssii t\u00e4htien kanssa -ohjelman tuore tuotantokausi py\u00f6ri aiemmin syksyll\u00e4 televisioissa, tsemppasi Kimi rakastaan saapumalla l\u00e4hetyksiin kannustusjoukkoihin.<\/p>\n<p class=\"article-content article-content-width !bg-background\">Kaksikko on takavuosina kertonut Seiskalle haaveilevansa yhteisest\u00e4 perheest\u00e4, mutta toistaiseksi M\u00f6rk\u00f6-niminen tiibetinspanieli pit\u00e4\u00e4 perheen pienimm\u00e4isen paikkaa.\u00a0<\/p>\n<p><script async src=\"\/\/www.instagram.com\/embed.js\"><\/script><\/p>\n","protected":false},"excerpt":{"rendered":"ATTE KAJOVA Kia Lehmuskoski jakoi yll\u00e4tt\u00e4v\u00e4n hetken parisuhteestaan. Tanssii t\u00e4htien kanssa -ohjelmasta tuttu t\u00e4htivalmentaja , 37, jakoi Instagram-tilill\u00e4\u00e4n&hellip;\n","protected":false},"author":2,"featured_media":103394,"comment_status":"","ping_status":"","sticky":false,"template":"","format":"standard","meta":{"footnotes":""},"categories":[130],"tags":[137,33,31,30,2430,19629,212,1496,32,903,109],"class_list":{"0":"post-103393","1":"post","2":"type-post","3":"status-publish","4":"format-standard","5":"has-post-thumbnail","7":"category-viihde","8":"tag-entertainment","9":"tag-fi","10":"tag-finland","11":"tag-finnish","12":"tag-kia-lehmuskoski","13":"tag-kimi","14":"tag-lifestyle","15":"tag-parisuhde","16":"tag-suomi","17":"tag-tanssii-tahtien-kanssa","18":"tag-viihde"},"share_on_mastodon":{"url":"https:\/\/pubeurope.com\/@fi\/115634657323148997","error":""},"_links":{"self":[{"href":"https:\/\/www.europesays.com\/fi\/wp-json\/wp\/v2\/posts\/103393","targetHints":{"allow":["GET"]}}],"collection":[{"href":"https:\/\/www.europesays.com\/fi\/wp-json\/wp\/v2\/posts"}],"about":[{"href":"https:\/\/www.europesays.com\/fi\/wp-json\/wp\/v2\/types\/post"}],"author":[{"embeddable":true,"href":"https:\/\/www.europesays.com\/fi\/wp-json\/wp\/v2\/users\/2"}],"replies":[{"embeddable":true,"href":"https:\/\/www.europesays.com\/fi\/wp-json\/wp\/v2\/comments?post=103393"}],"version-history":[{"count":0,"href":"https:\/\/www.europesays.com\/fi\/wp-json\/wp\/v2\/posts\/103393\/revisions"}],"wp:featuredmedia":[{"embeddable":true,"href":"https:\/\/www.europesays.com\/fi\/wp-json\/wp\/v2\/media\/103394"}],"wp:attachment":[{"href":"https:\/\/www.europesays.com\/fi\/wp-json\/wp\/v2\/media?parent=103393"}],"wp:term":[{"taxonomy":"category","embeddable":true,"href":"https:\/\/www.europesays.com\/fi\/wp-json\/wp\/v2\/categories?post=103393"},{"taxonomy":"post_tag","embeddable":true,"href":"https:\/\/www.europesays.com\/fi\/wp-json\/wp\/v2\/tags?post=103393"}],"curies":[{"name":"wp","href":"https:\/\/api.w.org\/{rel}","templated":true}]}}