{"id":103396,"date":"2025-11-29T19:36:11","date_gmt":"2025-11-29T19:36:11","guid":{"rendered":"https:\/\/www.europesays.com\/fi\/103396\/"},"modified":"2025-11-29T19:36:11","modified_gmt":"2025-11-29T19:36:11","slug":"steve-witkoff-donald-trumpin-erityislahettilas-on-kokematon-diplomaatti-jolla-on-liikeyhteyksia-venajalle","status":"publish","type":"post","link":"https:\/\/www.europesays.com\/fi\/103396\/","title":{"rendered":"Steve Witkoff: Donald Trumpin erityisl\u00e4hettil\u00e4s on kokematon diplomaatti, jolla on liikeyhteyksi\u00e4 Ven\u00e4j\u00e4lle"},"content":{"rendered":"<p>Yhdysvaltain erityisl\u00e4hettil\u00e4st\u00e4 on syytetty naiiviudesta ja kokemattomuudesta. V\u00e4hemm\u00e4lle huomiolle ovat j\u00e4\u00e4neet h\u00e4nen henkil\u00f6kohtaiset Ven\u00e4j\u00e4-kytkyns\u00e4.<\/p>\n<p>Lue tiivistelm\u00e4<\/p>\n<p>Tiivistelm\u00e4 on teko\u00e4lyn tekem\u00e4 ja ihmisen tarkistama.<\/p>\n<p class=\"article-body mb-nof-24 px-nof-16 sndp-summary-bullet-point-font\">Yhdysvaltain presidentti Donald Trumpin erityisl\u00e4hettil\u00e4s Steve Witkoff matkustaa j\u00e4lleen Moskovaan tapaamaan Ven\u00e4j\u00e4n presidentti\u00e4 Vladimir Putinia keskustellakseen uudesta rauhanehdotuksesta.<\/p>\n<p class=\"article-body mb-nof-24 px-nof-16 sndp-summary-bullet-point-font\">Ukrainalaisten ja yhdysvaltalaisten l\u00e4hteiden mukaan Witkoff py\u00f6ritt\u00e4\u00e4 Valkoisen talon sis\u00e4ll\u00e4 varjo-operaatiota, jossa h\u00e4n yritt\u00e4\u00e4 syrj\u00e4ytt\u00e4\u00e4 Ukrainaan my\u00f6nteisesti suhtautuvat viranomaiset rauhanprosessista.<\/p>\n<p class=\"article-body mb-nof-24 px-nof-16 sndp-summary-bullet-point-font\">Witkoffia on kritisoitu Ven\u00e4j\u00e4n my\u00f6t\u00e4ilyst\u00e4, kokemattomuudesta ja henkil\u00f6kohtaisista Ven\u00e4j\u00e4-kytk\u00f6ksist\u00e4\u00e4n.<\/p>\n<p class=\"article-body mb-nof-24 px-nof-16 sndp-summary-bullet-point-font\">Ukrainan ja eurooppalaisten n\u00e4k\u00f6kulmasta Witkoffin keskeinen asema Trumpin rauhanponnisteluissa on huolestuttava, sill\u00e4 rauhansuunnitelmaa on kuvattu vahvasti Ven\u00e4j\u00e4\u00e4n p\u00e4in kallellaan olevaksi.<\/p>\n<p class=\"article-body mb-nof-24 px-nof-16\">Yhdysvaltain presidentti <a class=\"article-personlink\" href=\"https:\/\/www.is.fi\/haku\/?query=Donald%20Trump\" rel=\"nofollow noopener\" target=\"_blank\">Donald Trump<\/a> sanoi aiemmin t\u00e4ll\u00e4 viikolla, ett\u00e4 h\u00e4nen erityisl\u00e4hettil\u00e4\u00e4ns\u00e4 <a class=\"article-personlink\" href=\"https:\/\/www.is.fi\/haku\/?query=Steve%20Witkoff\" rel=\"nofollow noopener\" target=\"_blank\">Steve Witkoff<\/a> matkustaa j\u00e4lleen Moskovaan tapaamaan Ven\u00e4j\u00e4n presidentti\u00e4 <a class=\"article-personlink\" href=\"https:\/\/www.is.fi\/haku\/?query=Vladimir%20Putinia\" rel=\"nofollow noopener\" target=\"_blank\">Vladimir Putinia<\/a>. Trumpin mukaan mukana on my\u00f6s h\u00e4nen v\u00e4vyns\u00e4 <a class=\"article-personlink\" href=\"https:\/\/www.is.fi\/haku\/?query=Jared%20Kushner\" rel=\"nofollow noopener\" target=\"_blank\">Jared Kushner<\/a>.<\/p>\n<p class=\"article-body mb-nof-24 px-nof-16\">Witkoff l\u00e4htee Ven\u00e4j\u00e4lle keskustelemaan Yhdysvaltain uudesta rauhanehdotuksesta, josta tieto vuoti viime viikolla julkisuuteen uutissivusto Axiosin v\u00e4lityksell\u00e4.<\/p>\n<p class=\"article-body mb-nof-24 px-nof-16\">Useat tiedotusv\u00e4lineet ovat kuluneella viikolla kertoneet, ett\u00e4 suunnitelman laativat Miamissa lokakuussa Witkoff, Kushner ja Putinin neuvonantaja <a class=\"article-personlink\" href=\"https:\/\/www.is.fi\/haku\/?query=Kirill%20Dmitrijev\" rel=\"nofollow noopener\" target=\"_blank\">Kirill Dmitrijev<\/a>. Suunnitelmaa on kritisoitu \u201dvahvasti Ven\u00e4j\u00e4\u00e4n p\u00e4in kallellaan olevaksi\u201d.<\/p>\n<p class=\"article-body mb-nof-24 px-nof-16\">My\u00f6s Witkoffia on kritisoitu Ven\u00e4j\u00e4n my\u00f6t\u00e4ilyst\u00e4 ja sen propagandan toistamisesta. Kritiikki sai uutta pontta keskiviikkona, kun <a class=\"article-genericlink\" href=\"https:\/\/www.bloomberg.com\/news\/articles\/2025-11-25\/witkoff-discusses-ukraine-plans-with-key-putin-aide-transcript?embedded-checkout=true\" rel=\"nofollow noopener\" target=\"_blank\">Bloomberg<\/a> julkaisi tallenteen Witkoffin ja Putinin avustajan Juri Ushakovin v\u00e4lill\u00e4 14. lokakuuta k\u00e4ydyst\u00e4 puhelinkeskustelusta.<\/p>\n<p class=\"article-body mb-nof-24 px-nof-16\">Puhelussa Witkoff muun muassa ehdotti, ett\u00e4 Putin ja Trump keskustelisivat puhelimessa ennen kuin Trump tapaisi Ukrainan presidentin <a class=\"article-personlink\" href=\"https:\/\/www.is.fi\/haku\/?query=Volodymyr%20Zelenskyin\" rel=\"nofollow noopener\" target=\"_blank\">Volodymyr Zelenskyin<\/a> kolmea p\u00e4iv\u00e4\u00e4 my\u00f6hemmin Washingtonissa.<\/p>\n<p><img decoding=\"async\" src=\"https:\/\/www.europesays.com\/fi\/wp-content\/uploads\/2025\/11\/1764444970_773_468.jpg\" alt=\"Dmitrijev ja Witkoff tapasivat huhtikuussa Pietarissa.\" class=\"_Img_1rerz_1\" style=\"aspect-ratio:1.5\" loading=\"eager\"\/><\/p>\n<p class=\"article-picture-caption\">Dmitrijev ja Witkoff tapasivat huhtikuussa Pietarissa. Kuva:\u00a0Vyacheslav Prokofyev \/ Reuters<\/p>\n<p class=\"article-body mb-nof-24 px-nof-16\">Witkoff neuvoi Ushakovin v\u00e4lityksell\u00e4 Putinia kehumaan Trumpia t\u00e4m\u00e4n Gazan-rauhanponnisteluista esitt\u00e4m\u00e4tt\u00e4 suoraan Ven\u00e4j\u00e4n vaatimuksia. P\u00e4iv\u00e4\u00e4 ennen Zelenskyin Washingtonin-vierailua Trump ja Putin k\u00e4viv\u00e4t puhelinkeskustelun, jonka aluksi Putin onnitteli Trumpia Kremlin mukaan Gazan kaistan \u201dnormalisoimisesta\u201d.<\/p>\n<p class=\"article-body mb-nof-24 px-nof-16\">Ushakov arvosteli torstaina puhelinkeskustelun vuotamista julkisuuteen. H\u00e4nen mukaansa kyseess\u00e4 on median tahallinen yritys h\u00e4irit\u00e4 rauhanprosessia.<\/p>\n<p class=\"article-body mb-nof-24 px-nof-16\">Witkoffiin kohdistuva kritiikki on liittynyt ennen kaikkea h\u00e4nen kokemattomuuteensa diplomatian saralla sek\u00e4 ilmeiseen tiet\u00e4myksen puutteeseen Ukrainasta, Ven\u00e4j\u00e4st\u00e4 ja niiden v\u00e4lisest\u00e4 sodasta sek\u00e4 sen taustoista.<\/p>\n<p class=\"article-body mb-nof-24 px-nof-16\">H\u00e4nell\u00e4 on vaikuttanut paikoin olevan vaikeuksia muistaa esimerkiksi Ukrainassa miehitettyjen alueiden nimi\u00e4, vaikka h\u00e4n neuvottelee k\u00e4yt\u00e4nn\u00f6ss\u00e4 niill\u00e4 asuvien miljoonien ihmisten kohtalosta.<\/p>\n<p class=\"article-body mb-nof-24 px-nof-16\">\u2013 Uskon, ett\u00e4 konfliktin isoin kysymys ovat n\u00e4m\u00e4 niin sanotut nelj\u00e4 aluetta&#8230; Donbas, Krim, Lugansk&#8230; ja sitten on kaksi muuta, Witkoff sanoi maaliskuussa konservatiivisen mediapersoonan <a class=\"article-personlink\" href=\"https:\/\/www.is.fi\/haku\/?query=Tucker%20Carlsonin\" rel=\"nofollow noopener\" target=\"_blank\">Tucker Carlsonin<\/a> haastattelussa.<\/p>\n<p class=\"article-body mb-nof-24 px-nof-16\">Ven\u00e4j\u00e4 miehitt\u00e4\u00e4 Ukrainassa osia Donetskin, Zaporizzjan ja Hersonin alueista. Luhanskin alueen (josta Witkoff k\u00e4ytti sen ven\u00e4l\u00e4ist\u00e4 nime\u00e4) Ven\u00e4j\u00e4 on saanut k\u00e4yt\u00e4nn\u00f6ss\u00e4 kokonaan vallattua. Donetskin ja Luhanskin alueet muodostavat yhdess\u00e4 suurin piirtein Donbasin alueen.<\/p>\n<p class=\"article-body mb-nof-24 px-nof-16\">Krimin niemimaa on ollut kokonaan Ven\u00e4j\u00e4n kontrollissa vuodesta 2014 l\u00e4htien.<\/p>\n<p class=\"article-body mb-nof-24 px-nof-16\">Witkoff on perustellut alueiden mahdollista luovuttamista Ven\u00e4j\u00e4lle asukkaiden ven\u00e4j\u00e4nkielisyydell\u00e4 sek\u00e4 Ven\u00e4j\u00e4n alueilla j\u00e4rjest\u00e4mien valekansan\u00e4\u00e4nestysten tuloksilla, joita on l\u00e4nness\u00e4 pidetty v\u00e4\u00e4rennettyin\u00e4.<\/p>\n<p class=\"article-body mb-nof-24 px-nof-16\">Ven\u00e4j\u00e4nkielisyys ei tarkoita automaattisesti asukkaiden ven\u00e4l\u00e4isyytt\u00e4. Monien ukrainalaisten, kuten esimerkiksi presidentti Zelenskyin, \u00e4idinkieli on ven\u00e4j\u00e4.<\/p>\n<p><img decoding=\"async\" src=\"https:\/\/www.europesays.com\/fi\/wp-content\/uploads\/2025\/11\/1764444970_993_468.jpg\" alt=\"Presidentti Volodymyr Zelenskyin hymyst\u00e4 huolimatta tapaaminen Valkoisessa talossa ei vaikuttanut menev\u00e4n erityisen hyvin Ukrainan kannalta lokakuussa. Putin oli keskustellut Trumpin kanssa puhelimessa edellisen\u00e4 p\u00e4iv\u00e4n\u00e4.\" class=\"_Img_1rerz_1\" style=\"aspect-ratio:1.5011727912431587\" loading=\"eager\"\/><\/p>\n<p class=\"article-picture-caption\">Presidentti Volodymyr Zelenskyin hymyst\u00e4 huolimatta tapaaminen Valkoisessa talossa ei vaikuttanut menev\u00e4n erityisen hyvin Ukrainan kannalta lokakuussa. Putin oli keskustellut Trumpin kanssa puhelimessa edellisen\u00e4 p\u00e4iv\u00e4n\u00e4. Kuva:\u00a0Jonathan Ernst \/ Reuters<\/p>\n<p class=\"article-body mb-nof-24 px-nof-16\">Diplomatian ja maailmanpolitiikan sijaan juristin koulutuksen saaneen Witkoffin asiantuntemus on Trumpin tavoin kiinteist\u00f6bisneksess\u00e4. Witkoff on ollut vuosikymmeni\u00e4 Trumpin l\u00e4heinen yst\u00e4v\u00e4 ja my\u00f6s h\u00e4nen ensimm\u00e4inen lapsenlapsensa on nimetty t\u00e4m\u00e4n mukaan.<\/p>\n<p class=\"article-body mb-nof-24 px-nof-16\">Gazan-rauhanprosessin keskeisiin hahmoihin kuulunut Witkoff n\u00e4ytt\u00e4\u00e4 n\u00e4kev\u00e4n konfliktien ratkaisemisen Trumpin tavoin sopimuksentekona, jossa keskityt\u00e4\u00e4n perinteisen diplomatian sijaan pragmaattisiin liiketoimiin ja kaupan k\u00e4ymiseen omistuksilla. <a class=\"article-genericlink\" href=\"https:\/\/www.nytimes.com\/2025\/09\/26\/business\/witkoff-son-qatar-gaza.html\" rel=\"nofollow noopener\" target=\"_blank\">New York Times<\/a> kirjoitti syyskuussa, ett\u00e4 toisinaan Witkoffin diplomatia n\u00e4ytt\u00e4\u00e4 my\u00f6s sekoittuvan t\u00e4m\u00e4n perheen liiketoimiin.<\/p>\n<p class=\"article-body mb-nof-24 px-nof-16\">Witkoffia on pidetty naiivina ja alttiina Ven\u00e4j\u00e4n KGB-taustaisen johdon manipulaatioyrityksille. H\u00e4n on muun muassa matkustanut Ven\u00e4j\u00e4lle neuvottelemaan ilman asiantuntevaa tiimi\u00e4 ja turvautunut Kremlin tarjoamaan tulkkiin, mit\u00e4 on pidetty erityisen riskialttiina.<\/p>\n<p class=\"article-body mb-nof-24 px-nof-16\">Lue lis\u00e4\u00e4: <a class=\"article-genericlink\" href=\"https:\/\/www.is.fi\/ulkomaat\/art-2000011654411.html\" rel=\"nofollow noopener\" target=\"_blank\">Kommentti: Witkoffin suhmurointi on todiste Valkoisen talon kaaoksesta<\/a><\/p>\n<p class=\"article-body mb-nof-24 px-nof-16\">Hieman v\u00e4hemm\u00e4lle huomiolle ovat j\u00e4\u00e4neet Witkoffin omat Ven\u00e4j\u00e4-kytkyt ja liiketoimet, joita Ven\u00e4j\u00e4n vastaisten pakotteiden purkaminen voisi mahdollisesti edist\u00e4\u00e4.<\/p>\n<p class=\"article-body mb-nof-24 px-nof-16\">H\u00e4nen pitk\u00e4aikainen liikekumppaninsa on Ukrainassa syntynyt ja Ven\u00e4j\u00e4ll\u00e4 kasvanut brittil\u00e4is-amerikkalainen miljard\u00f6\u00f6ri <a class=\"article-personlink\" href=\"https:\/\/www.is.fi\/haku\/?query=Len%20Blavatnik\" rel=\"nofollow noopener\" target=\"_blank\">Len Blavatnik<\/a>, joka rikastui Neuvostoliiton romahtamisen j\u00e4lkeisen valtion omaisuuden yksityist\u00e4misen kautta. Blavatnikilla on puolestaan kytk\u00f6ksi\u00e4 ven\u00e4l\u00e4isoligarkki <a class=\"article-personlink\" href=\"https:\/\/www.is.fi\/haku\/?query=Viktor%20Vekselbergiin\" rel=\"nofollow noopener\" target=\"_blank\">Viktor Vekselbergiin<\/a>, joka on Ukrainan pakotelistalla Kreml-yhteyksiens\u00e4 vuoksi.<\/p>\n<p class=\"article-body mb-nof-24 px-nof-16\">Reutersin mukaan Dmitrijev tapasi Miamissa rauhanehdotuksen laatimisen lomassa my\u00f6s Blavatnikin t\u00e4m\u00e4n omistamassa hotellissa.<\/p>\n<p class=\"article-body mb-nof-24 px-nof-16\">Kiinteist\u00f6bisnekseen keskittyv\u00e4 <a class=\"article-genericlink\" href=\"https:\/\/therealdeal.com\/new-york\/2013\/05\/10\/steve-witkoff-revealed-as-friend-of-indicted-russian-mobster\/\" rel=\"nofollow noopener\" target=\"_blank\">The Real Deal<\/a> -lehti uutisoi vuonna 2013 Witkoffin kirjoittaneen kolmea vuotta aiemmin suosituskirjeen New Yorkissa luksushuoneistoa asunnokseen havitelleelle <a class=\"article-personlink\" href=\"https:\/\/www.is.fi\/haku\/?query=Anatoli%20Golubtshikille\" rel=\"nofollow noopener\" target=\"_blank\">Anatoli Golubtshikille<\/a>, joka tunnetaan yleisesti amerikkalais-ven\u00e4l\u00e4isen mafian j\u00e4senen\u00e4.<\/p>\n<p class=\"article-body mb-nof-24 px-nof-16\">Kirjeess\u00e4 Witkoff kutsui Golubtshiki\u00e4 \u201dyst\u00e4v\u00e4kseen\u201d. My\u00f6hemmin h\u00e4n sanoi katuvansa kirjeen kirjoittamista \u201dyhteisen tuttavan pyynn\u00f6st\u00e4\u201d, kun Golubtshik tuomittiin useista mafiaan liittyneist\u00e4 rikoksista.<\/p>\n<p class=\"article-body mb-nof-24 px-nof-16\">Witkoffin ja Trumpin Ven\u00e4j\u00e4-yhteyksi\u00e4 selvitt\u00e4neen toimittaja-kirjailija <a class=\"article-personlink\" href=\"https:\/\/www.is.fi\/haku\/?query=Craig%20Ungerin\" rel=\"nofollow noopener\" target=\"_blank\">Craig Ungerin<\/a> mukaan Golubtshik oli keskeinen hahmo tuolloin paljastuneessa uhkapeliringiss\u00e4, joka toimi Trump Towerissa.<\/p>\n<p class=\"article-body mb-nof-24 px-nof-16\">\u2013 Nyt kun Witkoff on esitellyt \u201drauhansuunnitelman\u201d, joka antaa Putinille kaiken mit\u00e4 h\u00e4n haluaa, h\u00e4nen siteens\u00e4 Ven\u00e4j\u00e4n mafiaan her\u00e4tt\u00e4v\u00e4t erityist\u00e4 kiinnostusta. Ven\u00e4j\u00e4ll\u00e4 mafia on ollut pitk\u00e4\u00e4n tosiasiassa valtion toimija, joka palvelee pel\u00e4tyn KGB:n seuraajaa, valtion turvallisuuspalvelua FSB:t\u00e4, Unger <a class=\"article-genericlink\" href=\"https:\/\/craigunger.substack.com\/p\/why-steve-witkoff-is-selling-out?selection=3e12f6a0-c72e-452a-8cde-5cf64bc1473b#:~:text=But%20at%20least%20one%20chapter%20of%20Witkoff%E2%80%99s%20life%20has%20not%20been%20explored%20by%20the%20mainstream%20media%E2%80%94namely%20his%20ties%20to%20the%20Russian%20Mafia\" rel=\"nofollow noopener\" target=\"_blank\">kirjoitti<\/a> aiemmin t\u00e4ll\u00e4 viikolla.<\/p>\n<p class=\"article-body mb-nof-24 px-nof-16\">Witkoff py\u00f6ritt\u00e4\u00e4 Kyiv Independentin ukrainalaisten ja yhdysvaltalaisten l\u00e4hteiden mukaan Valkoisen talon sis\u00e4ll\u00e4 \u201dvarjo-operaatiota\u201d, jossa h\u00e4n pyrkii syrj\u00e4ytt\u00e4m\u00e4\u00e4n Ukrainaan my\u00f6nteisesti suhtautuvat viranomaiset rauhanprosessista. L\u00e4hteiden mukaan kyse on laajemmasta operaatiosta, jossa on mukana my\u00f6s Dmitrijev.<\/p>\n<p class=\"article-body mb-nof-24 px-nof-16\">Lehden mukaan Ukrainan presidentinhallinnon l\u00e4hde kertoi jo aiemmin, ett\u00e4 Witkoff \u201dty\u00f6st\u00e4\u00e4 rauhansuunnitelmaa\u201d suorassa koordinaatiossa Dmitrijevin kanssa.<\/p>\n<p class=\"article-body mb-nof-24 px-nof-16\">\u2013 H\u00e4n on tehnyt sit\u00e4 kuukausien ajan, l\u00e4hde kertoi.<\/p>\n<p class=\"article-body mb-nof-24 px-nof-16\">Valkoisen talon viestinn\u00e4ss\u00e4 ty\u00f6skentelee l\u00e4hteiden mukaan henkil\u00f6, jota pidet\u00e4\u00e4n \u201dyhten\u00e4 Witkoffin ihmisist\u00e4\u201d. H\u00e4nen teht\u00e4v\u00e4ns\u00e4 v\u00e4itettiin olevan Witkoffin ja t\u00e4m\u00e4n \u201dVen\u00e4j\u00e4-yst\u00e4v\u00e4llisten\u201d n\u00e4k\u00f6kantojen sy\u00f6tt\u00e4minen medialle.<\/p>\n<p class=\"article-body mb-nof-24 px-nof-16\">L\u00e4hteiden mukaan Valkoisessa talossa ovat k\u00e4yneet kuukausien ajan kamppailua klikit, jotka yritt\u00e4v\u00e4t esitt\u00e4\u00e4 omaa versiotaan asioista hallinnon virallisena linjana. L\u00e4hteet arvioivat my\u00f6s, ett\u00e4 Witkoffin \u201drauhann\u00e4kemys\u201d n\u00e4ytt\u00e4\u00e4 t\u00e4ll\u00e4 hetkell\u00e4 voittaneen.<\/p>\n<p><img decoding=\"async\" src=\"https:\/\/www.europesays.com\/fi\/wp-content\/uploads\/2025\/11\/1764444970_333_468.jpg\" alt=\"Steve Witkoffin ja Trumpin yst\u00e4vyys ulottuu 1980-luvulle saakka.\" class=\"_Img_1rerz_1\" style=\"aspect-ratio:1.5\" loading=\"eager\"\/><\/p>\n<p class=\"article-picture-caption\">Steve Witkoffin ja Trumpin yst\u00e4vyys ulottuu 1980-luvulle saakka. Kuva:\u00a0Al Drago \/ CNP \/ ZUMA \/ MVPhotos<\/p>\n<p class=\"article-body mb-nof-24 px-nof-16\">Toisella puolella n\u00e4ytt\u00e4\u00e4 olevan ainakin ulkoministeri <a class=\"article-personlink\" href=\"https:\/\/www.is.fi\/haku\/?query=Marco%20Rubio\" rel=\"nofollow noopener\" target=\"_blank\">Marco Rubio<\/a>, jonka osuudesta rauhanluonnoksen synnyss\u00e4 on liikkunut ristiriitaisia tietoja. Useiden l\u00e4hteiden mukaan Rubio ei ollut mukana suunnitelman laatimisessa, ja h\u00e4nelle my\u00f6s kerrottiin siit\u00e4 vasta my\u00f6h\u00e4isess\u00e4 vaiheessa.<\/p>\n<p class=\"article-body mb-nof-24 px-nof-16\">Viime viikolla joukko senaattoreita v\u00e4itti Rubion sanoneen heille, ett\u00e4 kyseess\u00e4 oli \u201dVen\u00e4j\u00e4n toivelista\u201d eik\u00e4 varsinainen rauhanehdotus. Seuraavana p\u00e4iv\u00e4n\u00e4 Rubio kiiruhti ilmoittamaan, ett\u00e4 kyseess\u00e4 oli \u201damerikkalainen suunnitelma\u201d.<\/p>\n<p class=\"article-body mb-nof-24 px-nof-16\">Valkoisen talon tiedottaja <a class=\"article-personlink\" href=\"https:\/\/www.is.fi\/haku\/?query=Karoline%20Leavitt\" rel=\"nofollow noopener\" target=\"_blank\">Karoline Leavitt<\/a> v\u00e4itti kuitenkin perjantaina, ett\u00e4 Rubio olisi ty\u00f6st\u00e4nyt suunnitelmaa yhdess\u00e4 Witkoffin kanssa noin kuukauden ajan.<\/p>\n<p class=\"article-body mb-nof-24 px-nof-16\">Kyiv Independentin yhdysvaltalaisen viranomaisl\u00e4hteen mukaan suunnitelmalla on ollut varapresidentti <a class=\"article-personlink\" href=\"https:\/\/www.is.fi\/haku\/?query=J.D.%20Vancen\" rel=\"nofollow noopener\" target=\"_blank\">J.D. Vancen<\/a> tuki, mutta muut hallinnon viranomaiset suljettiin sen ulkopuolelle.<\/p>\n<p class=\"article-body mb-nof-24 px-nof-16\">Lue lis\u00e4\u00e4: <a class=\"article-genericlink\" href=\"https:\/\/www.is.fi\/ulkomaat\/art-2000011652986.html\" rel=\"nofollow noopener\" target=\"_blank\">T\u00e4m\u00e4n takia rauhansuunnitelma ei kiinnosta Ven\u00e4j\u00e4\u00e4<\/a><\/p>\n<p class=\"article-body mb-nof-24 px-nof-16\">Rauhanprosessista on joutunut jo pidemm\u00e4n aikaa sitten sivuun <a class=\"article-personlink\" href=\"https:\/\/www.is.fi\/haku\/?query=Keith%20Kellogg\" rel=\"nofollow noopener\" target=\"_blank\">Keith Kellogg<\/a>, jonka Trump alun perin nimitti Ukrainan-erityisl\u00e4hettil\u00e4\u00e4kseen. Tammikuussa hallinnon j\u00e4tt\u00e4v\u00e4n Kelloggin on v\u00e4itetty olleen Kremlin mielest\u00e4 liian Ukraina-my\u00f6nteinen.<\/p>\n<p class=\"article-body mb-nof-24 px-nof-16\">Diplomaattisen protokollan reissuillaan ohittava Witkoff on tavannut Putinin ainakin viisi kertaa t\u00e4m\u00e4n vuoden kuluessa Ven\u00e4j\u00e4ll\u00e4. Matkojen j\u00e4lkeen Trump on usein ylist\u00e4nyt niill\u00e4 \u201dsaavutettua edistyst\u00e4\u201d.<\/p>\n<p class=\"article-body mb-nof-24 px-nof-16\">Samalla rauhanprosessi on vaikuttanut kallistuvan Ven\u00e4j\u00e4n kannalta suotuisammaksi, kun Witkoff on kotimaahan palattuaan toistanut sen n\u00e4kemyksi\u00e4 haastatteluissa. Toisaalta prosessin suunta on usein my\u00f6hemmin k\u00e4\u00e4ntynyt ainakin p\u00e4\u00e4llisin puolin, kun ukrainalaiset ja Euroopan johtajat ovat p\u00e4\u00e4sseet painottamaan omia n\u00e4kemyksi\u00e4\u00e4n Trumpille.<\/p>\n<p class=\"article-body mb-nof-24 px-nof-16\">Kyiv Independentin mukaan Witkoff on tavannut joka kerta Ven\u00e4j\u00e4ll\u00e4 k\u00e4ydess\u00e4\u00e4n my\u00f6s Dmitrijevi\u00e4 ep\u00e4muodollisissa merkeiss\u00e4. Esimerkiksi elokuussa Ven\u00e4j\u00e4n valtionmedia raportoi kaksikon k\u00e4yskentelyst\u00e4 Moskovan keskustassa sijaitsevassa Zarjadje-puistossa.<\/p>\n<p class=\"article-body mb-nof-24 px-nof-16\">Ukrainan ja sen eurooppalaisten liittolaisten n\u00e4k\u00f6kulmasta Witkoffin keskeinen asema Trumpin rauhanponnisteluissa on huolestuttava. Reutersille sunnuntaina puhuneiden l\u00e4hteiden mukaan huolensa Witkoffin, Kushnerin ja Dmitrijevin tapaamisesta Miamissa ovat ilmaisseet my\u00f6s useat Yhdysvaltain viranomaiset ja kongressiedustajat.<\/p>\n<p><img decoding=\"async\" src=\"https:\/\/www.europesays.com\/fi\/wp-content\/uploads\/2025\/11\/1764444971_647_468.jpg\" alt=\"Ukrainan presidentinhallinnon johtaja Andri Jermak ja Yhdysvaltain ulkoministeri Marco Rubio kehuivat viikonloppuna Genevess\u00e4 neuvottelujen etenemist\u00e4. Zelenskyi sanoi my\u00f6hemmin, ett\u00e4 Ukraina tunsi tulleensa kuulluksi Sveitsiss\u00e4.\" class=\"_Img_1rerz_1\" style=\"aspect-ratio:1.4045354791514264\" loading=\"eager\"\/><\/p>\n<p class=\"article-picture-caption\">Ukrainan presidentinhallinnon johtaja Andri Jermak ja Yhdysvaltain ulkoministeri Marco Rubio kehuivat viikonloppuna Genevess\u00e4 neuvottelujen etenemist\u00e4. Zelenskyi sanoi my\u00f6hemmin, ett\u00e4 Ukraina tunsi tulleensa kuulluksi Sveitsiss\u00e4. Kuva:\u00a0Lian Yi \/ Xinhua \/ ZUMA \/ MVPhotos<\/p>\n<p class=\"article-body mb-nof-24 px-nof-16\">Viime viikonloppuna suunnitelmasta neuvoteltiin Rubion johdolla Sveitsin Genevess\u00e4. Intensiivisiksi kuvatuissa neuvotteluissa suunnitelma kutistui 19-kohtaiseksi, ja sek\u00e4 Rubio ett\u00e4 ukrainalaiset kehuivat prosessin etenemist\u00e4.<\/p>\n<p class=\"article-body mb-nof-24 px-nof-16\">Mukana Genevess\u00e4 olivat my\u00f6s Witkoff ja Kushner, jotka eiv\u00e4t kommentoineet julkisuuteen neuvottelujen kulkua tai tuloksia. Hieman my\u00f6hemmin julkisuuteen tuli tieto Witkoffin tulevasta Ven\u00e4j\u00e4n-matkasta.<\/p>\n<p class=\"article-body mb-nof-24 px-nof-16\">Putin tyrm\u00e4si torstaina v\u00e4itteet, joiden mukaan Witkoff olisi osoittanut puolueellisuutta Ukrainan sodan lopettamista koskevissa neuvotteluissa.<\/p>\n<p class=\"article-body mb-nof-24 px-nof-16\">\u2013 T\u00e4m\u00e4 on h\u00f6lynp\u00f6ly\u00e4, Putin sanoi Reutersin mukaan.<\/p>\n<p class=\"article-body mb-nof-24 px-nof-16\">Putin kuvaili Witkoffia toimittajille \u201dkotimaansa intressej\u00e4 puolustavaksi Yhdysvaltain kansalaiseksi\u201d.<\/p>\n<p class=\"article-body mb-nof-24 px-nof-16\">Trump kommentoi Bloombergin uutisoimaa puhelinkeskustelua keskiviikkona sanomalla, ett\u00e4 kyse on \u201dperusjutusta\u201d Witkoffin toimenkuvassa.<\/p>\n<p class=\"article-body mb-nof-24 px-nof-16\">\u2013\u2009H\u00e4nen on myyt\u00e4v\u00e4 t\u00e4m\u00e4 Ukrainalle. H\u00e4nen on myyt\u00e4v\u00e4 Ukraina Ven\u00e4j\u00e4lle. Sit\u00e4 diilintekij\u00e4 tekee, Trump sanoi <a class=\"article-genericlink\" href=\"https:\/\/www.pravda.com.ua\/news\/2025\/11\/26\/8009009\/\" rel=\"nofollow noopener\" target=\"_blank\">Ukrainan Pravdan<\/a> mukaan.<\/p>\n","protected":false},"excerpt":{"rendered":"Yhdysvaltain erityisl\u00e4hettil\u00e4st\u00e4 on syytetty naiiviudesta ja kokemattomuudesta. V\u00e4hemm\u00e4lle huomiolle ovat j\u00e4\u00e4neet h\u00e4nen henkil\u00f6kohtaiset Ven\u00e4j\u00e4-kytkyns\u00e4. Lue tiivistelm\u00e4 Tiivistelm\u00e4 on&hellip;\n","protected":false},"author":2,"featured_media":103397,"comment_status":"","ping_status":"","sticky":false,"template":"","format":"standard","meta":{"footnotes":""},"categories":[14],"tags":[22,23,26,27,33,31,30,17,34,24,25,28,29,15,18,21,32,19,20,56,16,59,60,61],"class_list":{"0":"post-103396","1":"post","2":"type-post","3":"status-publish","4":"format-standard","5":"has-post-thumbnail","7":"category-ulkomaat","8":"tag-breaking-news","9":"tag-breakingnews","10":"tag-featured-news","11":"tag-featurednews","12":"tag-fi","13":"tag-finland","14":"tag-finnish","15":"tag-headlines","16":"tag-ilta-sanomat","17":"tag-latest-news","18":"tag-latestnews","19":"tag-main-news","20":"tag-mainnews","21":"tag-news","22":"tag-otsikot","23":"tag-paauutiset","24":"tag-suomi","25":"tag-top-stories","26":"tag-topstories","27":"tag-ulkomaat","28":"tag-uutiset","29":"tag-world","30":"tag-world-news","31":"tag-worldnews"},"share_on_mastodon":{"url":"https:\/\/pubeurope.com\/@fi\/115634673139776428","error":""},"_links":{"self":[{"href":"https:\/\/www.europesays.com\/fi\/wp-json\/wp\/v2\/posts\/103396","targetHints":{"allow":["GET"]}}],"collection":[{"href":"https:\/\/www.europesays.com\/fi\/wp-json\/wp\/v2\/posts"}],"about":[{"href":"https:\/\/www.europesays.com\/fi\/wp-json\/wp\/v2\/types\/post"}],"author":[{"embeddable":true,"href":"https:\/\/www.europesays.com\/fi\/wp-json\/wp\/v2\/users\/2"}],"replies":[{"embeddable":true,"href":"https:\/\/www.europesays.com\/fi\/wp-json\/wp\/v2\/comments?post=103396"}],"version-history":[{"count":0,"href":"https:\/\/www.europesays.com\/fi\/wp-json\/wp\/v2\/posts\/103396\/revisions"}],"wp:featuredmedia":[{"embeddable":true,"href":"https:\/\/www.europesays.com\/fi\/wp-json\/wp\/v2\/media\/103397"}],"wp:attachment":[{"href":"https:\/\/www.europesays.com\/fi\/wp-json\/wp\/v2\/media?parent=103396"}],"wp:term":[{"taxonomy":"category","embeddable":true,"href":"https:\/\/www.europesays.com\/fi\/wp-json\/wp\/v2\/categories?post=103396"},{"taxonomy":"post_tag","embeddable":true,"href":"https:\/\/www.europesays.com\/fi\/wp-json\/wp\/v2\/tags?post=103396"}],"curies":[{"name":"wp","href":"https:\/\/api.w.org\/{rel}","templated":true}]}}