{"id":103398,"date":"2025-11-29T19:37:09","date_gmt":"2025-11-29T19:37:09","guid":{"rendered":"https:\/\/www.europesays.com\/fi\/103398\/"},"modified":"2025-11-29T19:37:09","modified_gmt":"2025-11-29T19:37:09","slug":"maavoimien-harjoitukseen-osallistunut-panssaroitu-kuorma-auto-suistui-tielta-huittisissa-kyydissa-kaksi-varusmiesta-uutisia-lyhyesti","status":"publish","type":"post","link":"https:\/\/www.europesays.com\/fi\/103398\/","title":{"rendered":"Maavoimien harjoitukseen osallistunut panssaroitu kuorma-auto suistui tielt\u00e4 Huittisissa, kyydiss\u00e4 kaksi varusmiest\u00e4 | Uutisia lyhyesti"},"content":{"rendered":"<p class=\"aw-1gybjub aw-5vja16 kEtdKx kmuxyA yle__article__paragraph\">Kuorma-auto oli matkalla S\u00e4kyl\u00e4st\u00e4 Lively Sentry 25 -harjoitukseen. Onnettomuudessa ei sattunut vakavia henkil\u00f6vahinkoja. <\/p>\n<p class=\"aw-1gybjub aw-1p7kakr kEtdKx cEmitX yle__article__paragraph\">Puolustusvoimien \u201dEemeli\u201d eli panssaroitu E11 kuorma-auto suistui lauantai-iltana kuuden aikaan ojaan Huittisissa.<\/p>\n<p class=\"aw-1gybjub aw-1p7kakr kEtdKx cEmitX yle__article__paragraph\">Kuorma-auto oli matkalla S\u00e4kyl\u00e4st\u00e4 Lively Sentry 25 -harjoitukseen, ja kyydiss\u00e4 oli kaksi varusmiest\u00e4.<\/p>\n<p class=\"aw-1gybjub aw-1p7kakr kEtdKx cEmitX yle__article__paragraph\">Onnettomuudessa ei sattunut vakavia henkil\u00f6vahinkoja. Toinen varusmiehist\u00e4 valitti kipua k\u00e4dess\u00e4\u00e4n ja h\u00e4net toimitettiin tarkastettavaksi S\u00e4kyl\u00e4n varuskunnan terveysasemalle<\/p>\n<p class=\"aw-1gybjub aw-1p7kakr kEtdKx cEmitX yle__article__paragraph\">Harjoitukseen osallistuu joukkoja kaikista Maavoimien etel\u00e4isen Suomen joukko-osastoista, harjoitus loppuu 30. marraskuuta.<\/p>\n<p class=\"aw-1gybjub aw-1p7kakr kEtdKx cEmitX yle__article__paragraph\">Tilanne voi aiheuttaa launtai-iltana hetkitt\u00e4ist\u00e4 liikenneh\u00e4iri\u00f6t\u00e4 Korvenkyl\u00e4ntiell\u00e4 Huittisissa.<\/p>\n","protected":false},"excerpt":{"rendered":"Kuorma-auto oli matkalla S\u00e4kyl\u00e4st\u00e4 Lively Sentry 25 -harjoitukseen. Onnettomuudessa ei sattunut vakavia henkil\u00f6vahinkoja. Puolustusvoimien \u201dEemeli\u201d eli panssaroitu E11&hellip;\n","protected":false},"author":2,"featured_media":74,"comment_status":"","ping_status":"","sticky":false,"template":"","format":"standard","meta":{"footnotes":""},"categories":[12],"tags":[22,23,26,27,33,31,30,17,71,24,25,28,29,15,837,18,21,4097,12337,32,19,20,16,9226],"class_list":{"0":"post-103398","1":"post","2":"type-post","3":"status-publish","4":"format-standard","5":"has-post-thumbnail","7":"category-suomi","8":"tag-breaking-news","9":"tag-breakingnews","10":"tag-featured-news","11":"tag-featurednews","12":"tag-fi","13":"tag-finland","14":"tag-finnish","15":"tag-headlines","16":"tag-kotimaa","17":"tag-latest-news","18":"tag-latestnews","19":"tag-main-news","20":"tag-mainnews","21":"tag-news","22":"tag-onnettomuudet","23":"tag-otsikot","24":"tag-paauutiset","25":"tag-puolustusvoimat","26":"tag-sakyla","27":"tag-suomi","28":"tag-top-stories","29":"tag-topstories","30":"tag-uutiset","31":"tag-varusmiehet"},"share_on_mastodon":{"url":"https:\/\/pubeurope.com\/@fi\/115634677056576392","error":""},"_links":{"self":[{"href":"https:\/\/www.europesays.com\/fi\/wp-json\/wp\/v2\/posts\/103398","targetHints":{"allow":["GET"]}}],"collection":[{"href":"https:\/\/www.europesays.com\/fi\/wp-json\/wp\/v2\/posts"}],"about":[{"href":"https:\/\/www.europesays.com\/fi\/wp-json\/wp\/v2\/types\/post"}],"author":[{"embeddable":true,"href":"https:\/\/www.europesays.com\/fi\/wp-json\/wp\/v2\/users\/2"}],"replies":[{"embeddable":true,"href":"https:\/\/www.europesays.com\/fi\/wp-json\/wp\/v2\/comments?post=103398"}],"version-history":[{"count":0,"href":"https:\/\/www.europesays.com\/fi\/wp-json\/wp\/v2\/posts\/103398\/revisions"}],"wp:featuredmedia":[{"embeddable":true,"href":"https:\/\/www.europesays.com\/fi\/wp-json\/wp\/v2\/media\/74"}],"wp:attachment":[{"href":"https:\/\/www.europesays.com\/fi\/wp-json\/wp\/v2\/media?parent=103398"}],"wp:term":[{"taxonomy":"category","embeddable":true,"href":"https:\/\/www.europesays.com\/fi\/wp-json\/wp\/v2\/categories?post=103398"},{"taxonomy":"post_tag","embeddable":true,"href":"https:\/\/www.europesays.com\/fi\/wp-json\/wp\/v2\/tags?post=103398"}],"curies":[{"name":"wp","href":"https:\/\/api.w.org\/{rel}","templated":true}]}}