{"id":103411,"date":"2025-11-29T20:02:10","date_gmt":"2025-11-29T20:02:10","guid":{"rendered":"https:\/\/www.europesays.com\/fi\/103411\/"},"modified":"2025-11-29T20:02:10","modified_gmt":"2025-11-29T20:02:10","slug":"kuopion-musiikkikeskuksen-uusi-johtaja-johtajuus-ei-onneksi-ole-sita-etta-tekee-kaiken-yksin-savon-sanomat","status":"publish","type":"post","link":"https:\/\/www.europesays.com\/fi\/103411\/","title":{"rendered":"Kuopion musiikkikeskuksen uusi johtaja: &quot;Johtajuus ei onneksi ole sit\u00e4, ett\u00e4 tekee kaiken yksin&quot; &#8211; Savon Sanomat"},"content":{"rendered":"<ol>\n<li><a href=\"https:\/\/news.google.com\/rss\/articles\/CBMiW0FVX3lxTE5zR3VMYjNXQzJkSTBxZUVJX2Q1WmZJalRpYWtZY1pMc1JqZUs5cWhoZHF1ZzRzbXNWTmx1eEJXc2dPUXpCMGhTUl9DZ2VNdjN3d2hGM25sQ2dvd3c?oc=5\" target=\"_blank\" rel=\"nofollow noopener\">Kuopion musiikkikeskuksen uusi johtaja: &#8221;Johtajuus ei onneksi ole sit\u00e4, ett\u00e4 tekee kaiken yksin&#8221;<\/a>&nbsp;&nbsp;Savon Sanomat<\/li>\n<li><a href=\"https:\/\/news.google.com\/rss\/articles\/CBMiVkFVX3lxTE5id3g5Yk94M0RFaC12QmxDbWFWZ2lHd2QyLVpSX0NPcUtxU2trelpBam0tMjFHWHd1ei00M3VNNWRWeml4c3RsU1NxaGZrVXlmVmxhNS13?oc=5\" target=\"_blank\" rel=\"nofollow noopener\">IPK p\u00e4\u00e4tti urakoinnin voittoon<\/a>&nbsp;&nbsp;Savon Sanomat<\/li>\n<li><a href=\"https:\/\/news.google.com\/rss\/articles\/CBMiQkFVX3lxTE1EYmZ6SmNNV25xWE1RbWNJdG5ySzRNX0Z5b1ZEd3oyZFI5SnBrbnVYSUpLUGh0U0cyYTRKNXVveFIydw?oc=5\" target=\"_blank\" rel=\"nofollow noopener\">Helsingin kaupungin energiayhti\u00f6 Helen ostaa kuopiolaisen V\u00e4reen<\/a>&nbsp;&nbsp;Yle<\/li>\n<li><a href=\"https:\/\/news.google.com\/rss\/articles\/CBMidEFVX3lxTE9KUlByWWhOUnVDZ19pemgzbUMyNkdxRVFsRHRSc0xJVzJSd3ZoTkhTNlZaZDFjODljajN1VmNmcThPUnEzSmRKVElTRU9IS012YUtOdVRnQW9CSURvOFRyNVo3VGc0RUdCUVk1ZGFnNDVsQ1FV?oc=5\" target=\"_blank\" rel=\"nofollow noopener\">Yksi Suomen suurimmista s\u00e4hk\u00f6nmyyjist\u00e4 vaihtaa omistajaa<\/a>&nbsp;&nbsp;tivi.fi<\/li>\n<li><a href=\"https:\/\/news.google.com\/rss\/articles\/CBMiUEFVX3lxTE1DR19oZmpjeHp1ZjN5cjc2SjhhaldEcTVvajRFRGF1S2VEOVhQVUZuNzZPQklWTU1MVEhZZDcxQWR1ajI5SW96Ym5QcUsySXd5?oc=5\" target=\"_blank\" rel=\"nofollow noopener\">Jyv\u00e4skyl\u00e4l\u00e4isen Alvan osaomistama energiayhti\u00f6 V\u00e4re myyd\u00e4\u00e4n Helenille \u2013 ei vaikuta asiakkaiden sopimuksiin<\/a>&nbsp;&nbsp;Keskisuomalainen<\/li>\n<\/ol>\n","protected":false},"excerpt":{"rendered":"Kuopion musiikkikeskuksen uusi johtaja: &#8221;Johtajuus ei onneksi ole sit\u00e4, ett\u00e4 tekee kaiken yksin&#8221;&nbsp;&nbsp;Savon Sanomat IPK p\u00e4\u00e4tti urakoinnin voittoon&nbsp;&nbsp;Savon&hellip;\n","protected":false},"author":2,"featured_media":103412,"comment_status":"","ping_status":"","sticky":false,"template":"","format":"standard","meta":{"footnotes":""},"categories":[76],"tags":[79,77,400,33,31,30,104,19633,7648,1132,19632,32,485,78],"class_list":{"0":"post-103411","1":"post","2":"type-post","3":"status-publish","4":"format-standard","5":"has-post-thumbnail","7":"category-talous","8":"tag-business","9":"tag-economy","10":"tag-espoo","11":"tag-fi","12":"tag-finland","13":"tag-finnish","14":"tag-helsinki","15":"tag-johtaja","16":"tag-johtajuus","17":"tag-kuopio","18":"tag-kuopion-musiikkikeskus","19":"tag-suomi","20":"tag-taide-yleista","21":"tag-talous"},"share_on_mastodon":{"url":"https:\/\/pubeurope.com\/@fi\/115634775253984950","error":""},"_links":{"self":[{"href":"https:\/\/www.europesays.com\/fi\/wp-json\/wp\/v2\/posts\/103411","targetHints":{"allow":["GET"]}}],"collection":[{"href":"https:\/\/www.europesays.com\/fi\/wp-json\/wp\/v2\/posts"}],"about":[{"href":"https:\/\/www.europesays.com\/fi\/wp-json\/wp\/v2\/types\/post"}],"author":[{"embeddable":true,"href":"https:\/\/www.europesays.com\/fi\/wp-json\/wp\/v2\/users\/2"}],"replies":[{"embeddable":true,"href":"https:\/\/www.europesays.com\/fi\/wp-json\/wp\/v2\/comments?post=103411"}],"version-history":[{"count":0,"href":"https:\/\/www.europesays.com\/fi\/wp-json\/wp\/v2\/posts\/103411\/revisions"}],"wp:featuredmedia":[{"embeddable":true,"href":"https:\/\/www.europesays.com\/fi\/wp-json\/wp\/v2\/media\/103412"}],"wp:attachment":[{"href":"https:\/\/www.europesays.com\/fi\/wp-json\/wp\/v2\/media?parent=103411"}],"wp:term":[{"taxonomy":"category","embeddable":true,"href":"https:\/\/www.europesays.com\/fi\/wp-json\/wp\/v2\/categories?post=103411"},{"taxonomy":"post_tag","embeddable":true,"href":"https:\/\/www.europesays.com\/fi\/wp-json\/wp\/v2\/tags?post=103411"}],"curies":[{"name":"wp","href":"https:\/\/api.w.org\/{rel}","templated":true}]}}