{"id":103413,"date":"2025-11-29T20:03:08","date_gmt":"2025-11-29T20:03:08","guid":{"rendered":"https:\/\/www.europesays.com\/fi\/103413\/"},"modified":"2025-11-29T20:03:08","modified_gmt":"2025-11-29T20:03:08","slug":"venezuelan-vastaus-trumpille-vihamielista-uutisia-lyhyesti","status":"publish","type":"post","link":"https:\/\/www.europesays.com\/fi\/103413\/","title":{"rendered":"Venezuelan vastaus Trumpille: Vihamielist\u00e4 | Uutisia lyhyesti"},"content":{"rendered":"<p class=\"aw-1gybjub aw-5vja16 kEtdKx kmuxyA yle__article__paragraph\">Venezuelan hallitus vaatii, ett\u00e4 maan ilmatilaa kunnioitetaan. Se sanoo, ettei hyv\u00e4ksy ulkomaisia m\u00e4\u00e4r\u00e4yksi\u00e4 tai uhkauksia. <\/p>\n<p>21:09\u2022P\u00e4ivitetty 21:22<\/p>\n<p class=\"aw-1gybjub aw-1p7kakr kEtdKx cEmitX yle__article__paragraph\">Venezuelan hallitus pit\u00e4\u00e4 Yhdysvaltain presidentti <strong class=\"aw-ak79eh KyCXm yle__article__strong\">Donald Trumpin<\/strong> varoitusta Venezuelan ilmatilan sulkemisesta vihamielisen\u00e4, yksipuolisena ja mielivaltaisena viestin\u00e4.<\/p>\n<p class=\"aw-1gybjub aw-1p7kakr kEtdKx cEmitX yle__article__paragraph\"><a class=\"aw-iao6s4 iHOxEa yle__article__link\" href=\"https:\/\/yle.fi\/a\/74-20196944\" role=\"link\" rel=\"nofollow noopener\" target=\"_blank\">Trump kirjoitti<\/a> sosiaalisessa mediassa aiemmin lauantaina, ett\u00e4 Venezuelan ilmatilaa tulisi pit\u00e4\u00e4 kokonaan suljettuna.<\/p>\n<p class=\"aw-1gybjub aw-1p7kakr kEtdKx cEmitX yle__article__paragraph\">Venezuelan hallitus kutsui lauantaina julkaisemassaan lausunnossa Trumpin kommentteja kolonialistiseksi uhkaukseksi maan suvereniteettia vastaan ja totesi sen olevan ristiriidassa kansainv\u00e4lisen oikeuden kanssa.<\/p>\n<p class=\"aw-1gybjub aw-1p7kakr kEtdKx cEmitX yle__article__paragraph\">Hallitus vaatii, ett\u00e4 maan ilmatilaa kunnioitetaan. Hallitus sanoo, ettei se hyv\u00e4ksy ulkomaisia m\u00e4\u00e4r\u00e4yksi\u00e4 tai uhkauksia.<\/p>\n<p class=\"aw-1gybjub aw-1p7kakr kEtdKx cEmitX yle__article__paragraph\">Venezuelan ja Yhdysvaltojen suhteet ovat kiristyneet syyskuusta l\u00e4htien. Yhdysvallat on iskenyt Karibialla ja Tyynell\u00e4merell\u00e4 useisiin aluksiin, joita on Trumpin hallinnon mukaan k\u00e4ytetty huumeiden salakuljettamiseen.<\/p>\n<p class=\"aw-1gybjub aw-1p7kakr kEtdKx cEmitX yle__article__paragraph\">Trump on my\u00f6s sanonut, ett\u00e4 Yhdysvallat aikoo aloittaa maaoperaatioita Venezuelassa v\u00e4itetyn salakuljetuksen kitkemiseksi.<\/p>\n<p class=\"aw-1gybjub aw-1p7kakr kEtdKx cEmitX yle__article__paragraph\">L\u00e4hde: Reuters<\/p>\n","protected":false},"excerpt":{"rendered":"Venezuelan hallitus vaatii, ett\u00e4 maan ilmatilaa kunnioitetaan. Se sanoo, ettei hyv\u00e4ksy ulkomaisia m\u00e4\u00e4r\u00e4yksi\u00e4 tai uhkauksia. 21:09\u2022P\u00e4ivitetty 21:22 Venezuelan&hellip;\n","protected":false},"author":2,"featured_media":74,"comment_status":"","ping_status":"","sticky":false,"template":"","format":"standard","meta":{"footnotes":""},"categories":[14],"tags":[22,23,585,26,27,33,31,30,17,11072,24,25,28,29,15,18,21,32,19,20,546,56,16,7605,59,60,61,619],"class_list":{"0":"post-103413","1":"post","2":"type-post","3":"status-publish","4":"format-standard","5":"has-post-thumbnail","7":"category-ulkomaat","8":"tag-breaking-news","9":"tag-breakingnews","10":"tag-donald-trump","11":"tag-featured-news","12":"tag-featurednews","13":"tag-fi","14":"tag-finland","15":"tag-finnish","16":"tag-headlines","17":"tag-ilmatila","18":"tag-latest-news","19":"tag-latestnews","20":"tag-main-news","21":"tag-mainnews","22":"tag-news","23":"tag-otsikot","24":"tag-paauutiset","25":"tag-suomi","26":"tag-top-stories","27":"tag-topstories","28":"tag-turvallisuus","29":"tag-ulkomaat","30":"tag-uutiset","31":"tag-venezuela","32":"tag-world","33":"tag-world-news","34":"tag-worldnews","35":"tag-yhdysvallat"},"share_on_mastodon":{"url":"https:\/\/pubeurope.com\/@fi\/115634779187560833","error":""},"_links":{"self":[{"href":"https:\/\/www.europesays.com\/fi\/wp-json\/wp\/v2\/posts\/103413","targetHints":{"allow":["GET"]}}],"collection":[{"href":"https:\/\/www.europesays.com\/fi\/wp-json\/wp\/v2\/posts"}],"about":[{"href":"https:\/\/www.europesays.com\/fi\/wp-json\/wp\/v2\/types\/post"}],"author":[{"embeddable":true,"href":"https:\/\/www.europesays.com\/fi\/wp-json\/wp\/v2\/users\/2"}],"replies":[{"embeddable":true,"href":"https:\/\/www.europesays.com\/fi\/wp-json\/wp\/v2\/comments?post=103413"}],"version-history":[{"count":0,"href":"https:\/\/www.europesays.com\/fi\/wp-json\/wp\/v2\/posts\/103413\/revisions"}],"wp:featuredmedia":[{"embeddable":true,"href":"https:\/\/www.europesays.com\/fi\/wp-json\/wp\/v2\/media\/74"}],"wp:attachment":[{"href":"https:\/\/www.europesays.com\/fi\/wp-json\/wp\/v2\/media?parent=103413"}],"wp:term":[{"taxonomy":"category","embeddable":true,"href":"https:\/\/www.europesays.com\/fi\/wp-json\/wp\/v2\/categories?post=103413"},{"taxonomy":"post_tag","embeddable":true,"href":"https:\/\/www.europesays.com\/fi\/wp-json\/wp\/v2\/tags?post=103413"}],"curies":[{"name":"wp","href":"https:\/\/api.w.org\/{rel}","templated":true}]}}