{"id":103414,"date":"2025-11-29T20:04:08","date_gmt":"2025-11-29T20:04:08","guid":{"rendered":"https:\/\/www.europesays.com\/fi\/103414\/"},"modified":"2025-11-29T20:04:08","modified_gmt":"2025-11-29T20:04:08","slug":"minibussi-pyorahti-katon-kautta-syvennykseen-posiolla-toinen-suistui-ojaan-autoissa-13-turistia-uutissuomalainen","status":"publish","type":"post","link":"https:\/\/www.europesays.com\/fi\/103414\/","title":{"rendered":"Minibussi py\u00f6r\u00e4hti katon kautta syvennykseen Posiolla, toinen suistui ojaan \u2013 autoissa 13 turistia | Uutissuomalainen"},"content":{"rendered":"<p>Posiolla tapahtui lauantaina iltap\u00e4iv\u00e4ll\u00e4 kahden minibussin onnettomuus, jossa toinen py\u00f6r\u00e4hti katon kautta ymp\u00e4ri viiden metrin syvennykseen ja toinen suistui tielt\u00e4 ojaan.<\/p>\n<p>Ajoneuvoissa oli yhteens\u00e4 13 ulkomaalaista matkailijaa. Kukaan ei loukkaantunut onnettomuudessa vakavasti, mutta kolmen ihmisen kerrotaan tarvinneen ensihoidon toimenpiteit\u00e4.<\/p>\n<p>Pelastuslaitokselta kerrotaan STT:lle, ett\u00e4 minibusseissa oli kaksi eri seuruetta.<\/p>\n<p>Onnettomuus sattui Saukkovaarantiell\u00e4, joka johtaa Korouoman 30 kilometri\u00e4 pitk\u00e4lle rotkolaaksolle. Pelastuslaitokselta kerrotaan, ett\u00e4 alueella on paljon maastonmuotoja.<\/p>\n<p>Paikalle h\u00e4lytettiin yhteens\u00e4 12 pelastuslaitoksen, ensihoidon ja poliisin yksikk\u00f6\u00e4.<\/p>\n<p>Lapin poliisilaitos selvitt\u00e4\u00e4 onnettomuuteen johtaneita syit\u00e4.<\/p>\n","protected":false},"excerpt":{"rendered":"Posiolla tapahtui lauantaina iltap\u00e4iv\u00e4ll\u00e4 kahden minibussin onnettomuus, jossa toinen py\u00f6r\u00e4hti katon kautta ymp\u00e4ri viiden metrin syvennykseen ja toinen&hellip;\n","protected":false},"author":2,"featured_media":84357,"comment_status":"","ping_status":"","sticky":false,"template":"","format":"standard","meta":{"footnotes":""},"categories":[12],"tags":[22,23,26,27,33,31,30,17,2187,667,24,25,121,990,28,29,15,837,120,18,21,32,128,19,20,16],"class_list":{"0":"post-103414","1":"post","2":"type-post","3":"status-publish","4":"format-standard","5":"has-post-thumbnail","7":"category-suomi","8":"tag-breaking-news","9":"tag-breakingnews","10":"tag-featured-news","11":"tag-featurednews","12":"tag-fi","13":"tag-finland","14":"tag-finnish","15":"tag-headlines","16":"tag-kulkuneuvot","17":"tag-lappi","18":"tag-latest-news","19":"tag-latestnews","20":"tag-liikenne-ja-kuljetus","21":"tag-liikenneonnettomuudet","22":"tag-main-news","23":"tag-mainnews","24":"tag-news","25":"tag-onnettomuudet","26":"tag-onnettomuustapaus","27":"tag-otsikot","28":"tag-paauutiset","29":"tag-suomi","30":"tag-tieliikenne","31":"tag-top-stories","32":"tag-topstories","33":"tag-uutiset"},"share_on_mastodon":{"url":"https:\/\/pubeurope.com\/@fi\/115634783169349129","error":""},"_links":{"self":[{"href":"https:\/\/www.europesays.com\/fi\/wp-json\/wp\/v2\/posts\/103414","targetHints":{"allow":["GET"]}}],"collection":[{"href":"https:\/\/www.europesays.com\/fi\/wp-json\/wp\/v2\/posts"}],"about":[{"href":"https:\/\/www.europesays.com\/fi\/wp-json\/wp\/v2\/types\/post"}],"author":[{"embeddable":true,"href":"https:\/\/www.europesays.com\/fi\/wp-json\/wp\/v2\/users\/2"}],"replies":[{"embeddable":true,"href":"https:\/\/www.europesays.com\/fi\/wp-json\/wp\/v2\/comments?post=103414"}],"version-history":[{"count":0,"href":"https:\/\/www.europesays.com\/fi\/wp-json\/wp\/v2\/posts\/103414\/revisions"}],"wp:featuredmedia":[{"embeddable":true,"href":"https:\/\/www.europesays.com\/fi\/wp-json\/wp\/v2\/media\/84357"}],"wp:attachment":[{"href":"https:\/\/www.europesays.com\/fi\/wp-json\/wp\/v2\/media?parent=103414"}],"wp:term":[{"taxonomy":"category","embeddable":true,"href":"https:\/\/www.europesays.com\/fi\/wp-json\/wp\/v2\/categories?post=103414"},{"taxonomy":"post_tag","embeddable":true,"href":"https:\/\/www.europesays.com\/fi\/wp-json\/wp\/v2\/tags?post=103414"}],"curies":[{"name":"wp","href":"https:\/\/api.w.org\/{rel}","templated":true}]}}