{"id":103415,"date":"2025-11-29T20:05:11","date_gmt":"2025-11-29T20:05:11","guid":{"rendered":"https:\/\/www.europesays.com\/fi\/103415\/"},"modified":"2025-11-29T20:05:11","modified_gmt":"2025-11-29T20:05:11","slug":"sanna-marinilta-yllatyspaljastus-iastaan","status":"publish","type":"post","link":"https:\/\/www.europesays.com\/fi\/103415\/","title":{"rendered":"Sanna Marinilta yll\u00e4tyspaljastus i\u00e4st\u00e4\u00e4n"},"content":{"rendered":"<p>Sanna Marin on kertonut ihmisille jo pidemm\u00e4n aikaa olevansa 40-vuotias.<\/p>\n<p><img decoding=\"async\" class=\"image image-show image-preview\" src=\"https:\/\/www.europesays.com\/fi\/wp-content\/uploads\/2025\/11\/7becded04ea7b8ff56cdaaa1c0ee07bd34abeb279caa2cba1fb631eaeba34178.jpg\" alt=\"\"\/><img decoding=\"async\" class=\"image image-show\" src=\"https:\/\/www.europesays.com\/fi\/wp-content\/uploads\/2025\/11\/1762977674_429_7becded04ea7b8ff56cdaaa1c0ee07bd34abeb279caa2cba1fb631eaeba34178.jpg\" alt=\"\"\/><\/p>\n<p>Sanna Marin antoi haastattelun SVT:lle. Arkistokuva. MATTI MATIKAINEN<\/p>\n<p class=\"paragraph\">Suomen entinen p\u00e4\u00e4ministeri <a href=\"https:\/\/www.iltalehti.fi\/henkilot\/Sanna Marin\" class=\"article-link-person-page\" rel=\"nofollow noopener\" target=\"_blank\">Sanna Marin<\/a> (sd) vieraili perjantaina Ruotsin yleisradio SVT:n <a href=\"https:\/\/www.svtplay.se\/video\/eQrz7Qk\/carina-bergfeldt\/carl-bildt-sarah-sjostrom-jireel-och-sanna-marin?video=visa&amp;position=2228\" target=\"_blank\" rel=\"noopener nofollow\">keskusteluohjelmassa<\/a>.<\/p>\n<p class=\"paragraph\">Toimittaja <strong>Carina Bergfeldt<\/strong> onnitteli haastattelun alkuvaiheessa kirjakiertueella olevaa Marinia, joka t\u00e4ytti 16. marraskuuta 40 vuotta.<\/p>\n<p class=\"paragraph\">Kiitetty\u00e4\u00e4n onnitteluista Marin kertoi mielenkiintoisen seikan ik\u00e4\u00e4ns\u00e4 liittyen.<\/p>\n<p class=\"paragraph\">\u2013 Olen itse asiassa jo viime vuoden ajan kertonut ihmisille, ett\u00e4 olen 40-vuotias, Marin sanoi haastattelussa.<\/p>\n<p class=\"paragraph\">\u2013 Olen ehk\u00e4 odottanut sit\u00e4 niin kauan, ett\u00e4 olen jo vain kertonut kaikille menneen vuoden ajan olevani 40, h\u00e4n jatkoi.<\/p>\n<p>\u201dMe tied\u00e4mme\u201d<\/p>\n<p class=\"paragraph\">Marin paljasti haastattelun aikana my\u00f6s, ettei ole luonnostaan sosiaalisesti lahjakas. Niin sanottu small talk eli rupattelu tuotti h\u00e4nelle aiemmin vaikeuksia.<\/p>\n<p class=\"paragraph\">\u2013 Nyt olen parempi, mutta aluksi olin todella huono siin\u00e4 (rupattelussa). Olen aina ollut vakavamielinen, vaikka tied\u00e4n my\u00f6s, miten pit\u00e4\u00e4 hauskaa, Marin sanoi ja mainitsi esimerkeiksi tanssimisen ja laulamisen yst\u00e4vien kanssa.<\/p>\n<p class=\"paragraph\">\u2013 Me tied\u00e4mme, toimittaja kuittasi saaden yleis\u00f6n naurahtamaan.<\/p>\n<p class=\"paragraph\">Ohjelmassa keskusteltiin my\u00f6s muun muassa Marinin lapsuudesta, p\u00e4\u00e4ministerikaudesta, Ven\u00e4j\u00e4n hy\u00f6kk\u00e4yksest\u00e4 Ukrainaan sek\u00e4 suomalaisten maanpuolustushalukkuudesta suhteessa Ruotsiin.<\/p>\n<p class=\"paragraph\">Vieraina ohjelmassa olivat Marinin lis\u00e4ksi Ruotsin entinen p\u00e4\u00e4ministeri <strong>Carl Bildt<\/strong>, rap-artisti <strong>Jireel<\/strong> sek\u00e4 uimari <strong>Sarah Sj\u00f6str\u00f6m<\/strong>.<\/p>\n","protected":false},"excerpt":{"rendered":"Sanna Marin on kertonut ihmisille jo pidemm\u00e4n aikaa olevansa 40-vuotias. Sanna Marin antoi haastattelun SVT:lle. Arkistokuva. MATTI MATIKAINEN&hellip;\n","protected":false},"author":2,"featured_media":103416,"comment_status":"","ping_status":"","sticky":false,"template":"","format":"standard","meta":{"footnotes":""},"categories":[5],"tags":[35,22,23,26,27,33,31,30,17,24,25,28,29,15,18,21,142,637,888,885,887,32,19,20,16],"class_list":{"0":"post-103415","1":"post","2":"type-post","3":"status-publish","4":"format-standard","5":"has-post-thumbnail","7":"category-otsikot","8":"tag-24h","9":"tag-breaking-news","10":"tag-breakingnews","11":"tag-featured-news","12":"tag-featurednews","13":"tag-fi","14":"tag-finland","15":"tag-finnish","16":"tag-headlines","17":"tag-latest-news","18":"tag-latestnews","19":"tag-main-news","20":"tag-mainnews","21":"tag-news","22":"tag-otsikot","23":"tag-paauutiset","24":"tag-poliitikot","25":"tag-politiikka","26":"tag-suomalaiset-poliitikot","27":"tag-suomen-poliittiset-puolueet","28":"tag-suomen-politiikka","29":"tag-suomi","30":"tag-top-stories","31":"tag-topstories","32":"tag-uutiset"},"share_on_mastodon":{"url":"https:\/\/pubeurope.com\/@fi\/115634787274098761","error":""},"_links":{"self":[{"href":"https:\/\/www.europesays.com\/fi\/wp-json\/wp\/v2\/posts\/103415","targetHints":{"allow":["GET"]}}],"collection":[{"href":"https:\/\/www.europesays.com\/fi\/wp-json\/wp\/v2\/posts"}],"about":[{"href":"https:\/\/www.europesays.com\/fi\/wp-json\/wp\/v2\/types\/post"}],"author":[{"embeddable":true,"href":"https:\/\/www.europesays.com\/fi\/wp-json\/wp\/v2\/users\/2"}],"replies":[{"embeddable":true,"href":"https:\/\/www.europesays.com\/fi\/wp-json\/wp\/v2\/comments?post=103415"}],"version-history":[{"count":0,"href":"https:\/\/www.europesays.com\/fi\/wp-json\/wp\/v2\/posts\/103415\/revisions"}],"wp:featuredmedia":[{"embeddable":true,"href":"https:\/\/www.europesays.com\/fi\/wp-json\/wp\/v2\/media\/103416"}],"wp:attachment":[{"href":"https:\/\/www.europesays.com\/fi\/wp-json\/wp\/v2\/media?parent=103415"}],"wp:term":[{"taxonomy":"category","embeddable":true,"href":"https:\/\/www.europesays.com\/fi\/wp-json\/wp\/v2\/categories?post=103415"},{"taxonomy":"post_tag","embeddable":true,"href":"https:\/\/www.europesays.com\/fi\/wp-json\/wp\/v2\/tags?post=103415"}],"curies":[{"name":"wp","href":"https:\/\/api.w.org\/{rel}","templated":true}]}}