{"id":103417,"date":"2025-11-29T20:17:11","date_gmt":"2025-11-29T20:17:11","guid":{"rendered":"https:\/\/www.europesays.com\/fi\/103417\/"},"modified":"2025-11-29T20:17:11","modified_gmt":"2025-11-29T20:17:11","slug":"saattovaki-kunnioitti-olga-temosen-toivetta-varikkaasta-pukeutumisesta-siunaustilaisuudessa-iitin-kirkossa-paikalliset","status":"publish","type":"post","link":"https:\/\/www.europesays.com\/fi\/103417\/","title":{"rendered":"Saattov\u00e4ki kunnioitti Olga Temosen toivetta v\u00e4rikk\u00e4\u00e4st\u00e4 pukeutumisesta siunaustilaisuudessa Iitin kirkossa | Paikalliset"},"content":{"rendered":"<p>N\u00e4yttelij\u00e4 ja yritt\u00e4j\u00e4 <strong>Olga Temosen<\/strong> siunaustilaisuus j\u00e4rjestettiin lauantaina iltap\u00e4iv\u00e4ll\u00e4 Iitin kirkossa. 47-vuotias Temonen kuoli aivosy\u00f6p\u00e4\u00e4n 17. marraskuuta. Temosen toiveena oli, ett\u00e4 hautajaisvieraat pukeutuisivat v\u00e4rikk\u00e4\u00e4sti, ja moni vieraista saapuikin tilaisuuteen kirkkaissa v\u00e4reiss\u00e4 ja kuoseissa.<\/p>\n","protected":false},"excerpt":{"rendered":"N\u00e4yttelij\u00e4 ja yritt\u00e4j\u00e4 Olga Temosen siunaustilaisuus j\u00e4rjestettiin lauantaina iltap\u00e4iv\u00e4ll\u00e4 Iitin kirkossa. 47-vuotias Temonen kuoli aivosy\u00f6p\u00e4\u00e4n 17. marraskuuta. Temosen&hellip;\n","protected":false},"author":2,"featured_media":103418,"comment_status":"","ping_status":"","sticky":false,"template":"","format":"standard","meta":{"footnotes":""},"categories":[136],"tags":[407,137,33,31,30,3958,4173,408,18671,32,109],"class_list":{"0":"post-103417","1":"post","2":"type-post","3":"status-publish","4":"format-standard","5":"has-post-thumbnail","7":"category-julkkikset","8":"tag-celebrities","9":"tag-entertainment","10":"tag-fi","11":"tag-finland","12":"tag-finnish","13":"tag-hautajaiset","14":"tag-iitti","15":"tag-julkkikset","16":"tag-siunaustilaisuus","17":"tag-suomi","18":"tag-viihde"},"share_on_mastodon":{"url":"https:\/\/pubeurope.com\/@fi\/115634834195604758","error":""},"_links":{"self":[{"href":"https:\/\/www.europesays.com\/fi\/wp-json\/wp\/v2\/posts\/103417","targetHints":{"allow":["GET"]}}],"collection":[{"href":"https:\/\/www.europesays.com\/fi\/wp-json\/wp\/v2\/posts"}],"about":[{"href":"https:\/\/www.europesays.com\/fi\/wp-json\/wp\/v2\/types\/post"}],"author":[{"embeddable":true,"href":"https:\/\/www.europesays.com\/fi\/wp-json\/wp\/v2\/users\/2"}],"replies":[{"embeddable":true,"href":"https:\/\/www.europesays.com\/fi\/wp-json\/wp\/v2\/comments?post=103417"}],"version-history":[{"count":0,"href":"https:\/\/www.europesays.com\/fi\/wp-json\/wp\/v2\/posts\/103417\/revisions"}],"wp:featuredmedia":[{"embeddable":true,"href":"https:\/\/www.europesays.com\/fi\/wp-json\/wp\/v2\/media\/103418"}],"wp:attachment":[{"href":"https:\/\/www.europesays.com\/fi\/wp-json\/wp\/v2\/media?parent=103417"}],"wp:term":[{"taxonomy":"category","embeddable":true,"href":"https:\/\/www.europesays.com\/fi\/wp-json\/wp\/v2\/categories?post=103417"},{"taxonomy":"post_tag","embeddable":true,"href":"https:\/\/www.europesays.com\/fi\/wp-json\/wp\/v2\/tags?post=103417"}],"curies":[{"name":"wp","href":"https:\/\/api.w.org\/{rel}","templated":true}]}}