{"id":103419,"date":"2025-11-29T20:20:15","date_gmt":"2025-11-29T20:20:15","guid":{"rendered":"https:\/\/www.europesays.com\/fi\/103419\/"},"modified":"2025-11-29T20:20:15","modified_gmt":"2025-11-29T20:20:15","slug":"pehtoori-terho-hakkinen-umpirehellisena-tama-on-julkkisten-inhokki-farmilla","status":"publish","type":"post","link":"https:\/\/www.europesays.com\/fi\/103419\/","title":{"rendered":"Pehtoori Terho H\u00e4kkinen umpirehellisen\u00e4 &#8211; T\u00e4m\u00e4 on julkkisten inhokki Farmilla!"},"content":{"rendered":"<p>  <a href=\"https:\/\/www.suomi24.fi\/viihde\/l\/pehtoori-terho-hakkinen-umpirehellisena-tama-on-julkkisten-inhokki-farmilla-5452-1.webp\" rel=\"nofollow noopener\" target=\"_blank\"><img decoding=\"async\" src=\"https:\/\/www.europesays.com\/fi\/wp-content\/uploads\/2025\/11\/pehtoori-terho-hakkinen-umpirehellisena-tama-on-julkkisten-inhokki-farmilla-5452-1.webp.webp\" alt=\"Farmi Suomi\" loading=\"lazy\"\/><\/a>Terho H\u00e4kkinen, kuva: Suomi24 Viihde<\/p>\n<p>Farmi Suomi -realityss\u00e4 julkkikset asuvat Pieks\u00e4m\u00e4en l\u00e4hell\u00e4 maatilalla ilman nykyajan mukavuuksia. S\u00e4\u00e4nn\u00f6llisesti tiluksille karauttaa traktorilla pehtoori <strong>Terho H\u00e4kkinen<\/strong>, joka antaa teht\u00e4v\u00e4ksi maatilan hommia. Jos hommat on tehty asiallisesti, farmilaiset saavat palkinnoksi esim. saunan k\u00e4ytt\u00f6oikeuden illaksi tai ruokatarpeita.<\/p>\n<p>Olet saanut varmasti julkisuutta ohjelman my\u00f6t\u00e4 ja ihmiset tunnistavat sinut. Miten julkisuus on vaikuttanut el\u00e4m\u00e4\u00e4si?<\/p>\n<p>-Nyt on tullut v\u00e4h\u00e4n sit\u00e4kin. Ei ole tullut mit\u00e4\u00e4n negatiivista vastaan. Pit\u00e4\u00e4 koputtaa varmaan puuta. En ole netiss\u00e4k\u00e4\u00e4n t\u00f6rm\u00e4nnyt mihink\u00e4\u00e4n negatiiviseen. El\u00e4m\u00e4n kokemustakin on jo v\u00e4h\u00e4n kertonut, tiet\u00e4\u00e4, mik\u00e4 on.<\/p>\n<p>-Se on tuonut n\u00e4kyvyytt\u00e4, ihmiset tulee kadulla ja muutenkin juttelemaan. Se on ok, ei ole mulle mik\u00e4\u00e4n ongelma. Toimin erilaisten ihmisten kanssa t\u00f6iss\u00e4kin, H\u00e4kkinen kertoo.<\/p>\n<p><a href=\"https:\/\/www.suomi24.fi\/viihde\/l\/pehtoori-terho-hakkinen-umpirehellisena-tama-on-julkkisten-inhokki-farmilla-5452-2.webp\" rel=\"nofollow noopener\" target=\"_blank\"><img decoding=\"async\" src=\"https:\/\/www.europesays.com\/fi\/wp-content\/uploads\/2025\/11\/pehtoori-terho-hakkinen-umpirehellisena-tama-on-julkkisten-inhokki-farmilla-5452-2.webp.webp\" alt=\"Farmi Suomi\" loading=\"lazy\"\/><\/a>Pehtoori karauttaa Farmille Massey Ferguson -merkkisell\u00e4 vanhalla traktorilla. Kuva Alpertti Rieskj\u00e4rvi, Nelonen<\/p>\n<p>Onko joku asia Farmille tulevissa julkkiksissa ihmetytt\u00e4nyt vai ovatko ihan tavallisia ihmisi\u00e4?<\/p>\n<p>-Ihan tavallisia ovat. Oikeastaan tuolla sen huomaa, ett\u00e4 he ovat todella tavallisia, H\u00e4kkinen toteaa.<\/p>\n<p>Kaikkina vuosina, kun olet ollut pehtoorina, niin onko joku maatilan askare osoittautunut erityisen hankalaksi julkkiksille?<\/p>\n<p>-Onhan niit\u00e4 paljonkin. Mutta jos ollaan mets\u00e4ss\u00e4 paljon, niin \u00f6t\u00f6k\u00f6it\u00e4 oli paljon. Se tuntui olevan aika tuskaista ty\u00f6t\u00e4, pehtoori paljastaa.<\/p>\n<p><a href=\"https:\/\/www.suomi24.fi\/viihde\/l\/pehtoori-terho-hakkinen-umpirehellisena-tama-on-julkkisten-inhokki-farmilla-5452-3.webp\" rel=\"nofollow noopener\" target=\"_blank\"><img decoding=\"async\" src=\"https:\/\/www.europesays.com\/fi\/wp-content\/uploads\/2025\/11\/pehtoori-terho-hakkinen-umpirehellisena-tama-on-julkkisten-inhokki-farmilla-5452-3.webp.webp\" alt=\"Farmi Suomi\" loading=\"lazy\"\/><\/a>Farmi Suomi -ohjelmaa juontaa Susanna Laine, kuva: Suomi24 Viihde<\/p>\n<p>Farmi Suomi uusi kausi on kuvattu ja mukana uudella, 8. kaudella ovat junttidiskon kuningas <strong>Frederik<\/strong>, kuntovalmentaja <strong>Jucci Hellstr\u00f6m<\/strong>, hyvinvointivaikuttaja <strong>Kirsi Salo<\/strong>, kirjailija <strong>Henriikka R\u00f6nkk\u00f6nen<\/strong>, <strong>K\u00e4\u00e4rij\u00e4n <\/strong>rinnalla <strong>H\u00e4\u00e4rij\u00e4n\u00e4 <\/strong>tutuksi tullut taiteilija <strong>Tomi H\u00e4pp\u00f6l\u00e4<\/strong>, tatuointitaiteilija <strong>K\u00e4tlin Malm<\/strong>, somevaikuttaja <strong>Janne Naakka<\/strong>, somet\u00e4hti <strong>Anne-Mari \u201dAmskidabamski\u201d Tarkkio<\/strong>, kuvataiteilija <strong>Riiko Sakkinen<\/strong>, muodin sekaty\u00f6l\u00e4inen ja r\u00e4pp\u00e4ri <strong>Sini Sabotage<\/strong>, yritt\u00e4j\u00e4 <strong>Noriko Salo<\/strong>, poliitikko <strong>Joonas K\u00f6ntt\u00e4<\/strong>, <strong>Kwan<\/strong>-yhtyeest\u00e4 tuttu <strong>Tidj\u00e2n Ba<\/strong> sek\u00e4 TikTokista tuttu \u201dSuomen Gossip Girl\u201d<strong> Jannica Nordberg<\/strong>.<\/p>\n<p><a href=\"https:\/\/www.suomi24.fi\/viihde\/l\/pehtoori-terho-hakkinen-umpirehellisena-tama-on-julkkisten-inhokki-farmilla-5452-4.webp\" rel=\"nofollow noopener\" target=\"_blank\"><img decoding=\"async\" src=\"https:\/\/www.europesays.com\/fi\/wp-content\/uploads\/2025\/11\/pehtoori-terho-hakkinen-umpirehellisena-tama-on-julkkisten-inhokki-farmilla-5452-4.webp.webp\" alt=\"Farmi Suomi\" loading=\"lazy\"\/><\/a>Farmi Suomi -kisaajat uudella 8. kaudella. Kuva: Nelonen<\/p>\n<p>Farmi Suomen 8. kausi n\u00e4hd\u00e4\u00e4n Nelosella ja Ruudussa 2026.<\/p>\n<p>Farmi Suomi ruutu.fi<\/p>\n<p><a href=\"https:\/\/www.telsu.fi\/\" rel=\"noopener noreferrer nofollow\" target=\"_blank\">Katso lis\u00e4\u00e4 ohjelma-aikoja Telsu.fi<\/a><\/p>\n","protected":false},"excerpt":{"rendered":"Terho H\u00e4kkinen, kuva: Suomi24 Viihde Farmi Suomi -realityss\u00e4 julkkikset asuvat Pieks\u00e4m\u00e4en l\u00e4hell\u00e4 maatilalla ilman nykyajan mukavuuksia. S\u00e4\u00e4nn\u00f6llisesti tiluksille&hellip;\n","protected":false},"author":2,"featured_media":103420,"comment_status":"","ping_status":"","sticky":false,"template":"","format":"standard","meta":{"footnotes":""},"categories":[133],"tags":[137,33,31,30,32,206,156,109],"class_list":{"0":"post-103419","1":"post","2":"type-post","3":"status-publish","4":"format-standard","5":"has-post-thumbnail","7":"category-televisiot","8":"tag-entertainment","9":"tag-fi","10":"tag-finland","11":"tag-finnish","12":"tag-suomi","13":"tag-televisiot","14":"tag-tv","15":"tag-viihde"},"share_on_mastodon":{"url":"https:\/\/pubeurope.com\/@fi\/115634846293416516","error":""},"_links":{"self":[{"href":"https:\/\/www.europesays.com\/fi\/wp-json\/wp\/v2\/posts\/103419","targetHints":{"allow":["GET"]}}],"collection":[{"href":"https:\/\/www.europesays.com\/fi\/wp-json\/wp\/v2\/posts"}],"about":[{"href":"https:\/\/www.europesays.com\/fi\/wp-json\/wp\/v2\/types\/post"}],"author":[{"embeddable":true,"href":"https:\/\/www.europesays.com\/fi\/wp-json\/wp\/v2\/users\/2"}],"replies":[{"embeddable":true,"href":"https:\/\/www.europesays.com\/fi\/wp-json\/wp\/v2\/comments?post=103419"}],"version-history":[{"count":0,"href":"https:\/\/www.europesays.com\/fi\/wp-json\/wp\/v2\/posts\/103419\/revisions"}],"wp:featuredmedia":[{"embeddable":true,"href":"https:\/\/www.europesays.com\/fi\/wp-json\/wp\/v2\/media\/103420"}],"wp:attachment":[{"href":"https:\/\/www.europesays.com\/fi\/wp-json\/wp\/v2\/media?parent=103419"}],"wp:term":[{"taxonomy":"category","embeddable":true,"href":"https:\/\/www.europesays.com\/fi\/wp-json\/wp\/v2\/categories?post=103419"},{"taxonomy":"post_tag","embeddable":true,"href":"https:\/\/www.europesays.com\/fi\/wp-json\/wp\/v2\/tags?post=103419"}],"curies":[{"name":"wp","href":"https:\/\/api.w.org\/{rel}","templated":true}]}}