{"id":103425,"date":"2025-11-29T20:28:10","date_gmt":"2025-11-29T20:28:10","guid":{"rendered":"https:\/\/www.europesays.com\/fi\/103425\/"},"modified":"2025-11-29T20:28:10","modified_gmt":"2025-11-29T20:28:10","slug":"nama-luvut-sen-kertovat-suomi-on-taas-taantumassa","status":"publish","type":"post","link":"https:\/\/www.europesays.com\/fi\/103425\/","title":{"rendered":"N\u00e4m\u00e4 luvut sen kertovat: Suomi on taas taantumassa"},"content":{"rendered":"<p>Pahimmassa tapauksessa edess\u00e4 voi olla useamman vuoden kest\u00e4v\u00e4 ep\u00e4varmuuden kausi, arvioi ekonomisti.<\/p>\n<p>Lue tiivistelm\u00e4<\/p>\n<p>Tiivistelm\u00e4 on teko\u00e4lyn tekem\u00e4 ja ihmisen tarkistama.<\/p>\n<p class=\"article-body mb-nof-24 px-nof-16 sndp-summary-bullet-point-font\">Suomen talous on taantumassa, koska bruttokansantuote on supistunut kahden per\u00e4kk\u00e4isen nelj\u00e4nneksen ajan.<\/p>\n<p class=\"article-body mb-nof-24 px-nof-16 sndp-summary-bullet-point-font\">Tilastokeskuksen mukaan bruttokansantuote supistui hein\u00e4-syyskuussa 0,3 prosenttia ja huhti-kes\u00e4kuussa 0,2 prosenttia.<\/p>\n<p class=\"article-body mb-nof-24 px-nof-16 sndp-summary-bullet-point-font\">Palvelualojen ty\u00f6nantajaj\u00e4rjest\u00f6 Paltan p\u00e4\u00e4ekonomisti Martti Pyk\u00e4ri sanoo, ett\u00e4 koko vuosi 2025 tulee j\u00e4\u00e4m\u00e4\u00e4n nollakasvun vuodeksi.<\/p>\n<p class=\"article-body mb-nof-24 px-nof-16 sndp-summary-bullet-point-font\">Talouden heikkoutta selitt\u00e4v\u00e4t kuluttajien ja yritysten ep\u00e4varmuus sek\u00e4 hallituksen leikkaukset.<\/p>\n<p class=\"article-body mb-nof-24 px-nof-16\">Suomen talous on taas taantumassa, vaikka talouskasvun piti j\u00e4lleen kerran olla nurkan takana.<\/p>\n<p class=\"article-body mb-nof-24 px-nof-16\">\u201dToiveet siit\u00e4, ett\u00e4 Suomen talouskasvu kiihtyisi loppuvuotta kohti, voidaan nyt lopullisesti haudata\u201d, sanoo p\u00e4\u00e4ekonomisti <a class=\"article-personlink\" href=\"https:\/\/www.aamulehti.fi\/haku\/?query=Martti%20Pyk%C3%A4ri\" rel=\"nofollow noopener\" target=\"_blank\">Martti Pyk\u00e4ri<\/a> Paltasta eli palvelualojen ty\u00f6nantajaj\u00e4rjest\u00f6st\u00e4.<\/p>\n<p class=\"article-body mb-nof-24 px-nof-16\">Jopa viime kes\u00e4n\u00e4, eli vain muutama kuukausi sitten, tehdyt ennusteet ovat osoittautuneet liian optimistisiksi. Syksy on ollut odotuksia heikompi.<\/p>\n<p class=\"article-body mb-nof-24 px-nof-16\">T\u00e4m\u00e4 tarkoittaa sit\u00e4, ett\u00e4 koko vuosi 2025 tulee j\u00e4\u00e4m\u00e4\u00e4n nollakasvun vuodeksi, eli paljon odotuksia heikommaksi. My\u00f6s ensi vuoden kasvuennusteita on j\u00e4lleen vedett\u00e4v\u00e4 alasp\u00e4in, Pyk\u00e4ri arvioi.<\/p>\n<p class=\"article-body mb-nof-24 px-nof-16\">Uusimman pettymyksen takana ovat Tilastokeskuksen perjantaina julkistamat tiedot. Ne kertovat, ett\u00e4 Suomen <a class=\"article-genericlink\" href=\"https:\/\/www.hs.fi\/talous\/art-2000011656405.html\" rel=\"nofollow noopener\" target=\"_blank\">bruttokansantuote (bkt) on supistunut<\/a> nyt kahden per\u00e4kk\u00e4isen vuosinelj\u00e4nneksen ajan. T\u00e4m\u00e4 t\u00e4ytt\u00e4\u00e4 taantuman m\u00e4\u00e4ritelm\u00e4n.<\/p>\n<p class=\"article-body mb-nof-24 px-nof-16\">Edellisen kerran taantumassa oltiin syksyll\u00e4 2023.<\/p>\n<p class=\"article-body mb-nof-24 px-nof-16\">Tuoreet luvut kertovat, ett\u00e4 hein\u00e4\u2013syyskuussa bkt supistui 0,3 prosenttia edellisnelj\u00e4nnekseen verrattuna ja huhti\u2013kes\u00e4kuussa miinusta tuli 0,2 prosenttia. Vuoden ensimm\u00e4inen nelj\u00e4nnes j\u00e4i nollille.<\/p>\n<p class=\"article-body mb-nof-24 px-nof-16\">Aiemmin kasvun on ennustettu ylt\u00e4v\u00e4n t\u00e4n\u00e4 vuonna v\u00e4hint\u00e4\u00e4n puoleen prosenttiin tai enimmill\u00e4\u00e4n jopa yhteen prosenttiin. Ensi vuoden keskim\u00e4\u00e4r\u00e4iseksi kasvuksi on ennustettu keskim\u00e4\u00e4rin 1,5 prosenttia.<\/p>\n<p class=\"article-body mb-nof-24 px-nof-16\">Nyt tiedet\u00e4\u00e4n, ett\u00e4 suunta on ollut koko ajan alasp\u00e4in, Pyk\u00e4ri sanoo.<\/p>\n<p class=\"article-body mb-nof-24 px-nof-16\">Sin\u00e4ns\u00e4 ennusteiden pett\u00e4minen ei ole yll\u00e4tys, sill\u00e4 niin on k\u00e4ynyt jo useampana vuonna.<\/p>\n<p class=\"article-body mb-nof-24 px-nof-16\">T\u00e4m\u00e4n vuoden osalta suuntaa ei Pyk\u00e4rin mukaan en\u00e4\u00e4 pystyt\u00e4 k\u00e4\u00e4nt\u00e4m\u00e4\u00e4n paremmaksi. N\u00e4in siksi, ett\u00e4 mitk\u00e4\u00e4n merkit eiv\u00e4t kerro, ett\u00e4 lokakuu ja marraskuu olisivat olleet jotenkin erityisen vahvoja ja k\u00e4\u00e4nt\u00e4isiv\u00e4t talouden kasvuun.<\/p>\n<p class=\"article-body mb-nof-24 px-nof-16\">Pyk\u00e4ri ei kuitenkaan usko, ett\u00e4 tilanne heikkenisi en\u00e4\u00e4 lis\u00e4\u00e4 nykyisest\u00e4.<\/p>\n<p class=\"article-body mb-nof-24 px-nof-16\">Danske Bankin yksityistalouden ekonomisti <a class=\"article-personlink\" href=\"https:\/\/www.aamulehti.fi\/haku\/?query=Kaisa%20Kivipelto\" rel=\"nofollow noopener\" target=\"_blank\">Kaisa Kivipelto <\/a>puolestaan arvioi, ett\u00e4 prosentin kymmenyksill\u00e4 ei ole isoa merkityst\u00e4 talouden ison kuvan kannalta.<\/p>\n<p class=\"article-body mb-nof-24 px-nof-16\">\u201dKasvun siemenet on jo kylvetty\u201d, Kivipelto sanoo.<\/p>\n<p class=\"article-body mb-nof-24 px-nof-16\">Aiemmin Suomessa on odotettu k\u00e4\u00e4nteen koittavan, kun vienti l\u00e4htee vet\u00e4m\u00e4\u00e4n. Nykytilanne todistaa, ett\u00e4 se ei yksin riit\u00e4.<\/p>\n<p class=\"article-body mb-nof-24 px-nof-16\">Pyk\u00e4ri muistuttaa, ett\u00e4 vienti on kasvanut jo vuoden 2024 alusta l\u00e4htien noin 3\u20135 prosenttia.<\/p>\n<p class=\"article-body mb-nof-24 px-nof-16\">Pelkk\u00e4 viennin kasvu ei riit\u00e4 k\u00e4\u00e4nt\u00e4m\u00e4\u00e4n Suomen taloutta siksi, ett\u00e4 viennin kotimaisen arvonlis\u00e4n osuus Suomen bruttokansantuotteesta on vain noin 25 prosenttia.<\/p>\n<p class=\"article-body mb-nof-24 px-nof-16\">Loput tulee kotimaisesta kysynn\u00e4st\u00e4, ja sen tilanne on heikko.<\/p>\n<p class=\"article-body mb-nof-24 px-nof-16\">T\u00e4m\u00e4 n\u00e4kyy my\u00f6s ty\u00f6llisyydess\u00e4. Per\u00e4ti noin 80 prosenttia ty\u00f6paikoista on Pyk\u00e4rin mukaan riippuvaisia kotimaisesta kysynn\u00e4st\u00e4.<\/p>\n<p class=\"article-body mb-nof-24 px-nof-16\">Eniten Suomen taloutta painaa nyt kuluttajien ja suomalaisten yritysten ep\u00e4varmuus. Rahat eiv\u00e4t riit\u00e4 ostoksiin tai investointeihin, tai vaikka riitt\u00e4isiv\u00e4tkin, niit\u00e4 ei uskalleta k\u00e4ytt\u00e4\u00e4. T\u00e4m\u00e4 on ollut tilanne jo pidemm\u00e4n aikaa.<\/p>\n<p class=\"article-body mb-nof-24 px-nof-16\">My\u00f6s hallituksen tekem\u00e4t leikkaukset ja muut sopeutustoimet n\u00e4kyv\u00e4t heikoissa kasvuluvuissa. Eik\u00e4 kyse ole pelk\u00e4st\u00e4\u00e4n siit\u00e4, ett\u00e4 s\u00e4\u00e4st\u00f6toimien kohteeksi joutuneet kuluttajat ovat v\u00e4hent\u00e4neet kulutustaan.<\/p>\n<p class=\"article-body mb-nof-24 px-nof-16\">Hallituksen s\u00e4\u00e4st\u00f6toimet ovat v\u00e4hent\u00e4neet my\u00f6s julkista kulutusta ja julkisia investointeja. Niit\u00e4kin on pit\u00e4nyt sopeuttaa. Aiemmin niiden kasvu on n\u00e4kynyt talouden kasvuna.<\/p>\n<p class=\"article-body mb-nof-24 px-nof-16\">Niiden sijasta on t\u00e4n\u00e4 syksyn\u00e4 n\u00e4hty pienenpient\u00e4 kasvua yksityisiss\u00e4 investoinneissa ja yksityisess\u00e4 kulutuksessa. Kyse on kuitenkin vain muutaman prosenttiyksik\u00f6n kymmenyksen kasvusta. <\/p>\n<p class=\"article-body mb-nof-24 px-nof-16\"> Jos talouden halutaan kasvavan prosentin verran, pit\u00e4isi yksityisen kulutuksen kasvaa kaksi prosenttia, Pyk\u00e4ri havainnollistaa.<\/p>\n<p class=\"article-body mb-nof-24 px-nof-16\">Voiko ensi vuodestakin tulla pettymys ja k\u00e4\u00e4nne lykk\u00e4\u00e4nty\u00e4 edelleen?<\/p>\n<p class=\"article-body mb-nof-24 px-nof-16\">Kivipelto on optimisti. H\u00e4n uskoo, ett\u00e4 ensi vuonna talous k\u00e4\u00e4ntyy kasvuun.<\/p>\n<p class=\"article-body mb-nof-24 px-nof-16\">Korkojen lasku ja ostovoiman kasvu alkavat v\u00e4hitellen auttaa kuluttajia hellitt\u00e4m\u00e4\u00e4n kukkaronny\u00f6rej\u00e4\u00e4n, h\u00e4n ennakoi. <\/p>\n<p class=\"article-body mb-nof-24 px-nof-16\">My\u00f6s teollisuudesta on hyvi\u00e4 merkkej\u00e4, ja rakentamisenkin Kivipelto ennakoi vauhdittuvan ensi vuoden lopussa.<\/p>\n<p class=\"article-body mb-nof-24 px-nof-16\">My\u00f6sk\u00e4\u00e4n Pyk\u00e4ri ei ole viel\u00e4 valmis heitt\u00e4m\u00e4\u00e4n rukkasia naulaan. On mahdollista, ett\u00e4 korkojen ja inflaation lasku ja palkankorotukset alkavat vihdoin n\u00e4ky\u00e4 heikon suhdanteen vahvistumisena.<\/p>\n<p class=\"article-body mb-nof-24 px-nof-16\">Mutta on my\u00f6s hyvin mahdollista, ett\u00e4 niin ei k\u00e4y. Kyseess\u00e4 voi h\u00e4nen mukaansa olla rakenteellinen ja pitk\u00e4kestoisempi muutos, jolloin yksityinen kulutus ei palaudukaan kuten normaalissa suhdannek\u00e4\u00e4nteess\u00e4 vaan s\u00e4\u00e4st\u00e4minen jatkuu.<\/p>\n","protected":false},"excerpt":{"rendered":"Pahimmassa tapauksessa edess\u00e4 voi olla useamman vuoden kest\u00e4v\u00e4 ep\u00e4varmuuden kausi, arvioi ekonomisti. Lue tiivistelm\u00e4 Tiivistelm\u00e4 on teko\u00e4lyn tekem\u00e4&hellip;\n","protected":false},"author":2,"featured_media":103426,"comment_status":"","ping_status":"","sticky":false,"template":"","format":"standard","meta":{"footnotes":""},"categories":[76],"tags":[157,79,77,33,31,30,32,78],"class_list":{"0":"post-103425","1":"post","2":"type-post","3":"status-publish","4":"format-standard","5":"has-post-thumbnail","7":"category-talous","8":"tag-aamulehti","9":"tag-business","10":"tag-economy","11":"tag-fi","12":"tag-finland","13":"tag-finnish","14":"tag-suomi","15":"tag-talous"},"share_on_mastodon":{"url":"https:\/\/pubeurope.com\/@fi\/115634877560683861","error":""},"_links":{"self":[{"href":"https:\/\/www.europesays.com\/fi\/wp-json\/wp\/v2\/posts\/103425","targetHints":{"allow":["GET"]}}],"collection":[{"href":"https:\/\/www.europesays.com\/fi\/wp-json\/wp\/v2\/posts"}],"about":[{"href":"https:\/\/www.europesays.com\/fi\/wp-json\/wp\/v2\/types\/post"}],"author":[{"embeddable":true,"href":"https:\/\/www.europesays.com\/fi\/wp-json\/wp\/v2\/users\/2"}],"replies":[{"embeddable":true,"href":"https:\/\/www.europesays.com\/fi\/wp-json\/wp\/v2\/comments?post=103425"}],"version-history":[{"count":0,"href":"https:\/\/www.europesays.com\/fi\/wp-json\/wp\/v2\/posts\/103425\/revisions"}],"wp:featuredmedia":[{"embeddable":true,"href":"https:\/\/www.europesays.com\/fi\/wp-json\/wp\/v2\/media\/103426"}],"wp:attachment":[{"href":"https:\/\/www.europesays.com\/fi\/wp-json\/wp\/v2\/media?parent=103425"}],"wp:term":[{"taxonomy":"category","embeddable":true,"href":"https:\/\/www.europesays.com\/fi\/wp-json\/wp\/v2\/categories?post=103425"},{"taxonomy":"post_tag","embeddable":true,"href":"https:\/\/www.europesays.com\/fi\/wp-json\/wp\/v2\/tags?post=103425"}],"curies":[{"name":"wp","href":"https:\/\/api.w.org\/{rel}","templated":true}]}}