{"id":103432,"date":"2025-11-29T20:43:12","date_gmt":"2025-11-29T20:43:12","guid":{"rendered":"https:\/\/www.europesays.com\/fi\/103432\/"},"modified":"2025-11-29T20:43:12","modified_gmt":"2025-11-29T20:43:12","slug":"jessica-alba-otti-aurinkoa-rannalla-uusi-poikaystava-seurana-stara-fi","status":"publish","type":"post","link":"https:\/\/www.europesays.com\/fi\/103432\/","title":{"rendered":"Jessica Alba otti aurinkoa rannalla \u2013 uusi poikayst\u00e4v\u00e4 seurana \u2013 Stara.fi"},"content":{"rendered":"<p>Jessica Alba on koko viime kes\u00e4n julkaissut upeita lomakuvia, joissa n\u00e4hd\u00e4\u00e4n miten t\u00e4hti on nauttinut kes\u00e4st\u00e4 ja vapaa-ajastaan ja hulppeista lomamatkoista. Syksyn alussa h\u00e4n totesi, ett\u00e4 nyt lomap\u00e4ivitykset loppuvat ja arki alkaa. Nainen on kuitenkin pit\u00e4nyt huolta, ett\u00e4 h\u00e4nen arkeensa on mahtunut paljon matkoja rantalomakohteisiin.<\/p>\n<p>Jessica Alba teki nyt laajan kuvap\u00e4ivityksen, jossa h\u00e4net n\u00e4hd\u00e4\u00e4n niin t\u00f6iss\u00e4 kuin vapaa-ajallakin. Ensimm\u00e4isess\u00e4 kuvassa t\u00e4hti poseeraa kolmen lapsensa, Honorin, Havenin sek\u00e4 Hayesin, kanssa.<\/p>\n<p>\u2013 Kiitollisin olen n\u00e4ist\u00e4 kolmesta pienest\u00e4 sielusta, jotka tekev\u00e4t maailmastani kirkkaamman joka p\u00e4iv\u00e4. Minun vauvani, minun kaikkeni, Jessica Alba kirjoitti kuvatekstiss\u00e4\u00e4n.<\/p>\n<p>Kuvasarja jatkuu otoksilla, joissa n\u00e4hd\u00e4\u00e4n my\u00f6s Jessica Alban yst\u00e4vi\u00e4 erilaisten juhlien ja illanviettojen merkeiss\u00e4. Kollaasin loppupuolella on n\u00e4ytt\u00e4v\u00e4 kuva, jossa Alba seisoo miehen kanssa kauniilla hiekkarannalla ja on menossa uimaan. He pit\u00e4v\u00e4t toisistaan kiinni ja mit\u00e4 ilmeisimmin kyseess\u00e4 on t\u00e4hden tuore poikayst\u00e4v\u00e4 Danny Ramirez.<\/p>\n<p>Kes\u00e4n lopulla uutisoitiin, ett\u00e4 44-vuotias Jessica Alba on alkanut seurustelemaan Captain America: Brave New World -elokuvassa n\u00e4yttelev\u00e4n 32-vuotiaan Danny Ramirezin kanssa. Vasta viime aikoina Alba on alkanut lis\u00e4\u00e4m\u00e4\u00e4n sosiaaliseen mediaan kuvia h\u00e4nen uudesta rakkaastaan.<\/p>\n<p>N\u00e4yttelij\u00e4 Jessica Alba erosi juuri ennen kes\u00e4n alkua aviomiehest\u00e4\u00e4n Cash Warrenista, jonka kanssa h\u00e4n oli ollut naimisissa 16 vuotta. Yhdess\u00e4 he olivat olleet yli 20 vuotta. Eron j\u00e4lkeen nainen on keskittynyt omaan hyvinvointiinsa, urheiluun, meditointiin, yst\u00e4viin ja lasten kanssa laatuajan viett\u00e4miseen.<\/p>\n<blockquote class=\"instagram-media\" data-instgrm-captioned=\"\" data-instgrm-permalink=\"https:\/\/www.instagram.com\/p\/DRlMXNpD1jg\/?utm_source=ig_embed&amp;utm_campaign=loading\" data-instgrm-version=\"14\" style=\" background:#FFF; border:0; border-radius:3px; box-shadow:0 0 1px 0 rgba(0,0,0,0.5),0 1px 10px 0 rgba(0,0,0,0.15); margin: 1px; max-width:540px; min-width:326px; padding:0; width:99.375%; width:-webkit-calc(100% - 2px); width:calc(100% - 2px);\">\n<\/blockquote>\n<p>\n\t\t\t\tVoit lukea Starassa my\u00f6s lis\u00e4\u00e4 t\u00e4h\u00e4n kyseiseen artikkeliin liittyvist\u00e4 aiheista, kuten <a href=\"https:\/\/www.stara.fi\/asiasanat\/jessica-alba\/\" rel=\"tag nofollow noopener\" target=\"_blank\">Jessica Alba<\/a> tai laajemmin aihealueesta <a href=\"https:\/\/www.stara.fi\/category\/viihdeuutiset\/\" rel=\"category tag nofollow noopener\" target=\"_blank\">Viihdeuutiset<\/a>.\n\t\t\t<\/p>\n<p>\t\t\t\t\t<script async src=\"\/\/www.instagram.com\/embed.js\"><\/script><\/p>\n","protected":false},"excerpt":{"rendered":"Jessica Alba on koko viime kes\u00e4n julkaissut upeita lomakuvia, joissa n\u00e4hd\u00e4\u00e4n miten t\u00e4hti on nauttinut kes\u00e4st\u00e4 ja vapaa-ajastaan&hellip;\n","protected":false},"author":2,"featured_media":84168,"comment_status":"","ping_status":"","sticky":false,"template":"","format":"standard","meta":{"footnotes":""},"categories":[136],"tags":[407,137,33,31,30,408,32,109],"class_list":{"0":"post-103432","1":"post","2":"type-post","3":"status-publish","4":"format-standard","5":"has-post-thumbnail","7":"category-julkkikset","8":"tag-celebrities","9":"tag-entertainment","10":"tag-fi","11":"tag-finland","12":"tag-finnish","13":"tag-julkkikset","14":"tag-suomi","15":"tag-viihde"},"share_on_mastodon":{"url":"https:\/\/pubeurope.com\/@fi\/115634936432268881","error":""},"_links":{"self":[{"href":"https:\/\/www.europesays.com\/fi\/wp-json\/wp\/v2\/posts\/103432","targetHints":{"allow":["GET"]}}],"collection":[{"href":"https:\/\/www.europesays.com\/fi\/wp-json\/wp\/v2\/posts"}],"about":[{"href":"https:\/\/www.europesays.com\/fi\/wp-json\/wp\/v2\/types\/post"}],"author":[{"embeddable":true,"href":"https:\/\/www.europesays.com\/fi\/wp-json\/wp\/v2\/users\/2"}],"replies":[{"embeddable":true,"href":"https:\/\/www.europesays.com\/fi\/wp-json\/wp\/v2\/comments?post=103432"}],"version-history":[{"count":0,"href":"https:\/\/www.europesays.com\/fi\/wp-json\/wp\/v2\/posts\/103432\/revisions"}],"wp:featuredmedia":[{"embeddable":true,"href":"https:\/\/www.europesays.com\/fi\/wp-json\/wp\/v2\/media\/84168"}],"wp:attachment":[{"href":"https:\/\/www.europesays.com\/fi\/wp-json\/wp\/v2\/media?parent=103432"}],"wp:term":[{"taxonomy":"category","embeddable":true,"href":"https:\/\/www.europesays.com\/fi\/wp-json\/wp\/v2\/categories?post=103432"},{"taxonomy":"post_tag","embeddable":true,"href":"https:\/\/www.europesays.com\/fi\/wp-json\/wp\/v2\/tags?post=103432"}],"curies":[{"name":"wp","href":"https:\/\/api.w.org\/{rel}","templated":true}]}}