{"id":103460,"date":"2025-11-29T21:22:10","date_gmt":"2025-11-29T21:22:10","guid":{"rendered":"https:\/\/www.europesays.com\/fi\/103460\/"},"modified":"2025-11-29T21:22:10","modified_gmt":"2025-11-29T21:22:10","slug":"silminnakija-kauhun-hetkista-vantaan-onnettomuuspaikalla-kuin-pommi-olisi-rajahtanyt","status":"publish","type":"post","link":"https:\/\/www.europesays.com\/fi\/103460\/","title":{"rendered":"Silminn\u00e4kij\u00e4 kauhun hetkist\u00e4 Vantaan onnettomuuspaikalla: Kuin pommi olisi r\u00e4j\u00e4ht\u00e4nyt"},"content":{"rendered":"<p>15-vuotias kuoli ravintolan terassille ajautuneen auton alle.<\/p>\n<p>Video: Jussi Eskola, Lukijan video<\/p>\n<p class=\"article-body mb-nof-24 px-nof-16\">Vantaan Tikkurilassa Grill House -ravintolan omistaja <a class=\"article-personlink\" href=\"https:\/\/www.is.fi\/haku\/?query=Hasan\" rel=\"nofollow noopener\" target=\"_blank\">Hasan<\/a> kertoo, ett\u00e4 kuuli pommin r\u00e4j\u00e4hdyst\u00e4 vastaavan \u00e4\u00e4nen. H\u00e4n l\u00e4hti ulos katsomaan, mit\u00e4 oli tapahtunut. Kaksi autoa oli t\u00f6rm\u00e4nnyt toisiinsa ja yksi loukkaantunut makasi maassa.<\/p>\n<p class=\"article-body mb-nof-24 px-nof-16\">\u2013Yksi tuli autosta ulos. Soitimme heti h\u00e4t\u00e4keskukseen., h\u00e4n kertoo.<\/p>\n<p class=\"article-body mb-nof-24 px-nof-16\">Lauantai-iltana kaksi autoa t\u00f6rm\u00e4si toisiinsa Talvikkitien ja Hernetien risteyksess\u00e4, mink\u00e4 j\u00e4lkeen toinen auto oli ajautunut Talvikkitiell\u00e4 sijaitsevan Grill House -ravintolan terassille.<\/p>\n<p><img decoding=\"async\" src=\"https:\/\/www.europesays.com\/fi\/wp-content\/uploads\/2025\/11\/1764451330_525_468.jpg\" alt=\"Auto osui Grill House -ravintolan terassiin.\" class=\"_Img_1rerz_1\" style=\"aspect-ratio:1.5\" loading=\"eager\"\/><\/p>\n<p class=\"article-picture-caption\">Auto osui Grill House -ravintolan terassiin. Kuva:\u00a0Jussi Eskola<\/p>\n<p class=\"article-body mb-nof-24 px-nof-16\">Terassilla oli onnettomuushetkell\u00e4 useita ihmisi\u00e4. Terassilla ollut 15-vuotias poika ei ehtinyt v\u00e4ist\u00e4\u00e4 autoa ja j\u00e4i terassille vy\u00f6ryneen auton alle. Uhria yritettiin elvytt\u00e4\u00e4, mutta h\u00e4n kuoli tapahtumapaikalle.<\/p>\n<p class=\"article-body mb-nof-24 px-nof-16\">Toinen nuori ehti v\u00e4ist\u00e4\u00e4 autoa hypp\u00e4\u00e4m\u00e4ll\u00e4 pois tielt\u00e4. Nuori ei loukkaantunut fyysisesti.<\/p>\n<p class=\"article-body mb-nof-24 px-nof-16\">Hasanin mukaan kaikki osalliset vaikuttivat nuorilta. H\u00e4n kertoo sis\u00e4ll\u00e4 olleiden asiakkaiden rynn\u00e4nneen ulos.<\/p>\n<p class=\"article-body mb-nof-24 px-nof-16\">\u2013\u2009Tosi kauhea tunnelma oli. Olen surullinen, kun n\u00e4in nuorelta n\u00e4ytt\u00e4v\u00e4n ihmisen loukkaantuneen. Ihan kauheaa.<\/p>\n<p class=\"article-body mb-nof-24 px-nof-16\">Ravintoloitsija kertoo, ett\u00e4 talvikaudeksi terassin p\u00f6yd\u00e4t ja tuolit oli raivattu pois, ja terassilla oli vain tolpat.<\/p>\n<p class=\"article-body mb-nof-24 px-nof-16\">\u2013\u2009Onneksi ei ollut enemp\u00e4\u00e4 ihmisi\u00e4 siin\u00e4.<\/p>\n<p><img decoding=\"async\" src=\"https:\/\/www.europesays.com\/fi\/wp-content\/uploads\/2025\/11\/1764451330_326_468.jpg\" alt=\"Terassilla ollut 15-vuotias poika ei ehtinyt v\u00e4ist\u00e4\u00e4 autoa ja j\u00e4i terassille vy\u00f6ryneen auton alle.\" class=\"_Img_1rerz_1\" style=\"aspect-ratio:1.5023474178403755\" loading=\"eager\"\/><\/p>\n<p class=\"article-picture-caption\">Terassilla ollut 15-vuotias poika ei ehtinyt v\u00e4ist\u00e4\u00e4 autoa ja j\u00e4i terassille vy\u00f6ryneen auton alle. Kuva:\u00a0Jussi Eskola<\/p>\n<p><img decoding=\"async\" src=\"https:\/\/www.europesays.com\/fi\/wp-content\/uploads\/2025\/11\/1764451330_510_468.jpg\" alt=\"\" class=\"_Img_1rerz_1\" style=\"aspect-ratio:1.5\" loading=\"eager\"\/><\/p>\n<p class=\"article-body mb-nof-24 px-nof-16\">Kun Ilta-Sanomien toimittaja saapui paikalle puoli kymmenen aikaan, tilannetta oli seuraamassa useita ihmisi\u00e4.<\/p>\n<p class=\"article-body mb-nof-24 px-nof-16\"><a class=\"article-personlink\" href=\"https:\/\/www.is.fi\/haku\/?query=Shqipton%20Lyytik%C3%A4inen-Krasniqi\" rel=\"nofollow noopener\" target=\"_blank\">Shqipton Lyytik\u00e4inen-Krasniqi<\/a> saapui tapahtumapaikalla noin yhdeks\u00e4n aikaan illalla.<\/p>\n<p class=\"article-body mb-nof-24 px-nof-16\">H\u00e4n kertoo, ett\u00e4 onnettomuuspaikalla tapahtui toinenkin t\u00f6rm\u00e4ys. Henkil\u00f6auton kuljettaja hidasti katsomaan, mit\u00e4 on tapahtunut. Sitten kuljettaja kiihdytti ja t\u00f6rm\u00e4si poliisiautoon.<\/p>\n<p class=\"article-body mb-nof-24 px-nof-16\">Pitserian terassiin ajautunut BMW hinattiin paikalta pois. Lyytik\u00e4inen-Krasniqi kuvailee, ett\u00e4 auton keula oli pahasti vaurioitunut.<\/p>\n<p class=\"article-body mb-nof-24 px-nof-16\">\u2013\u2009Aika hurjalta n\u00e4ytti. Ihan t\u00e4ysin romuna oli koko auto edest\u00e4, airbagit olivat pamahtaneet.<\/p>\n<p class=\"article-body mb-nof-24 px-nof-16\">Terassille suistunutta autoa kuljetti 22-vuotias mies. Poliisi on ottanut kuljettajan kiinni.<\/p>\n<p class=\"article-body mb-nof-24 px-nof-16\">Poliisi selvitt\u00e4\u00e4 tapahtumien kulkua ja kolarin syyt\u00e4. Alustavasti poliisi ep\u00e4ilee auton kuljettajaa t\u00f6rke\u00e4st\u00e4 liikenneturvallisuuden vaarantamisesta ja t\u00f6rke\u00e4st\u00e4 kuolemantuottamuksesta. Nimikkeet voivat t\u00e4smenty\u00e4 tutkinnan edetess\u00e4.<\/p>\n","protected":false},"excerpt":{"rendered":"15-vuotias kuoli ravintolan terassille ajautuneen auton alle. Video: Jussi Eskola, Lukijan video Vantaan Tikkurilassa Grill House -ravintolan omistaja&hellip;\n","protected":false},"author":2,"featured_media":103461,"comment_status":"","ping_status":"","sticky":false,"template":"","format":"standard","meta":{"footnotes":""},"categories":[12],"tags":[22,23,26,27,33,31,30,17,34,24,25,28,29,15,18,21,32,19,20,16],"class_list":{"0":"post-103460","1":"post","2":"type-post","3":"status-publish","4":"format-standard","5":"has-post-thumbnail","7":"category-suomi","8":"tag-breaking-news","9":"tag-breakingnews","10":"tag-featured-news","11":"tag-featurednews","12":"tag-fi","13":"tag-finland","14":"tag-finnish","15":"tag-headlines","16":"tag-ilta-sanomat","17":"tag-latest-news","18":"tag-latestnews","19":"tag-main-news","20":"tag-mainnews","21":"tag-news","22":"tag-otsikot","23":"tag-paauutiset","24":"tag-suomi","25":"tag-top-stories","26":"tag-topstories","27":"tag-uutiset"},"share_on_mastodon":{"url":"https:\/\/pubeurope.com\/@fi\/115635090041067316","error":""},"_links":{"self":[{"href":"https:\/\/www.europesays.com\/fi\/wp-json\/wp\/v2\/posts\/103460","targetHints":{"allow":["GET"]}}],"collection":[{"href":"https:\/\/www.europesays.com\/fi\/wp-json\/wp\/v2\/posts"}],"about":[{"href":"https:\/\/www.europesays.com\/fi\/wp-json\/wp\/v2\/types\/post"}],"author":[{"embeddable":true,"href":"https:\/\/www.europesays.com\/fi\/wp-json\/wp\/v2\/users\/2"}],"replies":[{"embeddable":true,"href":"https:\/\/www.europesays.com\/fi\/wp-json\/wp\/v2\/comments?post=103460"}],"version-history":[{"count":0,"href":"https:\/\/www.europesays.com\/fi\/wp-json\/wp\/v2\/posts\/103460\/revisions"}],"wp:featuredmedia":[{"embeddable":true,"href":"https:\/\/www.europesays.com\/fi\/wp-json\/wp\/v2\/media\/103461"}],"wp:attachment":[{"href":"https:\/\/www.europesays.com\/fi\/wp-json\/wp\/v2\/media?parent=103460"}],"wp:term":[{"taxonomy":"category","embeddable":true,"href":"https:\/\/www.europesays.com\/fi\/wp-json\/wp\/v2\/categories?post=103460"},{"taxonomy":"post_tag","embeddable":true,"href":"https:\/\/www.europesays.com\/fi\/wp-json\/wp\/v2\/tags?post=103460"}],"curies":[{"name":"wp","href":"https:\/\/api.w.org\/{rel}","templated":true}]}}